{"id":1058,"date":"2023-10-06T14:44:50","date_gmt":"2023-10-06T12:44:50","guid":{"rendered":"https:\/\/www.lafabriquedecharpe.fr\/blog\/?p=1058"},"modified":"2023-10-06T14:44:53","modified_gmt":"2023-10-06T12:44:53","slug":"idees-de-motifs-pour-echarpes-enfantines","status":"publish","type":"post","link":"https:\/\/www.lafabriquedecharpe.fr\/blog\/idees-de-motifs-pour-echarpes-enfantines\/","title":{"rendered":"Id\u00e9es de motifs pour \u00e9charpes enfantines"},"content":{"rendered":"\n<div style=\"height:30px\" aria-hidden=\"true\" class=\"wp-block-spacer\"><\/div>\n\n\n\n<p>Comme la mode f\u00e9minine et masculine, <strong>la mode enfant<\/strong> prend une place importante dans nos achats. Le pr\u00eat-\u00e0-porter ainsi cr\u00e9e de larges collections pour les enfants s&#8217;inspirant des d\u00e9fil\u00e9s Haute-Couture et des tendances de la saison. Les \u00e9charpes enfants doivent \u00eatre <strong>confortables et chaudes<\/strong> pour l&#8217;hiver et originales et cr\u00e9atives pour devenir des accessoires de mode \u00e0 assortir suivant les tenues. Quelles sont les id\u00e9es de motifs pour les \u00e9charpes enfants?  Il y a des motifs incontournables comme par exemple <strong>la petite licorne<\/strong> pour les filles ou <strong>les requins<\/strong> pour les gar\u00e7ons mais aussi des motifs plus cr\u00e9atifs s&#8217;inspirant des \u00e9charpes hommes ou femmes <\/p>\n\n\n\n<div style=\"height:30px\" aria-hidden=\"true\" class=\"wp-block-spacer\"><\/div>\n\n\n\n<h2 class=\"wp-block-heading\">Motifs enfants classiques et intemporels<\/h2>\n\n\n\n<div style=\"height:30px\" aria-hidden=\"true\" class=\"wp-block-spacer\"><\/div>\n\n\n\n<h3 class=\"wp-block-heading\">Les motifs de petits animaux :<\/h3>\n\n\n\n<div style=\"height:30px\" aria-hidden=\"true\" class=\"wp-block-spacer\"><\/div>\n\n\n\n<p>Pour les <strong>enfants de 4 \u00e0 7 ans <\/strong>, les motifs figuratifs repr\u00e9sentants des animaux aux couleurs vives sont tr\u00e8s populaires. Suivant les \u00e2ges, les sexes et les go\u00fbts, vous pouvez choisir les motifs qui conviennent le mieux. Requins, pandas et dinosaures sont les animaux les plus aim\u00e9s des enfants. La Fabrique d&#8217;\u00e9charpe a cr\u00e9\u00e9 une vaste collection d&#8217;<strong>\u00e9charpes snoods en coton BIO<\/strong> gratt\u00e9 d&#8217;une douceur incomparable. Tr\u00e8s facile \u00e0 enfiler, ils sont adapt\u00e9s pour les enfants de 3 \u00e0 10 ans. Vous pouvez <strong>personnaliser<\/strong> ce tour de cou par le pr\u00e9nom de votre enfant et cr\u00e9er ainsi un mod\u00e8le unique : votre propre \u00e9charpe en DIY. Tr\u00e8s pratique \u00e0 l&#8217;\u00e9cole ou chez la nounou pour le retrouver.<\/p>\n\n\n\n<div style=\"height:30px\" aria-hidden=\"true\" class=\"wp-block-spacer\"><\/div>\n\n\n\n<div class=\"wp-block-group is-layout-flow wp-block-group-is-layout-flow\"><div class=\"wp-block-group__inner-container\">\n<figure class=\"wp-block-gallery has-nested-images columns-default is-cropped wp-block-gallery-1 is-layout-flex wp-block-gallery-is-layout-flex\">\n<figure class=\"wp-block-image size-large\"><a href=\"https:\/\/www.lafabriquedecharpe.fr\/cat-les-echarpes-83.htm?pour=enfant&amp;matiere=coton-bio&amp;f=1&amp;pagenumber=2\"><img decoding=\"async\" width=\"600\" height=\"600\" src=\"https:\/\/www.lafabriquedecharpe.fr\/blog\/wp-content\/uploads\/2023\/10\/ar-echarpe-enfant-personnalisable-requin-1101_4501.png\" alt=\"\" class=\"wp-image-1075\" srcset=\"https:\/\/www.lafabriquedecharpe.fr\/blog\/wp-content\/uploads\/2023\/10\/ar-echarpe-enfant-personnalisable-requin-1101_4501.png 600w, https:\/\/www.lafabriquedecharpe.fr\/blog\/wp-content\/uploads\/2023\/10\/ar-echarpe-enfant-personnalisable-requin-1101_4501-300x300.png 300w, https:\/\/www.lafabriquedecharpe.fr\/blog\/wp-content\/uploads\/2023\/10\/ar-echarpe-enfant-personnalisable-requin-1101_4501-150x150.png 150w\" sizes=\"(max-width: 600px) 100vw, 600px\" \/><\/a><figcaption>motif Requin<\/figcaption><\/figure>\n\n\n\n<figure class=\"wp-block-image size-large\"><a href=\"https:\/\/www.lafabriquedecharpe.fr\/cat-les-echarpes-83.htm?pour=enfant&amp;matiere=coton-bio&amp;f=1&amp;pagenumber=2\"><img decoding=\"async\" width=\"600\" height=\"600\" src=\"https:\/\/www.lafabriquedecharpe.fr\/blog\/wp-content\/uploads\/2023\/10\/ar-echarpe-enfant-personnalisable-panda-1320_4531.png\" alt=\"\" class=\"wp-image-1076\" srcset=\"https:\/\/www.lafabriquedecharpe.fr\/blog\/wp-content\/uploads\/2023\/10\/ar-echarpe-enfant-personnalisable-panda-1320_4531.png 600w, https:\/\/www.lafabriquedecharpe.fr\/blog\/wp-content\/uploads\/2023\/10\/ar-echarpe-enfant-personnalisable-panda-1320_4531-300x300.png 300w, https:\/\/www.lafabriquedecharpe.fr\/blog\/wp-content\/uploads\/2023\/10\/ar-echarpe-enfant-personnalisable-panda-1320_4531-150x150.png 150w\" sizes=\"(max-width: 600px) 100vw, 600px\" \/><\/a><figcaption>motif Panda<\/figcaption><\/figure>\n\n\n\n<figure class=\"wp-block-image\"><a href=\"https:\/\/www.lafabriquedecharpe.fr\/cat-les-echarpes-83.htm?pour=enfant&amp;matiere=coton-bio&amp;f=1&amp;pagenumber=2\"><img decoding=\"async\" src=\"https:\/\/www.lafabriquedecharpe.fr\/ar-echarpe-enfant-personnalisable-hibou-1091_4474.png\" alt=\"\"\/><\/a><figcaption>motif Hibou<\/figcaption><\/figure>\n<\/figure>\n\n\n\n<figure class=\"wp-block-gallery has-nested-images columns-default is-cropped wp-block-gallery-3 is-layout-flex wp-block-gallery-is-layout-flex\">\n<figure class=\"wp-block-image size-large\"><a href=\"https:\/\/www.lafabriquedecharpe.fr\/cat-les-echarpes-83.htm?pour=enfant&amp;matiere=coton-bio&amp;f=1&amp;pagenumber=2\"><img decoding=\"async\" width=\"600\" height=\"600\" src=\"https:\/\/www.lafabriquedecharpe.fr\/blog\/wp-content\/uploads\/2023\/10\/ar-echarpe-enfant-personnalisable-renard-1099_4492-2.png\" alt=\"\" class=\"wp-image-1081\" srcset=\"https:\/\/www.lafabriquedecharpe.fr\/blog\/wp-content\/uploads\/2023\/10\/ar-echarpe-enfant-personnalisable-renard-1099_4492-2.png 600w, https:\/\/www.lafabriquedecharpe.fr\/blog\/wp-content\/uploads\/2023\/10\/ar-echarpe-enfant-personnalisable-renard-1099_4492-2-300x300.png 300w, https:\/\/www.lafabriquedecharpe.fr\/blog\/wp-content\/uploads\/2023\/10\/ar-echarpe-enfant-personnalisable-renard-1099_4492-2-150x150.png 150w\" sizes=\"(max-width: 600px) 100vw, 600px\" \/><\/a><figcaption>motif Renard<\/figcaption><\/figure>\n\n\n\n<figure class=\"wp-block-image size-large\"><a href=\"https:\/\/www.lafabriquedecharpe.fr\/cat-les-echarpes-83.htm?pour=enfant&amp;matiere=coton-bio&amp;f=1&amp;pagenumber=2\"><img decoding=\"async\" width=\"600\" height=\"600\" src=\"https:\/\/www.lafabriquedecharpe.fr\/blog\/wp-content\/uploads\/2023\/10\/ar-echarpe-enfant-personnalisable-lapin-1096_4478-3.png\" alt=\"\" class=\"wp-image-1084\" srcset=\"https:\/\/www.lafabriquedecharpe.fr\/blog\/wp-content\/uploads\/2023\/10\/ar-echarpe-enfant-personnalisable-lapin-1096_4478-3.png 600w, https:\/\/www.lafabriquedecharpe.fr\/blog\/wp-content\/uploads\/2023\/10\/ar-echarpe-enfant-personnalisable-lapin-1096_4478-3-300x300.png 300w, https:\/\/www.lafabriquedecharpe.fr\/blog\/wp-content\/uploads\/2023\/10\/ar-echarpe-enfant-personnalisable-lapin-1096_4478-3-150x150.png 150w\" sizes=\"(max-width: 600px) 100vw, 600px\" \/><\/a><figcaption>motif Lapin<\/figcaption><\/figure>\n\n\n\n<figure class=\"wp-block-image size-large\"><a href=\"https:\/\/www.lafabriquedecharpe.fr\/cat-les-echarpes-83.htm?pour=enfant&amp;matiere=coton-bio&amp;f=1&amp;pagenumber=2\"><img decoding=\"async\" width=\"600\" height=\"600\" src=\"https:\/\/www.lafabriquedecharpe.fr\/blog\/wp-content\/uploads\/2023\/10\/ar-echarpe-enfant-personnalisable-dinosaure-1084_4454-1.png\" alt=\"\" class=\"wp-image-1086\" srcset=\"https:\/\/www.lafabriquedecharpe.fr\/blog\/wp-content\/uploads\/2023\/10\/ar-echarpe-enfant-personnalisable-dinosaure-1084_4454-1.png 600w, https:\/\/www.lafabriquedecharpe.fr\/blog\/wp-content\/uploads\/2023\/10\/ar-echarpe-enfant-personnalisable-dinosaure-1084_4454-1-300x300.png 300w, https:\/\/www.lafabriquedecharpe.fr\/blog\/wp-content\/uploads\/2023\/10\/ar-echarpe-enfant-personnalisable-dinosaure-1084_4454-1-150x150.png 150w\" sizes=\"(max-width: 600px) 100vw, 600px\" \/><\/a><figcaption>Motif Dinosaure<\/figcaption><\/figure>\n<\/figure>\n<\/div><\/div>\n\n\n\n<div style=\"height:30px\" aria-hidden=\"true\" class=\"wp-block-spacer\"><\/div>\n\n\n\n<h3 class=\"wp-block-heading\">Les motifs de petits personnages amusants :<\/h3>\n\n\n\n<div style=\"height:30px\" aria-hidden=\"true\" class=\"wp-block-spacer\"><\/div>\n\n\n\n<p>Vous connaissez les centres d&#8217;int\u00e9r\u00eats de vos enfants, certains aimeront tout de qui touche \u00e0 l&#8217;espace, d&#8217;autres seront attir\u00e9s par les contes de f\u00e9e, d&#8217;autres par les robots, d&#8217;autres les voitures&#8230;etc. Nous vous proposons toute une s\u00e9rie de<strong> snoods brod\u00e9s \u00e0 chaque demande<\/strong>, <strong>personnalisables<\/strong> comme votre propre motif en DIY. Les broderies sont originales et les coloris tr\u00e8s cr\u00e9atifs. Chaque motif est travaill\u00e9 avec soin, et brod\u00e9 sur un fond uni. Vous avez un choix de coloris de fond important pour que chaque enfant trouve son bonheur: blanc, beige, bleu, turquoise, rouge, bordeaux, orange, rouille, jaune, rose, ciel, marine, kaki&#8230;..<\/p>\n\n\n\n<div style=\"height:30px\" aria-hidden=\"true\" class=\"wp-block-spacer\"><\/div>\n\n\n\n<figure class=\"wp-block-gallery has-nested-images columns-default is-cropped wp-block-gallery-6 is-layout-flex wp-block-gallery-is-layout-flex\">\n<figure class=\"wp-block-image size-large\"><a href=\"https:\/\/www.lafabriquedecharpe.fr\/cat-les-echarpes-83.htm?pour=enfant&amp;matiere=coton-bio&amp;f=1&amp;pagenumber=2\"><img decoding=\"async\" width=\"600\" height=\"600\" data-id=\"1087\" src=\"https:\/\/www.lafabriquedecharpe.fr\/blog\/wp-content\/uploads\/2023\/10\/ar-echarpe-enfant-personnalisable-fusee-1086.png\" alt=\"\" class=\"wp-image-1087\" srcset=\"https:\/\/www.lafabriquedecharpe.fr\/blog\/wp-content\/uploads\/2023\/10\/ar-echarpe-enfant-personnalisable-fusee-1086.png 600w, https:\/\/www.lafabriquedecharpe.fr\/blog\/wp-content\/uploads\/2023\/10\/ar-echarpe-enfant-personnalisable-fusee-1086-300x300.png 300w, https:\/\/www.lafabriquedecharpe.fr\/blog\/wp-content\/uploads\/2023\/10\/ar-echarpe-enfant-personnalisable-fusee-1086-150x150.png 150w\" sizes=\"(max-width: 600px) 100vw, 600px\" \/><\/a><\/figure>\n\n\n\n<figure class=\"wp-block-image size-large\"><a href=\"https:\/\/www.lafabriquedecharpe.fr\/cat-les-echarpes-83.htm?pour=enfant&amp;matiere=coton-bio&amp;f=1&amp;pagenumber=2\"><img decoding=\"async\" width=\"600\" height=\"600\" data-id=\"1088\" src=\"https:\/\/www.lafabriquedecharpe.fr\/blog\/wp-content\/uploads\/2023\/10\/ar-echarpe-enfant-personnalisable-alice-1323.png\" alt=\"\" class=\"wp-image-1088\" srcset=\"https:\/\/www.lafabriquedecharpe.fr\/blog\/wp-content\/uploads\/2023\/10\/ar-echarpe-enfant-personnalisable-alice-1323.png 600w, https:\/\/www.lafabriquedecharpe.fr\/blog\/wp-content\/uploads\/2023\/10\/ar-echarpe-enfant-personnalisable-alice-1323-300x300.png 300w, https:\/\/www.lafabriquedecharpe.fr\/blog\/wp-content\/uploads\/2023\/10\/ar-echarpe-enfant-personnalisable-alice-1323-150x150.png 150w\" sizes=\"(max-width: 600px) 100vw, 600px\" \/><\/a><\/figure>\n\n\n\n<figure class=\"wp-block-image size-large\"><a href=\"https:\/\/www.lafabriquedecharpe.fr\/cat-les-echarpes-83.htm?pour=enfant&amp;matiere=coton-bio&amp;f=1&amp;pagenumber=2\"><img decoding=\"async\" width=\"600\" height=\"600\" data-id=\"1089\" src=\"https:\/\/www.lafabriquedecharpe.fr\/blog\/wp-content\/uploads\/2023\/10\/ar-echarpe-enfant-personnalisable-robots-1102_4503.png\" alt=\"\" class=\"wp-image-1089\" srcset=\"https:\/\/www.lafabriquedecharpe.fr\/blog\/wp-content\/uploads\/2023\/10\/ar-echarpe-enfant-personnalisable-robots-1102_4503.png 600w, https:\/\/www.lafabriquedecharpe.fr\/blog\/wp-content\/uploads\/2023\/10\/ar-echarpe-enfant-personnalisable-robots-1102_4503-300x300.png 300w, https:\/\/www.lafabriquedecharpe.fr\/blog\/wp-content\/uploads\/2023\/10\/ar-echarpe-enfant-personnalisable-robots-1102_4503-150x150.png 150w\" sizes=\"(max-width: 600px) 100vw, 600px\" \/><\/a><\/figure>\n<\/figure>\n\n\n\n<figure class=\"wp-block-gallery has-nested-images columns-default is-cropped wp-block-gallery-8 is-layout-flex wp-block-gallery-is-layout-flex\">\n<figure class=\"wp-block-image size-large\"><a href=\"https:\/\/www.lafabriquedecharpe.fr\/cat-les-echarpes-83.htm?pour=enfant&amp;matiere=coton-bio&amp;f=1&amp;pagenumber=2\"><img decoding=\"async\" width=\"600\" height=\"600\" data-id=\"1092\" src=\"https:\/\/www.lafabriquedecharpe.fr\/blog\/wp-content\/uploads\/2023\/10\/ar-echarpe-enfant-personnalisable-f1-1321-1.png\" alt=\"\" class=\"wp-image-1092\" srcset=\"https:\/\/www.lafabriquedecharpe.fr\/blog\/wp-content\/uploads\/2023\/10\/ar-echarpe-enfant-personnalisable-f1-1321-1.png 600w, https:\/\/www.lafabriquedecharpe.fr\/blog\/wp-content\/uploads\/2023\/10\/ar-echarpe-enfant-personnalisable-f1-1321-1-300x300.png 300w, https:\/\/www.lafabriquedecharpe.fr\/blog\/wp-content\/uploads\/2023\/10\/ar-echarpe-enfant-personnalisable-f1-1321-1-150x150.png 150w\" sizes=\"(max-width: 600px) 100vw, 600px\" \/><\/a><\/figure>\n\n\n\n<figure class=\"wp-block-image size-large\"><a href=\"https:\/\/www.lafabriquedecharpe.fr\/cat-les-echarpes-83.htm?pour=enfant&amp;matiere=coton-bio&amp;f=1&amp;pagenumber=2\"><img decoding=\"async\" width=\"600\" height=\"600\" data-id=\"1093\" src=\"https:\/\/www.lafabriquedecharpe.fr\/blog\/wp-content\/uploads\/2023\/10\/ar-echarpe-enfant-personnalisable-licorne-1098_4480-1.png\" alt=\"\" class=\"wp-image-1093\" srcset=\"https:\/\/www.lafabriquedecharpe.fr\/blog\/wp-content\/uploads\/2023\/10\/ar-echarpe-enfant-personnalisable-licorne-1098_4480-1.png 600w, https:\/\/www.lafabriquedecharpe.fr\/blog\/wp-content\/uploads\/2023\/10\/ar-echarpe-enfant-personnalisable-licorne-1098_4480-1-300x300.png 300w, https:\/\/www.lafabriquedecharpe.fr\/blog\/wp-content\/uploads\/2023\/10\/ar-echarpe-enfant-personnalisable-licorne-1098_4480-1-150x150.png 150w\" sizes=\"(max-width: 600px) 100vw, 600px\" \/><\/a><\/figure>\n\n\n\n<figure class=\"wp-block-image size-large\"><a href=\"https:\/\/www.lafabriquedecharpe.fr\/cat-les-echarpes-83.htm?pour=enfant&amp;matiere=coton-bio&amp;f=1&amp;pagenumber=2\"><img decoding=\"async\" width=\"600\" height=\"600\" data-id=\"1094\" src=\"https:\/\/www.lafabriquedecharpe.fr\/blog\/wp-content\/uploads\/2023\/10\/ar-echarpe-enfant-personnalisable-funambule-1327.png\" alt=\"\" class=\"wp-image-1094\" srcset=\"https:\/\/www.lafabriquedecharpe.fr\/blog\/wp-content\/uploads\/2023\/10\/ar-echarpe-enfant-personnalisable-funambule-1327.png 600w, https:\/\/www.lafabriquedecharpe.fr\/blog\/wp-content\/uploads\/2023\/10\/ar-echarpe-enfant-personnalisable-funambule-1327-300x300.png 300w, https:\/\/www.lafabriquedecharpe.fr\/blog\/wp-content\/uploads\/2023\/10\/ar-echarpe-enfant-personnalisable-funambule-1327-150x150.png 150w\" sizes=\"(max-width: 600px) 100vw, 600px\" \/><\/a><\/figure>\n<figcaption class=\"blocks-gallery-caption\">Echarpes snoods pour enfants motifs personnages amusants<\/figcaption><\/figure>\n\n\n\n<div style=\"height:30px\" aria-hidden=\"true\" class=\"wp-block-spacer\"><\/div>\n\n\n\n<h3 class=\"wp-block-heading\">Les motifs sur le th\u00e8me de No\u00ebl et la saison d&#8217;hiver:<\/h3>\n\n\n\n<div style=\"height:30px\" aria-hidden=\"true\" class=\"wp-block-spacer\"><\/div>\n\n\n\n<p>Les enfants portent essentiellement les \u00e9charpes l&#8217;hiver pour se prot\u00e9ger du froid. Le <strong>th\u00e8me No\u00ebl<\/strong> est tout \u00e0 fait appropri\u00e9 pour les \u00e9charpes enfants. Id\u00e9al \u00e0 offrir pour les f\u00eates de fin d&#8217;ann\u00e9e. Les enfants aiment plus que tout No\u00ebl et seront ravis d&#8217;avoir une \u00e9charpe sur ce th\u00e8me. La Fabrique d&#8217;\u00e9charpe reprend ce th\u00e8me, tout en revisitant les incontournables, P\u00e8re No\u00ebl et s\u00e9jour au ski &#8230;<\/p>\n\n\n\n<div style=\"height:30px\" aria-hidden=\"true\" class=\"wp-block-spacer\"><\/div>\n\n\n\n<figure class=\"wp-block-gallery has-nested-images columns-default is-cropped wp-block-gallery-10 is-layout-flex wp-block-gallery-is-layout-flex\">\n<figure class=\"wp-block-image size-large\"><a href=\"https:\/\/www.lafabriquedecharpe.fr\/art-echarpe-enfant-personnalisable-pere-noel-1340.htm\"><img decoding=\"async\" width=\"600\" height=\"600\" data-id=\"1095\" src=\"https:\/\/www.lafabriquedecharpe.fr\/blog\/wp-content\/uploads\/2023\/10\/ar-echarpe-enfant-personnalisable-pere-noel-1340.png\" alt=\"\" class=\"wp-image-1095\" srcset=\"https:\/\/www.lafabriquedecharpe.fr\/blog\/wp-content\/uploads\/2023\/10\/ar-echarpe-enfant-personnalisable-pere-noel-1340.png 600w, https:\/\/www.lafabriquedecharpe.fr\/blog\/wp-content\/uploads\/2023\/10\/ar-echarpe-enfant-personnalisable-pere-noel-1340-300x300.png 300w, https:\/\/www.lafabriquedecharpe.fr\/blog\/wp-content\/uploads\/2023\/10\/ar-echarpe-enfant-personnalisable-pere-noel-1340-150x150.png 150w\" sizes=\"(max-width: 600px) 100vw, 600px\" \/><\/a><\/figure>\n\n\n\n<figure class=\"wp-block-image size-large\"><a href=\"https:\/\/www.lafabriquedecharpe.fr\/art-echarpe-enfant-personnalisable-pingouin-1132.htm\"><img decoding=\"async\" width=\"600\" height=\"600\" data-id=\"1096\" src=\"https:\/\/www.lafabriquedecharpe.fr\/blog\/wp-content\/uploads\/2023\/10\/ar-echarpe-enfant-personnalisable-pingouin-1132.png\" alt=\"\" class=\"wp-image-1096\" srcset=\"https:\/\/www.lafabriquedecharpe.fr\/blog\/wp-content\/uploads\/2023\/10\/ar-echarpe-enfant-personnalisable-pingouin-1132.png 600w, https:\/\/www.lafabriquedecharpe.fr\/blog\/wp-content\/uploads\/2023\/10\/ar-echarpe-enfant-personnalisable-pingouin-1132-300x300.png 300w, https:\/\/www.lafabriquedecharpe.fr\/blog\/wp-content\/uploads\/2023\/10\/ar-echarpe-enfant-personnalisable-pingouin-1132-150x150.png 150w\" sizes=\"(max-width: 600px) 100vw, 600px\" \/><\/a><\/figure>\n\n\n\n<figure class=\"wp-block-image\"><a href=\"https:\/\/www.lafabriquedecharpe.fr\/art-echarpe-enfant-personnalisable-bonhomme-de-neige-1078.htm\"><img decoding=\"async\" src=\"https:\/\/www.lafabriquedecharpe.fr\/V2\/ar-echarpe-enfant-personnalisable-bonhomme-de-neige-1078.png\" alt=\"\"\/><\/a><\/figure>\n<figcaption class=\"blocks-gallery-caption\">Echarpes snoods pour enfants motifs sur le th\u00e8me de No\u00ebl<\/figcaption><\/figure>\n\n\n\n<div style=\"height:30px\" aria-hidden=\"true\" class=\"wp-block-spacer\"><\/div>\n\n\n\n<h2 class=\"wp-block-heading\">Motifs tendances:<\/h2>\n\n\n\n<div style=\"height:30px\" aria-hidden=\"true\" class=\"wp-block-spacer\"><\/div>\n\n\n\n<p>Pour les pr\u00e9-ados entre 8 et 12 ans, pr\u00e9f\u00e9rez des \u00e9charpes aux motifs plus designs et coloris plus subtils. La Fabrique d&#8217;\u00e9charpe a pioch\u00e9 dans les cahiers de tendances de la saison d&#8217;hiver pour cr\u00e9er <strong>des \u00e9charpes enfants &#8220;fashion&#8221;<\/strong>.<\/p>\n\n\n\n<div style=\"height:30px\" aria-hidden=\"true\" class=\"wp-block-spacer\"><\/div>\n\n\n\n<h3 class=\"wp-block-heading\">Hip Hop India<\/h3>\n\n\n\n<div style=\"height:30px\" aria-hidden=\"true\" class=\"wp-block-spacer\"><\/div>\n\n\n\n<p>La premi\u00e8re tendance retenu est inspir\u00e9 de la culture musicale populaire le Hip Hop revisitant les motifs indiens. <strong>Le Hip Hop<\/strong> est caract\u00e9ris\u00e9 par un rythme proche du rap. C&#8217;est un mouvement artistique n\u00e9 au Etats-Unis dans les ghettos de New York au d\u00e9but des ann\u00e9es 1970. Il s&#8217;est peu \u00e0 peu diffus\u00e9 dans le monde. La culture Hip Hop comporte 5 piliers principales; le rap, le beatboxing, le Djing, la danse et les graffitis. Les deux \u00e9charpes cr\u00e9\u00e9es par La Fabrique qui suivent sont inspir\u00e9es de cette culture sur des micros motifs cachemire, palmettes en version ultra-vives, fun et presque kitsch. Le premier mod\u00e8le nomm\u00e9<a href=\"https:\/\/www.lafabriquedecharpe.fr\/art-echarpe-enfant-laine-bleue-hip-hop-1474.htm\"> <strong>Hip Hop<\/strong><\/a> se d\u00e9cline en effet visuel et cama\u00efeu de rose. Le deuxi\u00e8me <a href=\"https:\/\/www.lafabriquedecharpe.fr\/art-echarpe-enfant-laine-noire-fun-1501.htm\">mod\u00e8le <strong>Fun<\/strong><\/a>, en traits et formes arrondis comme des graffitis.<\/p>\n\n\n\n<div style=\"height:30px\" aria-hidden=\"true\" class=\"wp-block-spacer\"><\/div>\n\n\n\n<figure class=\"wp-block-gallery has-nested-images columns-default is-cropped wp-block-gallery-12 is-layout-flex wp-block-gallery-is-layout-flex\">\n<figure class=\"wp-block-image size-large\"><img decoding=\"async\" width=\"839\" height=\"1017\" data-id=\"1066\" src=\"https:\/\/www.lafabriquedecharpe.fr\/blog\/wp-content\/uploads\/2023\/10\/Dessin-5.jpg\" alt=\"\" class=\"wp-image-1066\" srcset=\"https:\/\/www.lafabriquedecharpe.fr\/blog\/wp-content\/uploads\/2023\/10\/Dessin-5.jpg 839w, https:\/\/www.lafabriquedecharpe.fr\/blog\/wp-content\/uploads\/2023\/10\/Dessin-5-247x300.jpg 247w, https:\/\/www.lafabriquedecharpe.fr\/blog\/wp-content\/uploads\/2023\/10\/Dessin-5-768x931.jpg 768w\" sizes=\"(max-width: 839px) 100vw, 839px\" \/><\/figure>\n\n\n\n<figure class=\"wp-block-image size-large\"><img decoding=\"async\" width=\"600\" height=\"600\" data-id=\"1068\" src=\"https:\/\/www.lafabriquedecharpe.fr\/blog\/wp-content\/uploads\/2023\/10\/ar-echarpe-enfant-laine-rose-hip-hop-1473_4341-1.png\" alt=\"\" class=\"wp-image-1068\" srcset=\"https:\/\/www.lafabriquedecharpe.fr\/blog\/wp-content\/uploads\/2023\/10\/ar-echarpe-enfant-laine-rose-hip-hop-1473_4341-1.png 600w, https:\/\/www.lafabriquedecharpe.fr\/blog\/wp-content\/uploads\/2023\/10\/ar-echarpe-enfant-laine-rose-hip-hop-1473_4341-1-300x300.png 300w, https:\/\/www.lafabriquedecharpe.fr\/blog\/wp-content\/uploads\/2023\/10\/ar-echarpe-enfant-laine-rose-hip-hop-1473_4341-1-150x150.png 150w\" sizes=\"(max-width: 600px) 100vw, 600px\" \/><\/figure>\n<\/figure>\n\n\n\n<div style=\"height:30px\" aria-hidden=\"true\" class=\"wp-block-spacer\"><\/div>\n\n\n\n<figure class=\"wp-block-gallery has-nested-images columns-default is-cropped wp-block-gallery-14 is-layout-flex wp-block-gallery-is-layout-flex\">\n<figure class=\"wp-block-image size-large\"><img decoding=\"async\" width=\"817\" height=\"1017\" data-id=\"1069\" src=\"https:\/\/www.lafabriquedecharpe.fr\/blog\/wp-content\/uploads\/2023\/10\/Fun-tendance.jpg\" alt=\"\" class=\"wp-image-1069\" srcset=\"https:\/\/www.lafabriquedecharpe.fr\/blog\/wp-content\/uploads\/2023\/10\/Fun-tendance.jpg 817w, https:\/\/www.lafabriquedecharpe.fr\/blog\/wp-content\/uploads\/2023\/10\/Fun-tendance-241x300.jpg 241w, https:\/\/www.lafabriquedecharpe.fr\/blog\/wp-content\/uploads\/2023\/10\/Fun-tendance-768x956.jpg 768w\" sizes=\"(max-width: 817px) 100vw, 817px\" \/><\/figure>\n\n\n\n<figure class=\"wp-block-image size-large\"><img decoding=\"async\" width=\"600\" height=\"600\" data-id=\"1070\" src=\"https:\/\/www.lafabriquedecharpe.fr\/blog\/wp-content\/uploads\/2023\/10\/ar-echarpe-enfant-laine-rose-fun-1507_5066.png\" alt=\"\" class=\"wp-image-1070\" srcset=\"https:\/\/www.lafabriquedecharpe.fr\/blog\/wp-content\/uploads\/2023\/10\/ar-echarpe-enfant-laine-rose-fun-1507_5066.png 600w, https:\/\/www.lafabriquedecharpe.fr\/blog\/wp-content\/uploads\/2023\/10\/ar-echarpe-enfant-laine-rose-fun-1507_5066-300x300.png 300w, https:\/\/www.lafabriquedecharpe.fr\/blog\/wp-content\/uploads\/2023\/10\/ar-echarpe-enfant-laine-rose-fun-1507_5066-150x150.png 150w\" sizes=\"(max-width: 600px) 100vw, 600px\" \/><\/figure>\n<\/figure>\n\n\n\n<div style=\"height:30px\" aria-hidden=\"true\" class=\"wp-block-spacer\"><\/div>\n\n\n\n<h3 class=\"wp-block-heading\">La for\u00eat enchant\u00e9e<\/h3>\n\n\n\n<div style=\"height:30px\" aria-hidden=\"true\" class=\"wp-block-spacer\"><\/div>\n\n\n\n<p>La deuxi\u00e8me tendance retenue est <strong>bucolique et romantique<\/strong>, c&#8217;est la for\u00eat merveilleuse: un bestiaire gentil, \u00e9cureuils roux, renards, faisans, loups, ours&#8230;des animaux des bois cach\u00e9s dans une for\u00eat luxuriante. <strong>Un th\u00e8me charmant qui plaira \u00e0 beaucoup<\/strong>, filles ou gar\u00e7ons suivant les coloris.<\/p>\n\n\n\n<div style=\"height:30px\" aria-hidden=\"true\" class=\"wp-block-spacer\"><\/div>\n\n\n\n<figure class=\"wp-block-gallery has-nested-images columns-default is-cropped wp-block-gallery-16 is-layout-flex wp-block-gallery-is-layout-flex\">\n<figure class=\"wp-block-image size-large\"><img decoding=\"async\" width=\"789\" height=\"1020\" data-id=\"1074\" src=\"https:\/\/www.lafabriquedecharpe.fr\/blog\/wp-content\/uploads\/2023\/10\/Dessin-6-2.jpg\" alt=\"\" class=\"wp-image-1074\" srcset=\"https:\/\/www.lafabriquedecharpe.fr\/blog\/wp-content\/uploads\/2023\/10\/Dessin-6-2.jpg 789w, https:\/\/www.lafabriquedecharpe.fr\/blog\/wp-content\/uploads\/2023\/10\/Dessin-6-2-232x300.jpg 232w, https:\/\/www.lafabriquedecharpe.fr\/blog\/wp-content\/uploads\/2023\/10\/Dessin-6-2-768x993.jpg 768w\" sizes=\"(max-width: 789px) 100vw, 789px\" \/><\/figure>\n\n\n\n<figure class=\"wp-block-image size-large\"><img decoding=\"async\" width=\"600\" height=\"600\" data-id=\"1072\" src=\"https:\/\/www.lafabriquedecharpe.fr\/blog\/wp-content\/uploads\/2023\/10\/ar-echarpe-enfant-laine-noire-lapin-1503_5054.png\" alt=\"\" class=\"wp-image-1072\" srcset=\"https:\/\/www.lafabriquedecharpe.fr\/blog\/wp-content\/uploads\/2023\/10\/ar-echarpe-enfant-laine-noire-lapin-1503_5054.png 600w, https:\/\/www.lafabriquedecharpe.fr\/blog\/wp-content\/uploads\/2023\/10\/ar-echarpe-enfant-laine-noire-lapin-1503_5054-300x300.png 300w, https:\/\/www.lafabriquedecharpe.fr\/blog\/wp-content\/uploads\/2023\/10\/ar-echarpe-enfant-laine-noire-lapin-1503_5054-150x150.png 150w\" sizes=\"(max-width: 600px) 100vw, 600px\" \/><\/figure>\n<\/figure>\n\n\n\n<figure class=\"wp-block-gallery has-nested-images columns-default is-cropped wp-block-gallery-18 is-layout-flex wp-block-gallery-is-layout-flex\">\n<figure class=\"wp-block-image size-large\"><img decoding=\"async\" width=\"600\" height=\"600\" data-id=\"1098\" src=\"https:\/\/www.lafabriquedecharpe.fr\/blog\/wp-content\/uploads\/2023\/10\/ar-echarpe-enfant-laine-marron-lapin-1504_5057.png\" alt=\"\" class=\"wp-image-1098\" srcset=\"https:\/\/www.lafabriquedecharpe.fr\/blog\/wp-content\/uploads\/2023\/10\/ar-echarpe-enfant-laine-marron-lapin-1504_5057.png 600w, https:\/\/www.lafabriquedecharpe.fr\/blog\/wp-content\/uploads\/2023\/10\/ar-echarpe-enfant-laine-marron-lapin-1504_5057-300x300.png 300w, https:\/\/www.lafabriquedecharpe.fr\/blog\/wp-content\/uploads\/2023\/10\/ar-echarpe-enfant-laine-marron-lapin-1504_5057-150x150.png 150w\" sizes=\"(max-width: 600px) 100vw, 600px\" \/><\/figure>\n\n\n\n<figure class=\"wp-block-image size-large\"><img decoding=\"async\" width=\"600\" height=\"600\" data-id=\"1099\" src=\"https:\/\/www.lafabriquedecharpe.fr\/blog\/wp-content\/uploads\/2023\/10\/ar-echarpe-enfant-laine-rouge-lapin-1502_5051.png\" alt=\"\" class=\"wp-image-1099\" srcset=\"https:\/\/www.lafabriquedecharpe.fr\/blog\/wp-content\/uploads\/2023\/10\/ar-echarpe-enfant-laine-rouge-lapin-1502_5051.png 600w, https:\/\/www.lafabriquedecharpe.fr\/blog\/wp-content\/uploads\/2023\/10\/ar-echarpe-enfant-laine-rouge-lapin-1502_5051-300x300.png 300w, https:\/\/www.lafabriquedecharpe.fr\/blog\/wp-content\/uploads\/2023\/10\/ar-echarpe-enfant-laine-rouge-lapin-1502_5051-150x150.png 150w\" sizes=\"(max-width: 600px) 100vw, 600px\" \/><\/figure>\n\n\n\n<figure class=\"wp-block-image size-large\"><img decoding=\"async\" width=\"600\" height=\"600\" data-id=\"1100\" src=\"https:\/\/www.lafabriquedecharpe.fr\/blog\/wp-content\/uploads\/2023\/10\/ar-echarpe-enfant-laine-bleu-lapin-1505_5060.png\" alt=\"\" class=\"wp-image-1100\" srcset=\"https:\/\/www.lafabriquedecharpe.fr\/blog\/wp-content\/uploads\/2023\/10\/ar-echarpe-enfant-laine-bleu-lapin-1505_5060.png 600w, https:\/\/www.lafabriquedecharpe.fr\/blog\/wp-content\/uploads\/2023\/10\/ar-echarpe-enfant-laine-bleu-lapin-1505_5060-300x300.png 300w, https:\/\/www.lafabriquedecharpe.fr\/blog\/wp-content\/uploads\/2023\/10\/ar-echarpe-enfant-laine-bleu-lapin-1505_5060-150x150.png 150w\" sizes=\"(max-width: 600px) 100vw, 600px\" \/><\/figure>\n<figcaption class=\"blocks-gallery-caption\">Echarpe enfant Lapin th\u00e8me La For\u00eat Enchant\u00e9e d\u00e9clin\u00e9e en 4 variantes.<\/figcaption><\/figure>\n\n\n\n<div style=\"height:30px\" aria-hidden=\"true\" class=\"wp-block-spacer\"><\/div>\n\n\n\n<div style=\"height:30px\" aria-hidden=\"true\" class=\"wp-block-spacer\"><\/div>\n\n\n\n<h2 class=\"wp-block-heading\">Astuces pour assortir les motifs:<\/h2>\n\n\n\n<div style=\"height:30px\" aria-hidden=\"true\" class=\"wp-block-spacer\"><\/div>\n\n\n\n<p>La premi\u00e8re astuce pour associer deux motifs, c&#8217;est de les choisir en fonction de <strong>leur couleur<\/strong>. Si les deux ont une <strong>teinte similaire<\/strong>, le rappel permettra de lier les \u00e9l\u00e9ments entre eux. Essayer de ne pas associer des motifs trop charg\u00e9s entre eux. Par exemple, un motif rayure simple peut s&#8217;assortir avec un motif floral, un motif aquarell\u00e9 peut s&#8217;associer avec un mini motif style cravate. Si vous choisissez une \u00e9charpe tr\u00e8s charg\u00e9e en motif, pr\u00e9f\u00e9rez une tenue unie. Enfin, faites preuve de pr\u00e9caution et laissez aller votre bon sens.<\/p>\n\n\n\n<p>Nous vous invitons \u00e0 d\u00e9couvrir <a href=\"https:\/\/www.lafabriquedecharpe.fr\/cat-les-echarpes-83.htm?pour=enfant&amp;f=1\">nos collections \u00e9charpes enfants<\/a> sur notre site mais aussi <a href=\"https:\/\/www.lafabriquedecharpe.fr\/cat-les-echarpes-83.htm?pour=femme&amp;f=1&amp;pagenumber=1\">nos collections femmes<\/a> et <a href=\"https:\/\/www.lafabriquedecharpe.fr\/cat-les-echarpes-83.htm?pour=homme&amp;f=1&amp;pagenumber=1\">nos collections hommes<\/a>.<\/p>\n\n\n\n<div style=\"height:50px\" aria-hidden=\"true\" class=\"wp-block-spacer\"><\/div>\n","protected":false},"excerpt":{"rendered":"<p>D\u00e9couvrez pleins d&#8217;id\u00e9es de motifs amusants et tendances pour les \u00e9charpes et snoods enfants sign\u00e9s La Fabrique d&#8217;\u00e9charpe.fr<\/p>\n","protected":false},"author":3,"featured_media":1107,"comment_status":"open","ping_status":"open","sticky":false,"template":"","format":"standard","meta":{"footnotes":""},"categories":[1],"tags":[173,170,171,172,174,175],"yoast_head":"<!-- This site is optimized with the Yoast SEO plugin v19.9 - https:\/\/yoast.com\/wordpress\/plugins\/seo\/ -->\n<title>Id\u00e9es de motifs pour \u00e9charpes enfantines - La fabrique d&#039;\u00e9charpe<\/title>\n<meta name=\"description\" content=\"D\u00e9couvrez pleins d&#039;id\u00e9es de motifs amusants et tendances pour les \u00e9charpes et snoods enfants sign\u00e9s La Fabrique d&#039;\u00e9charpe.fr\" \/>\n<meta name=\"robots\" content=\"index, follow, max-snippet:-1, max-image-preview:large, max-video-preview:-1\" \/>\n<link rel=\"canonical\" href=\"https:\/\/www.lafabriquedecharpe.fr\/blog\/idees-de-motifs-pour-echarpes-enfantines\/\" \/>\n<meta property=\"og:locale\" content=\"fr_FR\" \/>\n<meta property=\"og:type\" content=\"article\" \/>\n<meta property=\"og:title\" content=\"Id\u00e9es de motifs pour \u00e9charpes enfantines - La fabrique d&#039;\u00e9charpe\" \/>\n<meta property=\"og:description\" content=\"D\u00e9couvrez pleins d&#039;id\u00e9es de motifs amusants et tendances pour les \u00e9charpes et snoods enfants sign\u00e9s La Fabrique d&#039;\u00e9charpe.fr\" \/>\n<meta property=\"og:url\" content=\"https:\/\/www.lafabriquedecharpe.fr\/blog\/idees-de-motifs-pour-echarpes-enfantines\/\" \/>\n<meta property=\"og:site_name\" content=\"La fabrique d&#039;\u00e9charpe\" \/>\n<meta property=\"article:published_time\" content=\"2023-10-06T12:44:50+00:00\" \/>\n<meta property=\"article:modified_time\" content=\"2023-10-06T12:44:53+00:00\" \/>\n<meta property=\"og:image\" content=\"https:\/\/www.lafabriquedecharpe.fr\/blog\/wp-content\/uploads\/2023\/10\/Bandeau-echarpe-enfant-1024x367.jpg\" \/>\n\t<meta property=\"og:image:width\" content=\"1024\" \/>\n\t<meta property=\"og:image:height\" content=\"367\" \/>\n\t<meta property=\"og:image:type\" content=\"image\/jpeg\" \/>\n<meta name=\"author\" content=\"Christine DEGURSE\" \/>\n<meta name=\"twitter:card\" content=\"summary_large_image\" \/>\n<meta name=\"twitter:label1\" content=\"\u00c9crit par\" \/>\n\t<meta name=\"twitter:data1\" content=\"Christine DEGURSE\" \/>\n\t<meta name=\"twitter:label2\" content=\"Dur\u00e9e de lecture estim\u00e9e\" \/>\n\t<meta name=\"twitter:data2\" content=\"9 minutes\" \/>\n<!-- \/ Yoast SEO plugin. -->","yoast_head_json":{"title":"Id\u00e9es de motifs pour \u00e9charpes enfantines - La fabrique d&#039;\u00e9charpe","description":"D\u00e9couvrez pleins d'id\u00e9es de motifs amusants et tendances pour les \u00e9charpes et snoods enfants sign\u00e9s La Fabrique d'\u00e9charpe.fr","robots":{"index":"index","follow":"follow","max-snippet":"max-snippet:-1","max-image-preview":"max-image-preview:large","max-video-preview":"max-video-preview:-1"},"canonical":"https:\/\/www.lafabriquedecharpe.fr\/blog\/idees-de-motifs-pour-echarpes-enfantines\/","og_locale":"fr_FR","og_type":"article","og_title":"Id\u00e9es de motifs pour \u00e9charpes enfantines - La fabrique d&#039;\u00e9charpe","og_description":"D\u00e9couvrez pleins d'id\u00e9es de motifs amusants et tendances pour les \u00e9charpes et snoods enfants sign\u00e9s La Fabrique d'\u00e9charpe.fr","og_url":"https:\/\/www.lafabriquedecharpe.fr\/blog\/idees-de-motifs-pour-echarpes-enfantines\/","og_site_name":"La fabrique d&#039;\u00e9charpe","article_published_time":"2023-10-06T12:44:50+00:00","article_modified_time":"2023-10-06T12:44:53+00:00","og_image":[{"width":1024,"height":367,"url":"https:\/\/www.lafabriquedecharpe.fr\/blog\/wp-content\/uploads\/2023\/10\/Bandeau-echarpe-enfant-1024x367.jpg","type":"image\/jpeg"}],"author":"Christine DEGURSE","twitter_card":"summary_large_image","twitter_misc":{"\u00c9crit par":"Christine DEGURSE","Dur\u00e9e de lecture estim\u00e9e":"9 minutes"},"schema":{"@context":"https:\/\/schema.org","@graph":[{"@type":"WebPage","@id":"https:\/\/www.lafabriquedecharpe.fr\/blog\/idees-de-motifs-pour-echarpes-enfantines\/","url":"https:\/\/www.lafabriquedecharpe.fr\/blog\/idees-de-motifs-pour-echarpes-enfantines\/","name":"Id\u00e9es de motifs pour \u00e9charpes enfantines - La fabrique d&#039;\u00e9charpe","isPartOf":{"@id":"https:\/\/www.lafabriquedecharpe.fr\/blog\/#website"},"datePublished":"2023-10-06T12:44:50+00:00","dateModified":"2023-10-06T12:44:53+00:00","author":{"@id":"https:\/\/www.lafabriquedecharpe.fr\/blog\/#\/schema\/person\/1c703babc8565e57bc1ca3ba0698dabf"},"description":"D\u00e9couvrez pleins d'id\u00e9es de motifs amusants et tendances pour les \u00e9charpes et snoods enfants sign\u00e9s La Fabrique d'\u00e9charpe.fr","breadcrumb":{"@id":"https:\/\/www.lafabriquedecharpe.fr\/blog\/idees-de-motifs-pour-echarpes-enfantines\/#breadcrumb"},"inLanguage":"fr-FR","potentialAction":[{"@type":"ReadAction","target":["https:\/\/www.lafabriquedecharpe.fr\/blog\/idees-de-motifs-pour-echarpes-enfantines\/"]}]},{"@type":"BreadcrumbList","@id":"https:\/\/www.lafabriquedecharpe.fr\/blog\/idees-de-motifs-pour-echarpes-enfantines\/#breadcrumb","itemListElement":[{"@type":"ListItem","position":1,"name":"Accueil","item":"https:\/\/www.lafabriquedecharpe.fr\/blog\/"},{"@type":"ListItem","position":2,"name":"Id\u00e9es de motifs pour \u00e9charpes enfantines"}]},{"@type":"WebSite","@id":"https:\/\/www.lafabriquedecharpe.fr\/blog\/#website","url":"https:\/\/www.lafabriquedecharpe.fr\/blog\/","name":"La fabrique d&#039;\u00e9charpe","description":"Le blog","potentialAction":[{"@type":"SearchAction","target":{"@type":"EntryPoint","urlTemplate":"https:\/\/www.lafabriquedecharpe.fr\/blog\/?s={search_term_string}"},"query-input":"required name=search_term_string"}],"inLanguage":"fr-FR"},{"@type":"Person","@id":"https:\/\/www.lafabriquedecharpe.fr\/blog\/#\/schema\/person\/1c703babc8565e57bc1ca3ba0698dabf","name":"Christine DEGURSE","image":{"@type":"ImageObject","inLanguage":"fr-FR","@id":"https:\/\/www.lafabriquedecharpe.fr\/blog\/#\/schema\/person\/image\/","url":"https:\/\/secure.gravatar.com\/avatar\/e41c40d8cae9026978cb106fc14af946?s=96&d=mm&r=g","contentUrl":"https:\/\/secure.gravatar.com\/avatar\/e41c40d8cae9026978cb106fc14af946?s=96&d=mm&r=g","caption":"Christine DEGURSE"},"url":"https:\/\/www.lafabriquedecharpe.fr\/blog\/author\/christine-degursewanadoo-fr\/"}]}},"_links":{"self":[{"href":"https:\/\/www.lafabriquedecharpe.fr\/blog\/wp-json\/wp\/v2\/posts\/1058"}],"collection":[{"href":"https:\/\/www.lafabriquedecharpe.fr\/blog\/wp-json\/wp\/v2\/posts"}],"about":[{"href":"https:\/\/www.lafabriquedecharpe.fr\/blog\/wp-json\/wp\/v2\/types\/post"}],"author":[{"embeddable":true,"href":"https:\/\/www.lafabriquedecharpe.fr\/blog\/wp-json\/wp\/v2\/users\/3"}],"replies":[{"embeddable":true,"href":"https:\/\/www.lafabriquedecharpe.fr\/blog\/wp-json\/wp\/v2\/comments?post=1058"}],"version-history":[{"count":8,"href":"https:\/\/www.lafabriquedecharpe.fr\/blog\/wp-json\/wp\/v2\/posts\/1058\/revisions"}],"predecessor-version":[{"id":1108,"href":"https:\/\/www.lafabriquedecharpe.fr\/blog\/wp-json\/wp\/v2\/posts\/1058\/revisions\/1108"}],"wp:featuredmedia":[{"embeddable":true,"href":"https:\/\/www.lafabriquedecharpe.fr\/blog\/wp-json\/wp\/v2\/media\/1107"}],"wp:attachment":[{"href":"https:\/\/www.lafabriquedecharpe.fr\/blog\/wp-json\/wp\/v2\/media?parent=1058"}],"wp:term":[{"taxonomy":"category","embeddable":true,"href":"https:\/\/www.lafabriquedecharpe.fr\/blog\/wp-json\/wp\/v2\/categories?post=1058"},{"taxonomy":"post_tag","embeddable":true,"href":"https:\/\/www.lafabriquedecharpe.fr\/blog\/wp-json\/wp\/v2\/tags?post=1058"}],"curies":[{"name":"wp","href":"https:\/\/api.w.org\/{rel}","templated":true}]}}