{"id":1163,"date":"2024-03-04T18:26:50","date_gmt":"2024-03-04T17:26:50","guid":{"rendered":"https:\/\/www.lafabriquedecharpe.fr\/blog\/?p=1163"},"modified":"2024-03-04T18:26:55","modified_gmt":"2024-03-04T17:26:55","slug":"les-sacs-tisses-pour-lete","status":"publish","type":"post","link":"https:\/\/www.lafabriquedecharpe.fr\/blog\/les-sacs-tisses-pour-lete\/","title":{"rendered":"Les sacs tiss\u00e9s pour l&#8217;\u00e9t\u00e9"},"content":{"rendered":"\n<div style=\"height:50px\" aria-hidden=\"true\" class=\"wp-block-spacer\"><\/div>\n\n\n\n<p>Le sac tiss\u00e9 est l&#8217;accessoire de mode <strong>indispensable pour l&#8217;\u00e9t\u00e9<\/strong>, il vous accompagnera dans toutes vos sorties estivales. <a href=\"https:\/\/www.lafabriquedecharpe.fr\/cat-la-fabrique-de-sac-84.htm\">La Fabrique d&#8217;\u00e9charpe<\/a> vous propose un large choix de <a href=\"https:\/\/www.lafabriquedecharpe.fr\/cat-sacs-brodes-116.htm\">sacs tiss\u00e9s et brod\u00e9s<\/a>, de <a href=\"https:\/\/www.lafabriquedecharpe.fr\/cat-sacs-brodes-personnalisables-117.htm\">sacs personnalisables<\/a>, aux couleurs, motifs et tailles suivant vos besoins \u2026 Nos sacs fabriqu\u00e9s artisanalement avec des cotons bio, du jute 100%naturel ou des mati\u00e8res recycl\u00e9es peuvent \u00eatre <strong>brod\u00e9s et personnalis\u00e9s dans notre atelier de Lyon. <\/strong><\/p>\n\n\n\n<div style=\"height:50px\" aria-hidden=\"true\" class=\"wp-block-spacer\"><\/div>\n\n\n\n<figure class=\"wp-block-image size-full is-resized\"><a href=\"https:\/\/www.lafabriquedecharpe.fr\/art-sac-cabas-jute-champs-1552.htm\"><img decoding=\"async\" width=\"600\" height=\"600\" src=\"https:\/\/www.lafabriquedecharpe.fr\/blog\/wp-content\/uploads\/2024\/02\/ar-sac-cabas-jute-champs-1552.png\" alt=\"sac cabas en jute brod\u00e9 fleurs des champs\" class=\"wp-image-1172\" style=\"aspect-ratio:1;width:840px;height:auto\" srcset=\"https:\/\/www.lafabriquedecharpe.fr\/blog\/wp-content\/uploads\/2024\/02\/ar-sac-cabas-jute-champs-1552.png 600w, https:\/\/www.lafabriquedecharpe.fr\/blog\/wp-content\/uploads\/2024\/02\/ar-sac-cabas-jute-champs-1552-300x300.png 300w, https:\/\/www.lafabriquedecharpe.fr\/blog\/wp-content\/uploads\/2024\/02\/ar-sac-cabas-jute-champs-1552-150x150.png 150w\" sizes=\"(max-width: 600px) 100vw, 600px\" \/><\/a><figcaption class=\"wp-element-caption\">Sac cabas en Jute marron brod\u00e9 &#8220;Fleurs de champs&#8221;<\/figcaption><\/figure>\n\n\n\n<div style=\"height:30px\" aria-hidden=\"true\" class=\"wp-block-spacer\"><\/div>\n\n\n\n<h2 class=\"wp-block-heading\">Cot\u00e9 mode, le sac tiss\u00e9, un accessoire tendance cet \u00e9t\u00e9 :<\/h2>\n\n\n\n<div style=\"height:30px\" aria-hidden=\"true\" class=\"wp-block-spacer\"><\/div>\n\n\n\n<p>C&#8217;est la vague pour les fourre-tout tiss\u00e9s, fabriqu\u00e9s souvent \u00e0 partir de <strong>mati\u00e8res recycl\u00e9es<\/strong> et orn\u00e9s de motifs originaux. Parall\u00e8lement \u00e0 l&#8217;\u00e9volution de la mode, il est clair que la conscience environnementale gagne du terrain. Ainsi pour l&#8217;\u00e9t\u00e9 prochain, on retrouve une foule de petits <strong>accessoires de mode \u00e9coresponsables<\/strong> comme des sacs tiss\u00e9s en mati\u00e8re recycl\u00e9e. Ces sacs t\u00e9moignent d&#8217;un r\u00e9el engagement envers la durabilit\u00e9 tout en gardant un vrai style. Ce choix des mati\u00e8res accompagn\u00e9 de designs innovants permet au fans de mode de rester en harmonie avec leur d\u00e9sir de prot\u00e9ger la plan\u00e8te ! <\/p>\n\n\n\n<p>Les sacs tiss\u00e9s artisanalement font un retour en force. Ils privil\u00e9gient une production en circuit court. Ils sont le plus souvent fabriqu\u00e9s en coton Bio, en raphia, en toile de jute ou en paille avec des motifs estivaux et des couleurs vives, qui incarnent un style plus d\u00e9contract\u00e9 pour l&#8217;\u00e9t\u00e9. Souvent en pi\u00e8ce unique ou fabriqu\u00e9s en petites s\u00e9ries, vous les adopterez pour vous d\u00e9marquer !<\/p>\n\n\n\n<div style=\"height:30px\" aria-hidden=\"true\" class=\"wp-block-spacer\"><\/div>\n\n\n\n<figure class=\"wp-block-image size-full is-resized\"><img decoding=\"async\" width=\"600\" height=\"600\" src=\"https:\/\/www.lafabriquedecharpe.fr\/blog\/wp-content\/uploads\/2024\/03\/image.png\" alt=\"\" class=\"wp-image-1184\" style=\"aspect-ratio:1;width:840px;height:auto\" srcset=\"https:\/\/www.lafabriquedecharpe.fr\/blog\/wp-content\/uploads\/2024\/03\/image.png 600w, https:\/\/www.lafabriquedecharpe.fr\/blog\/wp-content\/uploads\/2024\/03\/image-300x300.png 300w, https:\/\/www.lafabriquedecharpe.fr\/blog\/wp-content\/uploads\/2024\/03\/image-150x150.png 150w\" sizes=\"(max-width: 600px) 100vw, 600px\" \/><figcaption class=\"wp-element-caption\">Sac cabas tiss\u00e9 brod\u00e9 &#8220;Arbre de Nelly&#8221;<\/figcaption><\/figure>\n\n\n\n<div style=\"height:30px\" aria-hidden=\"true\" class=\"wp-block-spacer\"><\/div>\n\n\n\n<h2 class=\"wp-block-heading\">Les sacs tiss\u00e9s type CABAS pour l&#8217;\u00e9t\u00e9 :<\/h2>\n\n\n\n<div style=\"height:30px\" aria-hidden=\"true\" class=\"wp-block-spacer\"><\/div>\n\n\n\n<p>Sac pr\u00e9f\u00e9r\u00e9 de la working-girl autant que de la maman press\u00e9e, <strong>le sac cabas est aussi chic que pratique<\/strong>. Choisissez un <strong>sac cabas de grande contenance<\/strong> avec des poches int\u00e9rieures, le sac parfait pour partir en week-end cet \u00e9t\u00e9. Vous pourrez loger toutes les affaires n\u00e9cessaires pour deux jours de voyage. Au quotidien, pour aller au bureau, vous y glissez votre portable et les indispensables de la journ\u00e9e. Aussi ne l&#8217;oubliez pas pour transporter vos affaires de sport ! pour les courses entre copines ! pour les gouters en plein air !  Et en vacances cet \u00e9t\u00e9, ce sac tiss\u00e9 sera parfait pour accueillir lunettes de soleil, cr\u00e8me protectrice, serviette de plage, livres&#8230;un vrai sac de plage qui mettra de la couleur \u00e0 votre look !<\/p>\n\n\n\n<div style=\"height:30px\" aria-hidden=\"true\" class=\"wp-block-spacer\"><\/div>\n\n\n\n<figure class=\"wp-block-gallery has-nested-images columns-default is-cropped wp-block-gallery-1 is-layout-flex wp-block-gallery-is-layout-flex\">\n<figure class=\"wp-block-image size-large\"><a href=\"https:\/\/www.lafabriquedecharpe.fr\/art-sac-cabas-brode-peinture-anglaise-argent-1224.htm\"><img decoding=\"async\" width=\"600\" height=\"600\" data-id=\"1170\" src=\"https:\/\/www.lafabriquedecharpe.fr\/blog\/wp-content\/uploads\/2024\/02\/ar-sac-cabas-brode-peinture-anglaise-argent-1224.png\" alt=\"\" class=\"wp-image-1170\" srcset=\"https:\/\/www.lafabriquedecharpe.fr\/blog\/wp-content\/uploads\/2024\/02\/ar-sac-cabas-brode-peinture-anglaise-argent-1224.png 600w, https:\/\/www.lafabriquedecharpe.fr\/blog\/wp-content\/uploads\/2024\/02\/ar-sac-cabas-brode-peinture-anglaise-argent-1224-300x300.png 300w, https:\/\/www.lafabriquedecharpe.fr\/blog\/wp-content\/uploads\/2024\/02\/ar-sac-cabas-brode-peinture-anglaise-argent-1224-150x150.png 150w\" sizes=\"(max-width: 600px) 100vw, 600px\" \/><\/a><figcaption class=\"wp-element-caption\">Sac cabas brod\u00e9 &#8220;peinture anglaise&#8221;<\/figcaption><\/figure>\n\n\n\n<figure class=\"wp-block-image size-large\"><a href=\"https:\/\/www.lafabriquedecharpe.fr\/art-sac-cabas-brode-trio-fleuri-argent-1220.htm\"><img decoding=\"async\" width=\"600\" height=\"600\" data-id=\"1169\" src=\"https:\/\/www.lafabriquedecharpe.fr\/blog\/wp-content\/uploads\/2024\/02\/ar-sac-cabas-brode-trio-fleuri-argent-1220-1.png\" alt=\"\" class=\"wp-image-1169\" srcset=\"https:\/\/www.lafabriquedecharpe.fr\/blog\/wp-content\/uploads\/2024\/02\/ar-sac-cabas-brode-trio-fleuri-argent-1220-1.png 600w, https:\/\/www.lafabriquedecharpe.fr\/blog\/wp-content\/uploads\/2024\/02\/ar-sac-cabas-brode-trio-fleuri-argent-1220-1-300x300.png 300w, https:\/\/www.lafabriquedecharpe.fr\/blog\/wp-content\/uploads\/2024\/02\/ar-sac-cabas-brode-trio-fleuri-argent-1220-1-150x150.png 150w\" sizes=\"(max-width: 600px) 100vw, 600px\" \/><\/a><figcaption class=\"wp-element-caption\">Sac cabas brod\u00e9 &#8220;trio fleuri&#8221;<\/figcaption><\/figure>\n\n\n\n<figure class=\"wp-block-image size-large\"><a href=\"https:\/\/www.lafabriquedecharpe.fr\/art-sac-cabas-brode-mandalas-or-1215.htm\"><img decoding=\"async\" width=\"600\" height=\"600\" data-id=\"1171\" src=\"https:\/\/www.lafabriquedecharpe.fr\/blog\/wp-content\/uploads\/2024\/02\/ar-sac-cabas-brode-mandalas-or-1215-1.png\" alt=\"\" class=\"wp-image-1171\" srcset=\"https:\/\/www.lafabriquedecharpe.fr\/blog\/wp-content\/uploads\/2024\/02\/ar-sac-cabas-brode-mandalas-or-1215-1.png 600w, https:\/\/www.lafabriquedecharpe.fr\/blog\/wp-content\/uploads\/2024\/02\/ar-sac-cabas-brode-mandalas-or-1215-1-300x300.png 300w, https:\/\/www.lafabriquedecharpe.fr\/blog\/wp-content\/uploads\/2024\/02\/ar-sac-cabas-brode-mandalas-or-1215-1-150x150.png 150w\" sizes=\"(max-width: 600px) 100vw, 600px\" \/><\/a><figcaption class=\"wp-element-caption\">Sac cabas brod\u00e9 &#8220;mandalas&#8221;<\/figcaption><\/figure>\n<\/figure>\n\n\n\n<figure class=\"wp-block-gallery has-nested-images columns-default is-cropped wp-block-gallery-3 is-layout-flex wp-block-gallery-is-layout-flex\">\n<figure class=\"wp-block-image size-large\"><img decoding=\"async\" width=\"600\" height=\"600\" data-id=\"1187\" src=\"https:\/\/www.lafabriquedecharpe.fr\/blog\/wp-content\/uploads\/2024\/03\/ar-sac-cabas-jute-trio-fleuri-1550_5775.png\" alt=\"\" class=\"wp-image-1187\" srcset=\"https:\/\/www.lafabriquedecharpe.fr\/blog\/wp-content\/uploads\/2024\/03\/ar-sac-cabas-jute-trio-fleuri-1550_5775.png 600w, https:\/\/www.lafabriquedecharpe.fr\/blog\/wp-content\/uploads\/2024\/03\/ar-sac-cabas-jute-trio-fleuri-1550_5775-300x300.png 300w, https:\/\/www.lafabriquedecharpe.fr\/blog\/wp-content\/uploads\/2024\/03\/ar-sac-cabas-jute-trio-fleuri-1550_5775-150x150.png 150w\" sizes=\"(max-width: 600px) 100vw, 600px\" \/><figcaption class=\"wp-element-caption\">Sac cabas toile de jute broderie &#8220;Tri fleuri&#8221;<\/figcaption><\/figure>\n\n\n\n<figure class=\"wp-block-image size-large\"><img decoding=\"async\" width=\"600\" height=\"600\" data-id=\"1188\" src=\"https:\/\/www.lafabriquedecharpe.fr\/blog\/wp-content\/uploads\/2024\/03\/ar-sac-cabas-jute-solstice-1557_5831.png\" alt=\"\" class=\"wp-image-1188\" srcset=\"https:\/\/www.lafabriquedecharpe.fr\/blog\/wp-content\/uploads\/2024\/03\/ar-sac-cabas-jute-solstice-1557_5831.png 600w, https:\/\/www.lafabriquedecharpe.fr\/blog\/wp-content\/uploads\/2024\/03\/ar-sac-cabas-jute-solstice-1557_5831-300x300.png 300w, https:\/\/www.lafabriquedecharpe.fr\/blog\/wp-content\/uploads\/2024\/03\/ar-sac-cabas-jute-solstice-1557_5831-150x150.png 150w\" sizes=\"(max-width: 600px) 100vw, 600px\" \/><figcaption class=\"wp-element-caption\">Sac cabas toile de jute broderie &#8220;Solstice&#8221;<\/figcaption><\/figure>\n<\/figure>\n\n\n\n<div style=\"height:30px\" aria-hidden=\"true\" class=\"wp-block-spacer\"><\/div>\n\n\n\n<h2 class=\"wp-block-heading\">Pourquoi choisir un sac tiss\u00e9 pour l&#8217;\u00e9t\u00e9 ?<\/h2>\n\n\n\n<div style=\"height:30px\" aria-hidden=\"true\" class=\"wp-block-spacer\"><\/div>\n\n\n\n<p>Vus et revus sur les podiums, puis au bras de nombreuses ic\u00f4nes de mode, les sacs \u00e0 main tiss\u00e9s ont le vent en poupe, qu&#8217;ils soient en jute, en paille, en coton ou en bambou, ils se pr\u00e9sentent comme l&#8217;accessoire incontournable de l&#8217;\u00e9t\u00e9. Pour la saison d&#8217;\u00e9t\u00e9, le sac tiss\u00e9 reste l&#8217;accessoire de mode \u00e0 adopter tr\u00e8s facilement. Il <strong>ne tient pas de place<\/strong>, il est <strong>l\u00e9ger et pratique<\/strong> et il <strong>ne craint pas l&#8217;eau<\/strong>. Il en existe de toutes les couleurs et de tous les motifs et ainsi ils offrent \u00e0 votre dressing un style boh\u00e8me\/d\u00e9contract\u00e9, ou plus chic\/classique, s&#8217;inscrivant ainsi dans les tendances actuelles. Tr\u00e8s facile \u00e0 porter, vous pourrez l&#8217;assortir avec toutes vos tenues, par exemple avec un ensemble t-shirt en coton bio et jean&#8217;s, ou avec une longue jupe volant\u00e9e imprim\u00e9es fleuries, top l\u00e9ger et espadrilles, ou bien veste pantalon, blouse fluide et baskets. Il existe de <strong>multiples fa\u00e7ons de porter votre sac tiss\u00e9<\/strong>; soit en bandouli\u00e8re, soit \u00e0 l&#8217;\u00e9paule ou au bras et si il a de petites anses, vous le porterez \u00e0 la main. Un sac peut litt\u00e9ralement changer votre allure. Bien choisi, il compl\u00e8te un look de la plus simple \u00e0 la plus sophistiqu\u00e9e des fa\u00e7ons. Que l&#8217;on soit fan de tenues sportswear, de looks casual ou encore de silhouettes girly, pour la saison estivale, <strong>le sac cabas tiss\u00e9 est notre meilleur alli\u00e9 au quotidien. <\/strong><\/p>\n\n\n\n<div style=\"height:30px\" aria-hidden=\"true\" class=\"wp-block-spacer\"><\/div>\n\n\n\n<h2 class=\"wp-block-heading\">Les sacs tiss\u00e9s PERSONNALISABLES :<\/h2>\n\n\n\n<div style=\"height:30px\" aria-hidden=\"true\" class=\"wp-block-spacer\"><\/div>\n\n\n\n<figure class=\"wp-block-image size-full is-resized\"><img decoding=\"async\" width=\"600\" height=\"600\" src=\"https:\/\/www.lafabriquedecharpe.fr\/blog\/wp-content\/uploads\/2024\/02\/ar-sac-cabas-personnalisable-soleil-1545.png\" alt=\"\" class=\"wp-image-1173\" style=\"aspect-ratio:1;width:837px;height:auto\" srcset=\"https:\/\/www.lafabriquedecharpe.fr\/blog\/wp-content\/uploads\/2024\/02\/ar-sac-cabas-personnalisable-soleil-1545.png 600w, https:\/\/www.lafabriquedecharpe.fr\/blog\/wp-content\/uploads\/2024\/02\/ar-sac-cabas-personnalisable-soleil-1545-300x300.png 300w, https:\/\/www.lafabriquedecharpe.fr\/blog\/wp-content\/uploads\/2024\/02\/ar-sac-cabas-personnalisable-soleil-1545-150x150.png 150w\" sizes=\"(max-width: 600px) 100vw, 600px\" \/><figcaption class=\"wp-element-caption\">Sac cabas personnalisable avec votre texte brod\u00e9<\/figcaption><\/figure>\n\n\n\n<div style=\"height:30px\" aria-hidden=\"true\" class=\"wp-block-spacer\"><\/div>\n\n\n\n<p><a href=\"https:\/\/www.lafabriquedecharpe.fr\/cat-sacs-brodes-personnalisables-117.htm\">La Fabrique d&#8217;\u00e9charpe<\/a> vous offre un choix de sacs tiss\u00e9s et <strong>personnalisables par une broderie<\/strong>. Imaginer votre texte, et il sera brod\u00e9 sur votre sac ! Un sac fabriqu\u00e9 en France, sur lequel nous brodons dans notre atelier et \u00e0 chaque commande <strong>le texte de votre choix<\/strong>. Vous trouverez sur <a href=\"https:\/\/www.lafabriquedecharpe.fr\/cat-sacs-brodes-personnalisables-117.htm\">nos pages des exemples de texte brod\u00e9s <\/a>qui donnent une v\u00e9ritable fonction et personnalisation \u00e0 votre sac. Des mod\u00e8les uniques qui ne manqueront pas de faire sensation\u2026.. Id\u00e9al \u00e0 offrir pour une grande occasion, une naissance, un anniversaire, la f\u00eate des m\u00e8res&#8230;\u2026.ou simplement pour le plaisir. <\/p>\n\n\n\n<div style=\"height:30px\" aria-hidden=\"true\" class=\"wp-block-spacer\"><\/div>\n\n\n\n<figure class=\"wp-block-gallery has-nested-images columns-default is-cropped wp-block-gallery-5 is-layout-flex wp-block-gallery-is-layout-flex\">\n<figure class=\"wp-block-image size-large\"><a href=\"https:\/\/www.lafabriquedecharpe.fr\/art-sac-weekend-personnalisable-voyage-1444.htm\"><img decoding=\"async\" width=\"600\" height=\"600\" data-id=\"1176\" src=\"https:\/\/www.lafabriquedecharpe.fr\/blog\/wp-content\/uploads\/2024\/02\/ar-sac-weekend-personnalisable-voyage-1444.png\" alt=\"\" class=\"wp-image-1176\" srcset=\"https:\/\/www.lafabriquedecharpe.fr\/blog\/wp-content\/uploads\/2024\/02\/ar-sac-weekend-personnalisable-voyage-1444.png 600w, https:\/\/www.lafabriquedecharpe.fr\/blog\/wp-content\/uploads\/2024\/02\/ar-sac-weekend-personnalisable-voyage-1444-300x300.png 300w, https:\/\/www.lafabriquedecharpe.fr\/blog\/wp-content\/uploads\/2024\/02\/ar-sac-weekend-personnalisable-voyage-1444-150x150.png 150w\" sizes=\"(max-width: 600px) 100vw, 600px\" \/><\/a><\/figure>\n\n\n\n<figure class=\"wp-block-image size-large\"><a href=\"https:\/\/www.lafabriquedecharpe.fr\/art-sac-weekend-personnalisable-campagne-violet-1398.htm\"><img decoding=\"async\" width=\"600\" height=\"600\" data-id=\"1175\" src=\"https:\/\/www.lafabriquedecharpe.fr\/blog\/wp-content\/uploads\/2024\/02\/ar-sac-weekend-personnalisable-campagne-violet-1398.png\" alt=\"\" class=\"wp-image-1175\" srcset=\"https:\/\/www.lafabriquedecharpe.fr\/blog\/wp-content\/uploads\/2024\/02\/ar-sac-weekend-personnalisable-campagne-violet-1398.png 600w, https:\/\/www.lafabriquedecharpe.fr\/blog\/wp-content\/uploads\/2024\/02\/ar-sac-weekend-personnalisable-campagne-violet-1398-300x300.png 300w, https:\/\/www.lafabriquedecharpe.fr\/blog\/wp-content\/uploads\/2024\/02\/ar-sac-weekend-personnalisable-campagne-violet-1398-150x150.png 150w\" sizes=\"(max-width: 600px) 100vw, 600px\" \/><\/a><\/figure>\n\n\n\n<figure class=\"wp-block-image size-large\"><a href=\"https:\/\/www.lafabriquedecharpe.fr\/art-sac-a-langer-personnalisable-biberon-1390.htm\"><img decoding=\"async\" width=\"600\" height=\"600\" data-id=\"1174\" src=\"https:\/\/www.lafabriquedecharpe.fr\/blog\/wp-content\/uploads\/2024\/02\/ar-sac-a-langer-personnalisable-biberon-1390.png\" alt=\"\" class=\"wp-image-1174\" srcset=\"https:\/\/www.lafabriquedecharpe.fr\/blog\/wp-content\/uploads\/2024\/02\/ar-sac-a-langer-personnalisable-biberon-1390.png 600w, https:\/\/www.lafabriquedecharpe.fr\/blog\/wp-content\/uploads\/2024\/02\/ar-sac-a-langer-personnalisable-biberon-1390-300x300.png 300w, https:\/\/www.lafabriquedecharpe.fr\/blog\/wp-content\/uploads\/2024\/02\/ar-sac-a-langer-personnalisable-biberon-1390-150x150.png 150w\" sizes=\"(max-width: 600px) 100vw, 600px\" \/><\/a><\/figure>\n<\/figure>\n\n\n\n<figure class=\"wp-block-image size-full is-resized\"><a href=\"https:\/\/www.lafabriquedecharpe.fr\/art-sac-cabas-personnalisable-etoile-1546.htm\"><img decoding=\"async\" width=\"600\" height=\"600\" src=\"https:\/\/www.lafabriquedecharpe.fr\/blog\/wp-content\/uploads\/2024\/03\/ar-sac-cabas-personnalisable-etoile-1546_5762.png\" alt=\"\" class=\"wp-image-1189\" style=\"aspect-ratio:1;width:835px;height:auto\" srcset=\"https:\/\/www.lafabriquedecharpe.fr\/blog\/wp-content\/uploads\/2024\/03\/ar-sac-cabas-personnalisable-etoile-1546_5762.png 600w, https:\/\/www.lafabriquedecharpe.fr\/blog\/wp-content\/uploads\/2024\/03\/ar-sac-cabas-personnalisable-etoile-1546_5762-300x300.png 300w, https:\/\/www.lafabriquedecharpe.fr\/blog\/wp-content\/uploads\/2024\/03\/ar-sac-cabas-personnalisable-etoile-1546_5762-150x150.png 150w\" sizes=\"(max-width: 600px) 100vw, 600px\" \/><\/a><figcaption class=\"wp-element-caption\">Sac cabas personnalisable en toile jute brod\u00e9<\/figcaption><\/figure>\n\n\n\n<div style=\"height:30px\" aria-hidden=\"true\" class=\"wp-block-spacer\"><\/div>\n\n\n\n<h2 class=\"wp-block-heading\">Les petits sacs \u00e0 main tiss\u00e9s pour l&#8217;\u00e9t\u00e9:<\/h2>\n\n\n\n<div style=\"height:30px\" aria-hidden=\"true\" class=\"wp-block-spacer\"><\/div>\n\n\n\n<p>Tr\u00e8s en vogue cet \u00e9t\u00e9, <strong>les petits sacs \u00e0 main tiss\u00e9s sont pratiques<\/strong>, <strong>l\u00e9gers et confortables<\/strong> pour la saison estivale. Ils apportent une note color\u00e9e \u00e0 votre look.  Vous pourrez les choisir avec des motifs aux couleurs vives ou des tons plus pastels. Nous avons rep\u00e9r\u00e9 pour vous un sac \u00e0 bandouli\u00e8re en mati\u00e8re recycl\u00e9e et brod\u00e9 sur commande par La Fabrique d&#8217;\u00e9charpe (Lyon), <a href=\"https:\/\/www.lafabriquedecharpe.fr\/art-sac-bandouliere-brode-champs-or-1268.htm\">le sac bandouli\u00e8re &#8220;Fleurs de champs sur tissu fil\u00e9 Or&#8221;<\/a>. Vous trouverez plusieurs autres mod\u00e8les de broderie possibles sur cet article; motifs s&#8217;inspirant des tendances &#8220;mode&#8221; de cet \u00e9t\u00e9. <a href=\"https:\/\/www.lafabriquedecharpe.fr\/cat-sacs-brodes-116.htm\">Des sacs de taille moyenne, cr\u00e9\u00e9, tiss\u00e9 et brod\u00e9 \u00e0 Lyon<\/a>. Parfait pour un cadeau artisanal made in France !<\/p>\n\n\n\n<div style=\"height:30px\" aria-hidden=\"true\" class=\"wp-block-spacer\"><\/div>\n\n\n\n<figure class=\"wp-block-image size-full\"><a href=\"https:\/\/www.lafabriquedecharpe.fr\/art-sac-bandouliere-brode-champs-or-1268.htm\"><img decoding=\"async\" width=\"600\" height=\"600\" src=\"https:\/\/www.lafabriquedecharpe.fr\/blog\/wp-content\/uploads\/2024\/02\/image-3.png\" alt=\"\" class=\"wp-image-1179\" srcset=\"https:\/\/www.lafabriquedecharpe.fr\/blog\/wp-content\/uploads\/2024\/02\/image-3.png 600w, https:\/\/www.lafabriquedecharpe.fr\/blog\/wp-content\/uploads\/2024\/02\/image-3-300x300.png 300w, https:\/\/www.lafabriquedecharpe.fr\/blog\/wp-content\/uploads\/2024\/02\/image-3-150x150.png 150w\" sizes=\"(max-width: 600px) 100vw, 600px\" \/><\/a><figcaption class=\"wp-element-caption\">Sac bandouli\u00e8re tiss\u00e9 et brod\u00e9 &#8220;Fleurs des champs&#8221;<\/figcaption><\/figure>\n\n\n\n<div style=\"height:30px\" aria-hidden=\"true\" class=\"wp-block-spacer\"><\/div>\n\n\n\n<h2 class=\"wp-block-heading\">Pour conclure :<\/h2>\n\n\n\n<div style=\"height:30px\" aria-hidden=\"true\" class=\"wp-block-spacer\"><\/div>\n\n\n\n<p>En \u00e9t\u00e9, lorsque nous pouvons nous permettre un style plus d\u00e9contract\u00e9, nous rempla\u00e7ons volontiers les sacs en cuir classiques par <strong>des sacs tiss\u00e9s plein de l\u00e9g\u00e8ret\u00e9 et de confort pour la saison chaude<\/strong>. Ils conviennent parfaitement pour tous les jours ou pour des occasions sp\u00e9ciales comme un week-end \u00e0 la campagne, une vir\u00e9e shopping, un pique-nique en famille, comme sac de plage, sac de sport, sac \u00e0 langer pour b\u00e9b\u00e9&#8230;..etc. <\/p>\n\n\n\n<p><strong>Une chose est s\u00fbr<\/strong> : les sacs tiss\u00e9s et brod\u00e9s de <a href=\"https:\/\/www.lafabriquedecharpe.fr\/cat-la-fabrique-de-sac-84.htm\">La Fabrique d&#8217;\u00e9charpe<\/a> \u00e9gayeront en un claquement de doigts toutes vos silhouettes cette saison !<\/p>\n\n\n\n<div style=\"height:100px\" aria-hidden=\"true\" class=\"wp-block-spacer\"><\/div>\n","protected":false},"excerpt":{"rendered":"<p>Sacs \u00e0 main et sacs cabas tiss\u00e9s et personnalisables en jute, coton bio ou mati\u00e8re recycl\u00e9es, des motifs color\u00e9s pour agr\u00e9menter votre look.<\/p>\n","protected":false},"author":3,"featured_media":1215,"comment_status":"open","ping_status":"open","sticky":false,"template":"","format":"standard","meta":{"footnotes":""},"categories":[1],"tags":[287,290,17,289,176,292,177,288,291],"yoast_head":"<!-- This site is optimized with the Yoast SEO plugin v19.9 - https:\/\/yoast.com\/wordpress\/plugins\/seo\/ -->\n<title>Les sacs tiss\u00e9s pour l&#039;\u00e9t\u00e9 - La fabrique d&#039;\u00e9charpe<\/title>\n<meta name=\"description\" content=\"Sacs tiss\u00e9s et personnalisables en jute, coton ou mati\u00e8re recycl\u00e9e, des accessoires tendances aux motifs color\u00e9s pour agr\u00e9menter votre look.\" \/>\n<meta name=\"robots\" content=\"index, follow, max-snippet:-1, max-image-preview:large, max-video-preview:-1\" \/>\n<link rel=\"canonical\" href=\"https:\/\/www.lafabriquedecharpe.fr\/blog\/les-sacs-tisses-pour-lete\/\" \/>\n<meta property=\"og:locale\" content=\"fr_FR\" \/>\n<meta property=\"og:type\" content=\"article\" \/>\n<meta property=\"og:title\" content=\"Les sacs tiss\u00e9s pour l&#039;\u00e9t\u00e9 - La fabrique d&#039;\u00e9charpe\" \/>\n<meta property=\"og:description\" content=\"Sacs tiss\u00e9s et personnalisables en jute, coton ou mati\u00e8re recycl\u00e9e, des accessoires tendances aux motifs color\u00e9s pour agr\u00e9menter votre look.\" \/>\n<meta property=\"og:url\" content=\"https:\/\/www.lafabriquedecharpe.fr\/blog\/les-sacs-tisses-pour-lete\/\" \/>\n<meta property=\"og:site_name\" content=\"La fabrique d&#039;\u00e9charpe\" \/>\n<meta property=\"article:published_time\" content=\"2024-03-04T17:26:50+00:00\" \/>\n<meta property=\"article:modified_time\" content=\"2024-03-04T17:26:55+00:00\" \/>\n<meta property=\"og:image\" content=\"https:\/\/www.lafabriquedecharpe.fr\/blog\/wp-content\/uploads\/2024\/03\/Bandeau-sac-ete.jpg\" \/>\n\t<meta property=\"og:image:width\" content=\"2111\" \/>\n\t<meta property=\"og:image:height\" content=\"756\" \/>\n\t<meta property=\"og:image:type\" content=\"image\/jpeg\" \/>\n<meta name=\"author\" content=\"Christine DEGURSE\" \/>\n<meta name=\"twitter:card\" content=\"summary_large_image\" \/>\n<meta name=\"twitter:label1\" content=\"\u00c9crit par\" \/>\n\t<meta name=\"twitter:data1\" content=\"Christine DEGURSE\" \/>\n\t<meta name=\"twitter:label2\" content=\"Dur\u00e9e de lecture estim\u00e9e\" \/>\n\t<meta name=\"twitter:data2\" content=\"5 minutes\" \/>\n<!-- \/ Yoast SEO plugin. -->","yoast_head_json":{"title":"Les sacs tiss\u00e9s pour l'\u00e9t\u00e9 - La fabrique d&#039;\u00e9charpe","description":"Sacs tiss\u00e9s et personnalisables en jute, coton ou mati\u00e8re recycl\u00e9e, des accessoires tendances aux motifs color\u00e9s pour agr\u00e9menter votre look.","robots":{"index":"index","follow":"follow","max-snippet":"max-snippet:-1","max-image-preview":"max-image-preview:large","max-video-preview":"max-video-preview:-1"},"canonical":"https:\/\/www.lafabriquedecharpe.fr\/blog\/les-sacs-tisses-pour-lete\/","og_locale":"fr_FR","og_type":"article","og_title":"Les sacs tiss\u00e9s pour l'\u00e9t\u00e9 - La fabrique d&#039;\u00e9charpe","og_description":"Sacs tiss\u00e9s et personnalisables en jute, coton ou mati\u00e8re recycl\u00e9e, des accessoires tendances aux motifs color\u00e9s pour agr\u00e9menter votre look.","og_url":"https:\/\/www.lafabriquedecharpe.fr\/blog\/les-sacs-tisses-pour-lete\/","og_site_name":"La fabrique d&#039;\u00e9charpe","article_published_time":"2024-03-04T17:26:50+00:00","article_modified_time":"2024-03-04T17:26:55+00:00","og_image":[{"width":2111,"height":756,"url":"https:\/\/www.lafabriquedecharpe.fr\/blog\/wp-content\/uploads\/2024\/03\/Bandeau-sac-ete.jpg","type":"image\/jpeg"}],"author":"Christine DEGURSE","twitter_card":"summary_large_image","twitter_misc":{"\u00c9crit par":"Christine DEGURSE","Dur\u00e9e de lecture estim\u00e9e":"5 minutes"},"schema":{"@context":"https:\/\/schema.org","@graph":[{"@type":"WebPage","@id":"https:\/\/www.lafabriquedecharpe.fr\/blog\/les-sacs-tisses-pour-lete\/","url":"https:\/\/www.lafabriquedecharpe.fr\/blog\/les-sacs-tisses-pour-lete\/","name":"Les sacs tiss\u00e9s pour l'\u00e9t\u00e9 - La fabrique d&#039;\u00e9charpe","isPartOf":{"@id":"https:\/\/www.lafabriquedecharpe.fr\/blog\/#website"},"datePublished":"2024-03-04T17:26:50+00:00","dateModified":"2024-03-04T17:26:55+00:00","author":{"@id":"https:\/\/www.lafabriquedecharpe.fr\/blog\/#\/schema\/person\/1c703babc8565e57bc1ca3ba0698dabf"},"description":"Sacs tiss\u00e9s et personnalisables en jute, coton ou mati\u00e8re recycl\u00e9e, des accessoires tendances aux motifs color\u00e9s pour agr\u00e9menter votre look.","breadcrumb":{"@id":"https:\/\/www.lafabriquedecharpe.fr\/blog\/les-sacs-tisses-pour-lete\/#breadcrumb"},"inLanguage":"fr-FR","potentialAction":[{"@type":"ReadAction","target":["https:\/\/www.lafabriquedecharpe.fr\/blog\/les-sacs-tisses-pour-lete\/"]}]},{"@type":"BreadcrumbList","@id":"https:\/\/www.lafabriquedecharpe.fr\/blog\/les-sacs-tisses-pour-lete\/#breadcrumb","itemListElement":[{"@type":"ListItem","position":1,"name":"Accueil","item":"https:\/\/www.lafabriquedecharpe.fr\/blog\/"},{"@type":"ListItem","position":2,"name":"Les sacs tiss\u00e9s pour l&#8217;\u00e9t\u00e9"}]},{"@type":"WebSite","@id":"https:\/\/www.lafabriquedecharpe.fr\/blog\/#website","url":"https:\/\/www.lafabriquedecharpe.fr\/blog\/","name":"La fabrique d&#039;\u00e9charpe","description":"Le blog","potentialAction":[{"@type":"SearchAction","target":{"@type":"EntryPoint","urlTemplate":"https:\/\/www.lafabriquedecharpe.fr\/blog\/?s={search_term_string}"},"query-input":"required name=search_term_string"}],"inLanguage":"fr-FR"},{"@type":"Person","@id":"https:\/\/www.lafabriquedecharpe.fr\/blog\/#\/schema\/person\/1c703babc8565e57bc1ca3ba0698dabf","name":"Christine DEGURSE","image":{"@type":"ImageObject","inLanguage":"fr-FR","@id":"https:\/\/www.lafabriquedecharpe.fr\/blog\/#\/schema\/person\/image\/","url":"https:\/\/secure.gravatar.com\/avatar\/e41c40d8cae9026978cb106fc14af946?s=96&d=mm&r=g","contentUrl":"https:\/\/secure.gravatar.com\/avatar\/e41c40d8cae9026978cb106fc14af946?s=96&d=mm&r=g","caption":"Christine DEGURSE"},"url":"https:\/\/www.lafabriquedecharpe.fr\/blog\/author\/christine-degursewanadoo-fr\/"}]}},"_links":{"self":[{"href":"https:\/\/www.lafabriquedecharpe.fr\/blog\/wp-json\/wp\/v2\/posts\/1163"}],"collection":[{"href":"https:\/\/www.lafabriquedecharpe.fr\/blog\/wp-json\/wp\/v2\/posts"}],"about":[{"href":"https:\/\/www.lafabriquedecharpe.fr\/blog\/wp-json\/wp\/v2\/types\/post"}],"author":[{"embeddable":true,"href":"https:\/\/www.lafabriquedecharpe.fr\/blog\/wp-json\/wp\/v2\/users\/3"}],"replies":[{"embeddable":true,"href":"https:\/\/www.lafabriquedecharpe.fr\/blog\/wp-json\/wp\/v2\/comments?post=1163"}],"version-history":[{"count":9,"href":"https:\/\/www.lafabriquedecharpe.fr\/blog\/wp-json\/wp\/v2\/posts\/1163\/revisions"}],"predecessor-version":[{"id":1195,"href":"https:\/\/www.lafabriquedecharpe.fr\/blog\/wp-json\/wp\/v2\/posts\/1163\/revisions\/1195"}],"wp:featuredmedia":[{"embeddable":true,"href":"https:\/\/www.lafabriquedecharpe.fr\/blog\/wp-json\/wp\/v2\/media\/1215"}],"wp:attachment":[{"href":"https:\/\/www.lafabriquedecharpe.fr\/blog\/wp-json\/wp\/v2\/media?parent=1163"}],"wp:term":[{"taxonomy":"category","embeddable":true,"href":"https:\/\/www.lafabriquedecharpe.fr\/blog\/wp-json\/wp\/v2\/categories?post=1163"},{"taxonomy":"post_tag","embeddable":true,"href":"https:\/\/www.lafabriquedecharpe.fr\/blog\/wp-json\/wp\/v2\/tags?post=1163"}],"curies":[{"name":"wp","href":"https:\/\/api.w.org\/{rel}","templated":true}]}}