{"id":1217,"date":"2024-03-15T10:25:29","date_gmt":"2024-03-15T09:25:29","guid":{"rendered":"https:\/\/www.lafabriquedecharpe.fr\/blog\/?p=1217"},"modified":"2024-06-21T16:09:32","modified_gmt":"2024-06-21T14:09:32","slug":"avantages-sacs-tisses-brodes-francais","status":"publish","type":"post","link":"https:\/\/www.lafabriquedecharpe.fr\/blog\/avantages-sacs-tisses-brodes-francais\/","title":{"rendered":"Les avantages des sacs tiss\u00e9s et brod\u00e9s en France"},"content":{"rendered":"\n<div style=\"height:30px\" aria-hidden=\"true\" class=\"wp-block-spacer\"><\/div>\n\n\n\n<p>Les avantages de choisir un sac tiss\u00e9 et\/ou brod\u00e9 en France sont nombreux. Nous pouvons d\u00e9velopper 4 points importants:<\/p>\n\n\n\n<div style=\"height:30px\" aria-hidden=\"true\" class=\"wp-block-spacer\"><\/div>\n\n\n\n<div class=\"wp-block-group is-layout-constrained wp-block-group-is-layout-constrained\"><div class=\"wp-block-group__inner-container\">\n<p><strong>Acheter Fran\u00e7ais<\/strong>, c&#8217;est-\u00e0-dire faire le choix d&#8217;une consommation plus responsable<\/p>\n\n\n\n<p><strong>Soutenir le tissage artisanal<\/strong> et local, le savoir-faire et les emplois<\/p>\n\n\n\n<p><strong>B\u00e9n\u00e9ficier d&#8217;un design original<\/strong> et diff\u00e9renciant, <\/p>\n\n\n\n<p><strong>Cr\u00e9ation personnalis\u00e9e<\/strong> et unique<\/p>\n<\/div><\/div>\n\n\n\n<div style=\"height:30px\" aria-hidden=\"true\" class=\"wp-block-spacer\"><\/div>\n\n\n\n<figure class=\"wp-block-gallery has-nested-images columns-default is-cropped wp-block-gallery-2 is-layout-flex wp-block-gallery-is-layout-flex\">\n<figure class=\"wp-block-image size-large\"><img decoding=\"async\" width=\"640\" height=\"480\" data-id=\"1226\" src=\"https:\/\/www.lafabriquedecharpe.fr\/blog\/wp-content\/uploads\/2024\/03\/IMG_3964.jpg\" alt=\"\" class=\"wp-image-1226\"\/><\/figure>\n\n\n\n<figure class=\"wp-block-image size-large\"><img decoding=\"async\" width=\"640\" height=\"480\" data-id=\"1224\" src=\"https:\/\/www.lafabriquedecharpe.fr\/blog\/wp-content\/uploads\/2024\/03\/IMG_3959-1.jpg\" alt=\"\" class=\"wp-image-1224\" srcset=\"https:\/\/www.lafabriquedecharpe.fr\/blog\/wp-content\/uploads\/2024\/03\/IMG_3959-1.jpg 640w, https:\/\/www.lafabriquedecharpe.fr\/blog\/wp-content\/uploads\/2024\/03\/IMG_3959-1-300x225.jpg 300w\" sizes=\"(max-width: 640px) 100vw, 640px\" \/><\/figure>\n\n\n\n<figure class=\"wp-block-image size-large\"><img decoding=\"async\" width=\"640\" height=\"480\" data-id=\"1225\" src=\"https:\/\/www.lafabriquedecharpe.fr\/blog\/wp-content\/uploads\/2024\/03\/IMG_3966.jpg\" alt=\"\" class=\"wp-image-1225\"\/><\/figure>\n<figcaption class=\"blocks-gallery-caption wp-element-caption\">Des sacs tiss\u00e9s en Jacquard une petite collection dessin &#8220;minis carreaux multicolores&#8221;<\/figcaption><\/figure>\n\n\n\n<div style=\"height:30px\" aria-hidden=\"true\" class=\"wp-block-spacer\"><\/div>\n\n\n\n<h2 class=\"wp-block-heading\">Les avantages d&#8217;acheter fran\u00e7ais :<\/h2>\n\n\n\n<div style=\"height:30px\" aria-hidden=\"true\" class=\"wp-block-spacer\"><\/div>\n\n\n\n<h3 class=\"wp-block-heading\">Acheter Fran\u00e7ais est un gage de qualit\u00e9:<\/h3>\n\n\n\n<p>Pourquoi ? Et bien parce que la fabrication fran\u00e7aise respecte des normes tr\u00e8s strictes. Elle prend en compte la qualit\u00e9 et la provenance des mati\u00e8res premi\u00e8res. Et aussi le proc\u00e9d\u00e9 de fabrication, la durabilit\u00e9 du produit fini etc\u2026 On le sait, acheter des produits fabriqu\u00e9s en France, c\u2019est soutenir <strong>un savoir-faire unique et tr\u00e8s qualifi\u00e9 reconnu dans le monde entier<\/strong>.<\/p>\n\n\n\n<p>Les sacs tiss\u00e9s et\/ou brod\u00e9s comme le propose La Fabrique d&#8217;\u00e9charpe sont d&#8217;une tr\u00e8s bonne durabilit\u00e9 et d&#8217;une haute r\u00e9sistance. Les mati\u00e8res premi\u00e8res ont \u00e9t\u00e9 choisies pour leur <strong>solidit\u00e9<\/strong> comme les mati\u00e8res naturelles telles que le coton, la toile de jute, des tissus en mati\u00e8re recycl\u00e9es \u00e0 base de coton , de lin&#8230;.Le process de fabrication; <strong>le tissage &#8220;Jacquard &#8220;<\/strong> et la confection respectent les r\u00e8gles de l&#8217;art, des techniques ancestrales transmises de g\u00e9n\u00e9ration en g\u00e9n\u00e9ration depuis plusieurs si\u00e8cles. <\/p>\n\n\n\n<div style=\"height:30px\" aria-hidden=\"true\" class=\"wp-block-spacer\"><\/div>\n\n\n\n<h3 class=\"wp-block-heading\">Acheter fran\u00e7ais : une r\u00e9duction de l\u2019impact environnemental<\/h3>\n\n\n\n<p>Acheter fran\u00e7ais c\u2019est aussi r\u00e9duire son impact sur l\u2019environnement. Et oui, un produit fait en France fera beaucoup <strong>moins de kilom\u00e8tres<\/strong> qu\u2019un produit import\u00e9 de l\u2019autre bout de la plan\u00e8te. Et qui dit moins de kilom\u00e8tres, dit moins d\u2019essence et donc <strong>moins de pollution<\/strong>.<\/p>\n\n\n\n<p>Acheter fran\u00e7ais c\u2019est donc faire le choix d\u2019un mode de consommation plus respectueux de l\u2019environnement. Alors m\u00eame si l\u2019<strong>\u00e9cologie<\/strong> n\u2019est pas forc\u00e9ment au centre de vos pr\u00e9occupations, il faut avouer que ce n\u2019est pas bien compliqu\u00e9 de donner un petit coup de main \u00e0 la plan\u00e8te. Il suffit d\u2019acheter plus souvent <strong>des produits fabriqu\u00e9s dans son pays<\/strong>. Soucieux de l&#8217;impact environnemental, La Fabrique d&#8217;\u00e9charpe favorise les circuits courts et locaux avec <a href=\"https:\/\/www.lafabriquedecharpe.fr\/fabrique.htm\">une production v\u00e9ritablement &#8220;fabriqu\u00e9 \u00e0 Lyon&#8221;.<\/a><\/p>\n\n\n\n<div style=\"height:30px\" aria-hidden=\"true\" class=\"wp-block-spacer\"><\/div>\n\n\n\n<figure class=\"wp-block-image size-large is-resized\"><img decoding=\"async\" width=\"1024\" height=\"1024\" src=\"https:\/\/www.lafabriquedecharpe.fr\/blog\/wp-content\/uploads\/2024\/03\/Logo-Made-In-Lyon-1024x1024.png\" alt=\"\" class=\"wp-image-1219\" style=\"aspect-ratio:1;width:275px;height:auto\" srcset=\"https:\/\/www.lafabriquedecharpe.fr\/blog\/wp-content\/uploads\/2024\/03\/Logo-Made-In-Lyon-1024x1024.png 1024w, https:\/\/www.lafabriquedecharpe.fr\/blog\/wp-content\/uploads\/2024\/03\/Logo-Made-In-Lyon-300x300.png 300w, https:\/\/www.lafabriquedecharpe.fr\/blog\/wp-content\/uploads\/2024\/03\/Logo-Made-In-Lyon-150x150.png 150w, https:\/\/www.lafabriquedecharpe.fr\/blog\/wp-content\/uploads\/2024\/03\/Logo-Made-In-Lyon-768x768.png 768w, https:\/\/www.lafabriquedecharpe.fr\/blog\/wp-content\/uploads\/2024\/03\/Logo-Made-In-Lyon-1536x1536.png 1536w, https:\/\/www.lafabriquedecharpe.fr\/blog\/wp-content\/uploads\/2024\/03\/Logo-Made-In-Lyon-2048x2048.png 2048w\" sizes=\"(max-width: 1024px) 100vw, 1024px\" \/><figcaption class=\"wp-element-caption\">La Fabrique d&#8217;\u00e9charpe b\u00e9n\u00e9ficie du <strong>label &#8220;made in Lyon&#8221;<\/strong><\/figcaption><\/figure>\n\n\n\n<div style=\"height:30px\" aria-hidden=\"true\" class=\"wp-block-spacer\"><\/div>\n\n\n\n<h3 class=\"wp-block-heading\">Acheter fran\u00e7ais pour une garantie du respect des normes sociales<\/h3>\n\n\n\n<p>L\u2019achat de produits fabriqu\u00e9s en France est une garantie du respect des normes sociales. Dans de nombreux pays comme la Chine, le Bangladesh ou l\u2019Inde pour ne pas les citer, les conditions de travail ne sont pas g\u00e9niales. En effet, salaires de mis\u00e8re, travail des enfants, mauvaises conditions sanitaires, mauvaises conditions de s\u00e9curit\u00e9&#8230;.. ne sont pas du tout r\u00e8glement\u00e9s<\/p>\n\n\n\n<p><br>Acheter fran\u00e7ais c\u2019est donc faire le choix d\u2019<strong>une consommation plus responsable<\/strong> (on assure qu\u2019aucun enfant ne travaille dans les ateliers de fabrication). C\u2019est la garantie que le produit a \u00e9t\u00e9 fabriqu\u00e9 dans de bonnes conditions et dans le respect des Droits de l\u2019Homme.<\/p>\n\n\n\n<div style=\"height:30px\" aria-hidden=\"true\" class=\"wp-block-spacer\"><\/div>\n\n\n\n<h2 class=\"wp-block-heading\"><strong>Choisir un sac tiss\u00e9 et brod\u00e9: un soutien \u00e0 l\u2019artisanat fran\u00e7aise<\/strong><\/h2>\n\n\n\n<div style=\"height:30px\" aria-hidden=\"true\" class=\"wp-block-spacer\"><\/div>\n\n\n\n<p>Acheter local permet \u00e9galement de valoriser et de <strong>soutenir nos entreprises artisanales et leur savoir-faire<\/strong> et aussi de pr\u00e9server les emplois.<\/p>\n\n\n\n<p>Choisir des produits fabriqu\u00e9s en France <strong>c\u2019est soutenir activement l\u2019\u00e9conomie du pays<\/strong>. Ce qui est d\u2019autant plus important durant cette p\u00e9riode post crise sanitaire. Les entreprises ont souffert pendant cette p\u00e9riode et elles ont besoin des consommateurs afin de relancer leur activit\u00e9.<\/p>\n\n\n\n<p>Depuis plusieurs g\u00e9n\u00e9rations, La Fabrique d&#8217;\u00e9charpe se bat pour sauver le patrimoine de l&#8217;artisanat textile en France. La Fabrique d&#8217;\u00e9charpe est sp\u00e9cialis\u00e9e dans le tissage &#8220;Jacquard&#8221; savoir-faire de la r\u00e9gion de Lyon, berceau des &#8220;canuts&#8221;. Elle offre <a href=\"https:\/\/www.lafabriquedecharpe.fr\/cat-la-fabrique-de-sac-84.htm\">un choix de sacs tiss\u00e9<\/a> suivant cette technique traditionnelle sur ses propres m\u00e9tiers \u00e0 tisser.<\/p>\n\n\n\n<div style=\"height:30px\" aria-hidden=\"true\" class=\"wp-block-spacer\"><\/div>\n\n\n\n<figure class=\"wp-block-image size-large\"><a href=\"https:\/\/www.lafabriquedecharpe.fr\/fabrique.htm\"><img decoding=\"async\" width=\"1024\" height=\"685\" src=\"https:\/\/www.lafabriquedecharpe.fr\/blog\/wp-content\/uploads\/2023\/08\/metier-a-tisser-dornier-16-couleurs-1024x685.jpg\" alt=\"\" class=\"wp-image-848\" srcset=\"https:\/\/www.lafabriquedecharpe.fr\/blog\/wp-content\/uploads\/2023\/08\/metier-a-tisser-dornier-16-couleurs-1024x685.jpg 1024w, https:\/\/www.lafabriquedecharpe.fr\/blog\/wp-content\/uploads\/2023\/08\/metier-a-tisser-dornier-16-couleurs-300x201.jpg 300w, https:\/\/www.lafabriquedecharpe.fr\/blog\/wp-content\/uploads\/2023\/08\/metier-a-tisser-dornier-16-couleurs-768x514.jpg 768w, https:\/\/www.lafabriquedecharpe.fr\/blog\/wp-content\/uploads\/2023\/08\/metier-a-tisser-dornier-16-couleurs-1536x1028.jpg 1536w, https:\/\/www.lafabriquedecharpe.fr\/blog\/wp-content\/uploads\/2023\/08\/metier-a-tisser-dornier-16-couleurs-2048x1371.jpg 2048w\" sizes=\"(max-width: 1024px) 100vw, 1024px\" \/><\/a><figcaption class=\"wp-element-caption\">Un m\u00e9tier \u00e0 tisser Jacquard de l&#8217;atelier de La Fabrique d&#8217;\u00e9charpe<\/figcaption><\/figure>\n\n\n\n<div style=\"height:30px\" aria-hidden=\"true\" class=\"wp-block-spacer\"><\/div>\n\n\n\n<h2 class=\"wp-block-heading\">Du style pour des sacs tiss\u00e9s et\/ou brod\u00e9s :<\/h2>\n\n\n\n<div style=\"height:30px\" aria-hidden=\"true\" class=\"wp-block-spacer\"><\/div>\n\n\n\n<p>Les sacs tiss\u00e9s et brod\u00e9s ont <strong>le vent en poupe<\/strong>. Aussi bien pour l&#8217;\u00e9t\u00e9 que pour l&#8217;hiver, vous apportez une vraie <strong>fantaisie \u00e0 votre look<\/strong> avec un sac tiss\u00e9 aux motifs et coloris originaux. C&#8217;est <strong>un accessoire de mode tr\u00e8s tendance<\/strong> qui peut agr\u00e9menter tous les styles, des motifs ethniques sur un look boh\u00e8me chic, des motifs plus g\u00e9om\u00e9triques pour un look working-girl&#8230;..Pour joindre l&#8217;utile \u00e0 l&#8217;agr\u00e9able, choisissez des grands sacs o\u00f9 vous pourrez fourrer un bon nombre d&#8217;affaires et partir en week-end\u2026.<a href=\"https:\/\/www.lafabriquedecharpe.fr\/cat-la-fabrique-de-sac-84.htm\">Les sacs tiss\u00e9s et\/ou brod\u00e9s en France<\/a> sont fabriqu\u00e9s <strong>en petites s\u00e9ries<\/strong>, ainsi vous \u00e9vitez d&#8217;avoir le m\u00eame sac que votre copine ou&#8230;.votre belle-m\u00e8re !<\/p>\n\n\n\n<div style=\"height:30px\" aria-hidden=\"true\" class=\"wp-block-spacer\"><\/div>\n\n\n\n<figure class=\"wp-block-image size-full is-resized\"><a href=\"https:\/\/www.lafabriquedecharpe.fr\/art-sac-cabas-jute-champs-1552.htm\"><img decoding=\"async\" width=\"600\" height=\"600\" src=\"https:\/\/www.lafabriquedecharpe.fr\/blog\/wp-content\/uploads\/2024\/03\/ar-sac-cabas-jute-champs-1552.png\" alt=\"\" class=\"wp-image-1223\" style=\"aspect-ratio:1;width:840px;height:auto\" srcset=\"https:\/\/www.lafabriquedecharpe.fr\/blog\/wp-content\/uploads\/2024\/03\/ar-sac-cabas-jute-champs-1552.png 600w, https:\/\/www.lafabriquedecharpe.fr\/blog\/wp-content\/uploads\/2024\/03\/ar-sac-cabas-jute-champs-1552-300x300.png 300w, https:\/\/www.lafabriquedecharpe.fr\/blog\/wp-content\/uploads\/2024\/03\/ar-sac-cabas-jute-champs-1552-150x150.png 150w\" sizes=\"(max-width: 600px) 100vw, 600px\" \/><\/a><figcaption class=\"wp-element-caption\">Sac cabas en toile de jute broderie &#8220;Fleurs de champs&#8221;<\/figcaption><\/figure>\n\n\n\n<div style=\"height:30px\" aria-hidden=\"true\" class=\"wp-block-spacer\"><\/div>\n\n\n\n<h3 class=\"wp-block-heading\">Des sacs personnalisables:<\/h3>\n\n\n\n<p><a href=\"https:\/\/www.lafabriquedecharpe.fr\/cat-sacs-brodes-personnalisables-117.htm\">La Fabrique d&#8217;\u00e9charpe vous propose la possibilit\u00e9 de personnaliser votre sac<\/a> en tissu par un texte brod\u00e9 sur le devant du sac. Ainsi, votre sac sera <strong>unique<\/strong>, parfait pour un cadeau utile et tr\u00e8s tendance<\/p>\n\n\n\n<div style=\"height:30px\" aria-hidden=\"true\" class=\"wp-block-spacer\"><\/div>\n\n\n\n<figure class=\"wp-block-gallery has-nested-images columns-default is-cropped wp-block-gallery-4 is-layout-flex wp-block-gallery-is-layout-flex\">\n<figure class=\"wp-block-image size-large\"><a href=\"https:\/\/www.lafabriquedecharpe.fr\/art-sac-weekend-personnalisable-campagne-marron-1397.htm\"><img decoding=\"async\" width=\"600\" height=\"600\" data-id=\"1222\" src=\"https:\/\/www.lafabriquedecharpe.fr\/blog\/wp-content\/uploads\/2024\/03\/ar-sac-weekend-personnalisable-campagne-marron-1397_3475.png\" alt=\"\" class=\"wp-image-1222\" srcset=\"https:\/\/www.lafabriquedecharpe.fr\/blog\/wp-content\/uploads\/2024\/03\/ar-sac-weekend-personnalisable-campagne-marron-1397_3475.png 600w, https:\/\/www.lafabriquedecharpe.fr\/blog\/wp-content\/uploads\/2024\/03\/ar-sac-weekend-personnalisable-campagne-marron-1397_3475-300x300.png 300w, https:\/\/www.lafabriquedecharpe.fr\/blog\/wp-content\/uploads\/2024\/03\/ar-sac-weekend-personnalisable-campagne-marron-1397_3475-150x150.png 150w\" sizes=\"(max-width: 600px) 100vw, 600px\" \/><\/a><\/figure>\n\n\n\n<figure class=\"wp-block-image size-large\"><a href=\"https:\/\/www.lafabriquedecharpe.fr\/art-sac-cabas-personnalisable-soleil-1545.htm\"><img decoding=\"async\" width=\"600\" height=\"600\" data-id=\"1221\" src=\"https:\/\/www.lafabriquedecharpe.fr\/blog\/wp-content\/uploads\/2024\/03\/ar-sac-cabas-personnalisable-soleil-1545.png\" alt=\"\" class=\"wp-image-1221\" srcset=\"https:\/\/www.lafabriquedecharpe.fr\/blog\/wp-content\/uploads\/2024\/03\/ar-sac-cabas-personnalisable-soleil-1545.png 600w, https:\/\/www.lafabriquedecharpe.fr\/blog\/wp-content\/uploads\/2024\/03\/ar-sac-cabas-personnalisable-soleil-1545-300x300.png 300w, https:\/\/www.lafabriquedecharpe.fr\/blog\/wp-content\/uploads\/2024\/03\/ar-sac-cabas-personnalisable-soleil-1545-150x150.png 150w\" sizes=\"(max-width: 600px) 100vw, 600px\" \/><\/a><\/figure>\n\n\n\n<figure class=\"wp-block-image size-large\"><a href=\"https:\/\/www.lafabriquedecharpe.fr\/art-sac-a-langer-personnalisable-cheval-1403.htm\"><img decoding=\"async\" width=\"600\" height=\"600\" data-id=\"1220\" src=\"https:\/\/www.lafabriquedecharpe.fr\/blog\/wp-content\/uploads\/2024\/03\/ar-sac-a-langer-personnalisable-cheval-1403_3640.png\" alt=\"\" class=\"wp-image-1220\" srcset=\"https:\/\/www.lafabriquedecharpe.fr\/blog\/wp-content\/uploads\/2024\/03\/ar-sac-a-langer-personnalisable-cheval-1403_3640.png 600w, https:\/\/www.lafabriquedecharpe.fr\/blog\/wp-content\/uploads\/2024\/03\/ar-sac-a-langer-personnalisable-cheval-1403_3640-300x300.png 300w, https:\/\/www.lafabriquedecharpe.fr\/blog\/wp-content\/uploads\/2024\/03\/ar-sac-a-langer-personnalisable-cheval-1403_3640-150x150.png 150w\" sizes=\"(max-width: 600px) 100vw, 600px\" \/><\/a><\/figure>\n<figcaption class=\"blocks-gallery-caption wp-element-caption\">Des sacs personnalisables par le texte de votre choix<\/figcaption><\/figure>\n\n\n\n<div style=\"height:30px\" aria-hidden=\"true\" class=\"wp-block-spacer\"><\/div>\n\n\n\n<h2 class=\"wp-block-heading\">Pour conclure&#8230;&#8230;&#8230;.<\/h2>\n\n\n\n<p>Choisissez un sac tiss\u00e9 et brod\u00e9 de fabrication fran\u00e7aise ! pour une consommation plus responsable, pour soutenir l&#8217;artisanat local, et pour apporter une note originale et diff\u00e9renciante, sans oublier le cot\u00e9 pratique et facile \u00e0 entretenir. <strong>Un cadeau id\u00e9al pour un anniversaire, la f\u00eate des m\u00e8res, No\u00ebl ou simplement pour se faire plaisir !<\/strong><\/p>\n\n\n\n<div style=\"height:50px\" aria-hidden=\"true\" class=\"wp-block-spacer\"><\/div>\n","protected":false},"excerpt":{"rendered":"<p>Acheter Fran\u00e7ais, faire le choix d&#8217;une consommation plus responsable, soutenir l&#8217;artisanat local, pour des sacs tendances aux designs originaux<\/p>\n","protected":false},"author":3,"featured_media":1257,"comment_status":"open","ping_status":"open","sticky":false,"template":"","format":"standard","meta":{"footnotes":""},"categories":[1],"tags":[297,23,290,146,299,296,156,176,294,295],"yoast_head":"<!-- This site is optimized with the Yoast SEO plugin v19.9 - https:\/\/yoast.com\/wordpress\/plugins\/seo\/ -->\n<title>Les avantages des sacs tiss\u00e9s et brod\u00e9s en France - La fabrique d&#039;\u00e9charpe<\/title>\n<meta name=\"description\" content=\"Acheter Fran\u00e7ais, faire le choix d&#039;une consommation plus responsable, soutenir l&#039;artisanat local, pour des sacs tendances aux designs originaux\" \/>\n<meta name=\"robots\" content=\"index, follow, max-snippet:-1, max-image-preview:large, max-video-preview:-1\" \/>\n<link rel=\"canonical\" href=\"https:\/\/www.lafabriquedecharpe.fr\/blog\/avantages-sacs-tisses-brodes-francais\/\" \/>\n<meta property=\"og:locale\" content=\"fr_FR\" \/>\n<meta property=\"og:type\" content=\"article\" \/>\n<meta property=\"og:title\" content=\"Les avantages des sacs tiss\u00e9s et brod\u00e9s en France - La fabrique d&#039;\u00e9charpe\" \/>\n<meta property=\"og:description\" content=\"Acheter Fran\u00e7ais, faire le choix d&#039;une consommation plus responsable, soutenir l&#039;artisanat local, pour des sacs tendances aux designs originaux\" \/>\n<meta property=\"og:url\" content=\"https:\/\/www.lafabriquedecharpe.fr\/blog\/avantages-sacs-tisses-brodes-francais\/\" \/>\n<meta property=\"og:site_name\" content=\"La fabrique d&#039;\u00e9charpe\" \/>\n<meta property=\"article:published_time\" content=\"2024-03-15T09:25:29+00:00\" \/>\n<meta property=\"article:modified_time\" content=\"2024-06-21T14:09:32+00:00\" \/>\n<meta property=\"og:image\" content=\"https:\/\/www.lafabriquedecharpe.fr\/blog\/wp-content\/uploads\/2024\/03\/Bandeau-sac.jpg\" \/>\n\t<meta property=\"og:image:width\" content=\"2111\" \/>\n\t<meta property=\"og:image:height\" content=\"756\" \/>\n\t<meta property=\"og:image:type\" content=\"image\/jpeg\" \/>\n<meta name=\"author\" content=\"Christine DEGURSE\" \/>\n<meta name=\"twitter:card\" content=\"summary_large_image\" \/>\n<meta name=\"twitter:label1\" content=\"\u00c9crit par\" \/>\n\t<meta name=\"twitter:data1\" content=\"Christine DEGURSE\" \/>\n\t<meta name=\"twitter:label2\" content=\"Dur\u00e9e de lecture estim\u00e9e\" \/>\n\t<meta name=\"twitter:data2\" content=\"5 minutes\" \/>\n<!-- \/ Yoast SEO plugin. -->","yoast_head_json":{"title":"Les avantages des sacs tiss\u00e9s et brod\u00e9s en France - La fabrique d&#039;\u00e9charpe","description":"Acheter Fran\u00e7ais, faire le choix d'une consommation plus responsable, soutenir l'artisanat local, pour des sacs tendances aux designs originaux","robots":{"index":"index","follow":"follow","max-snippet":"max-snippet:-1","max-image-preview":"max-image-preview:large","max-video-preview":"max-video-preview:-1"},"canonical":"https:\/\/www.lafabriquedecharpe.fr\/blog\/avantages-sacs-tisses-brodes-francais\/","og_locale":"fr_FR","og_type":"article","og_title":"Les avantages des sacs tiss\u00e9s et brod\u00e9s en France - La fabrique d&#039;\u00e9charpe","og_description":"Acheter Fran\u00e7ais, faire le choix d'une consommation plus responsable, soutenir l'artisanat local, pour des sacs tendances aux designs originaux","og_url":"https:\/\/www.lafabriquedecharpe.fr\/blog\/avantages-sacs-tisses-brodes-francais\/","og_site_name":"La fabrique d&#039;\u00e9charpe","article_published_time":"2024-03-15T09:25:29+00:00","article_modified_time":"2024-06-21T14:09:32+00:00","og_image":[{"width":2111,"height":756,"url":"https:\/\/www.lafabriquedecharpe.fr\/blog\/wp-content\/uploads\/2024\/03\/Bandeau-sac.jpg","type":"image\/jpeg"}],"author":"Christine DEGURSE","twitter_card":"summary_large_image","twitter_misc":{"\u00c9crit par":"Christine DEGURSE","Dur\u00e9e de lecture estim\u00e9e":"5 minutes"},"schema":{"@context":"https:\/\/schema.org","@graph":[{"@type":"WebPage","@id":"https:\/\/www.lafabriquedecharpe.fr\/blog\/avantages-sacs-tisses-brodes-francais\/","url":"https:\/\/www.lafabriquedecharpe.fr\/blog\/avantages-sacs-tisses-brodes-francais\/","name":"Les avantages des sacs tiss\u00e9s et brod\u00e9s en France - La fabrique d&#039;\u00e9charpe","isPartOf":{"@id":"https:\/\/www.lafabriquedecharpe.fr\/blog\/#website"},"datePublished":"2024-03-15T09:25:29+00:00","dateModified":"2024-06-21T14:09:32+00:00","author":{"@id":"https:\/\/www.lafabriquedecharpe.fr\/blog\/#\/schema\/person\/1c703babc8565e57bc1ca3ba0698dabf"},"description":"Acheter Fran\u00e7ais, faire le choix d'une consommation plus responsable, soutenir l'artisanat local, pour des sacs tendances aux designs originaux","breadcrumb":{"@id":"https:\/\/www.lafabriquedecharpe.fr\/blog\/avantages-sacs-tisses-brodes-francais\/#breadcrumb"},"inLanguage":"fr-FR","potentialAction":[{"@type":"ReadAction","target":["https:\/\/www.lafabriquedecharpe.fr\/blog\/avantages-sacs-tisses-brodes-francais\/"]}]},{"@type":"BreadcrumbList","@id":"https:\/\/www.lafabriquedecharpe.fr\/blog\/avantages-sacs-tisses-brodes-francais\/#breadcrumb","itemListElement":[{"@type":"ListItem","position":1,"name":"Accueil","item":"https:\/\/www.lafabriquedecharpe.fr\/blog\/"},{"@type":"ListItem","position":2,"name":"Les avantages des sacs tiss\u00e9s et brod\u00e9s en France"}]},{"@type":"WebSite","@id":"https:\/\/www.lafabriquedecharpe.fr\/blog\/#website","url":"https:\/\/www.lafabriquedecharpe.fr\/blog\/","name":"La fabrique d&#039;\u00e9charpe","description":"Le blog","potentialAction":[{"@type":"SearchAction","target":{"@type":"EntryPoint","urlTemplate":"https:\/\/www.lafabriquedecharpe.fr\/blog\/?s={search_term_string}"},"query-input":"required name=search_term_string"}],"inLanguage":"fr-FR"},{"@type":"Person","@id":"https:\/\/www.lafabriquedecharpe.fr\/blog\/#\/schema\/person\/1c703babc8565e57bc1ca3ba0698dabf","name":"Christine DEGURSE","image":{"@type":"ImageObject","inLanguage":"fr-FR","@id":"https:\/\/www.lafabriquedecharpe.fr\/blog\/#\/schema\/person\/image\/","url":"https:\/\/secure.gravatar.com\/avatar\/e41c40d8cae9026978cb106fc14af946?s=96&d=mm&r=g","contentUrl":"https:\/\/secure.gravatar.com\/avatar\/e41c40d8cae9026978cb106fc14af946?s=96&d=mm&r=g","caption":"Christine DEGURSE"},"url":"https:\/\/www.lafabriquedecharpe.fr\/blog\/author\/christine-degursewanadoo-fr\/"}]}},"_links":{"self":[{"href":"https:\/\/www.lafabriquedecharpe.fr\/blog\/wp-json\/wp\/v2\/posts\/1217"}],"collection":[{"href":"https:\/\/www.lafabriquedecharpe.fr\/blog\/wp-json\/wp\/v2\/posts"}],"about":[{"href":"https:\/\/www.lafabriquedecharpe.fr\/blog\/wp-json\/wp\/v2\/types\/post"}],"author":[{"embeddable":true,"href":"https:\/\/www.lafabriquedecharpe.fr\/blog\/wp-json\/wp\/v2\/users\/3"}],"replies":[{"embeddable":true,"href":"https:\/\/www.lafabriquedecharpe.fr\/blog\/wp-json\/wp\/v2\/comments?post=1217"}],"version-history":[{"count":7,"href":"https:\/\/www.lafabriquedecharpe.fr\/blog\/wp-json\/wp\/v2\/posts\/1217\/revisions"}],"predecessor-version":[{"id":1469,"href":"https:\/\/www.lafabriquedecharpe.fr\/blog\/wp-json\/wp\/v2\/posts\/1217\/revisions\/1469"}],"wp:featuredmedia":[{"embeddable":true,"href":"https:\/\/www.lafabriquedecharpe.fr\/blog\/wp-json\/wp\/v2\/media\/1257"}],"wp:attachment":[{"href":"https:\/\/www.lafabriquedecharpe.fr\/blog\/wp-json\/wp\/v2\/media?parent=1217"}],"wp:term":[{"taxonomy":"category","embeddable":true,"href":"https:\/\/www.lafabriquedecharpe.fr\/blog\/wp-json\/wp\/v2\/categories?post=1217"},{"taxonomy":"post_tag","embeddable":true,"href":"https:\/\/www.lafabriquedecharpe.fr\/blog\/wp-json\/wp\/v2\/tags?post=1217"}],"curies":[{"name":"wp","href":"https:\/\/api.w.org\/{rel}","templated":true}]}}