{"id":1231,"date":"2024-03-15T16:49:10","date_gmt":"2024-03-15T15:49:10","guid":{"rendered":"https:\/\/www.lafabriquedecharpe.fr\/blog\/?p=1231"},"modified":"2024-06-26T13:32:18","modified_gmt":"2024-06-26T11:32:18","slug":"comment-choisir-un-sac-tisse-et-ou-brode","status":"publish","type":"post","link":"https:\/\/www.lafabriquedecharpe.fr\/blog\/comment-choisir-un-sac-tisse-et-ou-brode\/","title":{"rendered":"Comment choisir un sac tiss\u00e9 et brod\u00e9 ?"},"content":{"rendered":"\n<div style=\"height:30px\" aria-hidden=\"true\" class=\"wp-block-spacer\"><\/div>\n\n\n\n<p>Un choix important de sacs tiss\u00e9s ou brod\u00e9s s&#8217;offre \u00e0 vous sur le march\u00e9, mais comment bien choisir ? Il faut prendre en compte plusieurs crit\u00e8res pour ne pas se tromper. <a href=\"https:\/\/www.lafabriquedecharpe.fr\/cat-la-fabrique-de-sac-84.htm\">La Fabrique d&#8217;\u00e9charpe<\/a> vous apportent quelques conseils pour bien choir son sac tiss\u00e9 ou brod\u00e9.<\/p>\n\n\n\n<div style=\"height:30px\" aria-hidden=\"true\" class=\"wp-block-spacer\"><\/div>\n\n\n\n<figure class=\"wp-block-image size-full\"><a href=\"https:\/\/www.lafabriquedecharpe.fr\/art-sac-cabas-personnalisable-soleil-1545.htm\"><img decoding=\"async\" width=\"600\" height=\"600\" src=\"https:\/\/www.lafabriquedecharpe.fr\/blog\/wp-content\/uploads\/2024\/03\/ar-sac-cabas-personnalisable-soleil-1545-1.png\" alt=\"\" class=\"wp-image-1286\" srcset=\"https:\/\/www.lafabriquedecharpe.fr\/blog\/wp-content\/uploads\/2024\/03\/ar-sac-cabas-personnalisable-soleil-1545-1.png 600w, https:\/\/www.lafabriquedecharpe.fr\/blog\/wp-content\/uploads\/2024\/03\/ar-sac-cabas-personnalisable-soleil-1545-1-300x300.png 300w, https:\/\/www.lafabriquedecharpe.fr\/blog\/wp-content\/uploads\/2024\/03\/ar-sac-cabas-personnalisable-soleil-1545-1-150x150.png 150w\" sizes=\"(max-width: 600px) 100vw, 600px\" \/><\/a><figcaption class=\"wp-element-caption\">Sac cabas en toile de jute personnalisable<\/figcaption><\/figure>\n\n\n\n<div style=\"height:30px\" aria-hidden=\"true\" class=\"wp-block-spacer\"><\/div>\n\n\n\n<h2 class=\"wp-block-heading\">A qui s&#8217;adresse un sac tiss\u00e9 ou brod\u00e9 ?<\/h2>\n\n\n\n<div style=\"height:30px\" aria-hidden=\"true\" class=\"wp-block-spacer\"><\/div>\n\n\n\n<p>Un sac tiss\u00e9 ou brod\u00e9 s&#8217;adresse \u00e0 <strong>tous les publics<\/strong>, que l&#8217;on soit ados, jeune ou adulte. Tout en gardant sa premi\u00e8re fonction de transporter vos affaires, il est devenu aujourd&#8217;hui <strong>un accessoire de mode<\/strong> incontournable pour parfaire son look. Bien s\u00fbrs, votre \u00e2ge et votre situation et activit\u00e9 d\u00e9finiront d\u00e9j\u00e0 bien le genre de sac que vous pouvez choisir. <\/p>\n\n\n\n<p>Pour homme, il existe aujourd&#8217;hui, un choix de sac, sacoche, besace, sac \u00e0 dos, pochette,&#8230;. tiss\u00e9s, tr\u00e8s pratiques et tr\u00e8s solides, dans des tissus innovants soit imperm\u00e9able soit tr\u00e8s r\u00e9sistant. Des mod\u00e8les qui associent cuir et tissu sont tr\u00e8s \u00e0 la mode.<\/p>\n\n\n\n<p>Pour les femmes, vous avez l&#8217;embarras du choix, sac \u00e0 main, sac en bandouli\u00e8res, sac cabas,&#8230;  \u00e0 porter au quotidien, en soir\u00e9e, au sport, pour voyager&#8230;&#8230;.<\/p>\n\n\n\n<p>La diversit\u00e9 des offres est telle qu&#8217;on ne sait plus quoi choisir, La Fabrique d&#8217;\u00e9charpe d\u00e9veloppe <strong>les principaux crit\u00e8res de choix<\/strong> que vous devez regarder avant d&#8217;acheter un sac:<\/p>\n\n\n\n<div style=\"height:30px\" aria-hidden=\"true\" class=\"wp-block-spacer\"><\/div>\n\n\n\n<h2 class=\"wp-block-heading\">Premier crit\u00e8re: la qualit\u00e9 de la mati\u00e8re :<\/h2>\n\n\n\n<div style=\"height:30px\" aria-hidden=\"true\" class=\"wp-block-spacer\"><\/div>\n\n\n\n<p>Un sac de qualit\u00e9 se reconnait par <strong>sa mati\u00e8re<\/strong>. Pour un sac en tissage, le tissu ext\u00e9rieur doit \u00eatre r\u00e9sistant et votre sac doit \u00eatre doubl\u00e9 avec un autre tissu de bonne qualit\u00e9. <strong>Privil\u00e9giez les mati\u00e8res naturelles<\/strong> pour leur cot\u00e9 <strong>&#8220;\u00e9coresponsable&#8221;<\/strong> et \u00e9vitez les mati\u00e8res fabriqu\u00e9es \u00e0 base de p\u00e9trole. <strong>Le coton<\/strong> par exemple est une mati\u00e8re naturelle r\u00e9sistante, agr\u00e9able au toucher et tr\u00e8s solide. Id\u00e9al pour l&#8217;int\u00e9rieur comme l&#8217;ext\u00e9rieur des sacs. <strong>La toile de jute<\/strong> revient pour son effet &#8220;artisanale&#8221; et &#8220;vintage&#8221;. Les tissus fabriqu\u00e9s \u00e0 partir de mati\u00e8re recycl\u00e9e sont tr\u00e8s en vogue, ils limitent l&#8217;impact environnemental et l&#8217;empreinte carbone. Apr\u00e8s avoir valid\u00e9 la qualit\u00e9 du tissu, v\u00e9rifiez toutes les fermetures \u00e9clairs, boucles m\u00e9talliques,&#8230;tous les petits accessoires cousus sur le sac doivent \u00eatre aussi de bonne facture. Jetez un \u0153il aussi sur les coutures et la solidit\u00e9 des anses ou sangles. <\/p>\n\n\n\n<div style=\"height:30px\" aria-hidden=\"true\" class=\"wp-block-spacer\"><\/div>\n\n\n\n<h2 class=\"wp-block-heading\">Deuxi\u00e8me crit\u00e8re: Quelle fonction pour votre sac tiss\u00e9 :<\/h2>\n\n\n\n<div style=\"height:30px\" aria-hidden=\"true\" class=\"wp-block-spacer\"><\/div>\n\n\n\n<p>Avant d&#8217;acheter votre sac, quelle est l&#8217;utilisation que vous souhaitez en faire ? Est-ce pour voyager ? pour le travail ? pour faire les courses ? pour le sport ?  Ainsi vous pourrez d\u00e9terminer le volume et le design que conviennent le mieux. <\/p>\n\n\n\n<p><strong>Pour le bureau<\/strong>, choisissez un sac qui se ferme avec une fermeture \u00e9clair et qui peut contenir votre portable, ou votre tablette, quelques affaires personnelles, par exemple le sac cabas <a href=\"https:\/\/www.lafabriquedecharpe.fr\/art-sac-cabas-brode-esprit-romantique-argent-1219.htm\">&#8220;Esprit Romantique&#8221; de la Fabrique d&#8217;\u00e9charpe<\/a> est bien adapt\u00e9.<\/p>\n\n\n\n<div style=\"height:30px\" aria-hidden=\"true\" class=\"wp-block-spacer\"><\/div>\n\n\n\n<figure class=\"wp-block-image size-full\"><a href=\"https:\/\/www.lafabriquedecharpe.fr\/art-sac-cabas-brode-esprit-romantique-argent-1219.htm\"><img decoding=\"async\" width=\"600\" height=\"600\" src=\"https:\/\/www.lafabriquedecharpe.fr\/blog\/wp-content\/uploads\/2024\/03\/ar-sac-cabas-brode-esprit-romantique-argent-1219.png\" alt=\"\" class=\"wp-image-1232\" srcset=\"https:\/\/www.lafabriquedecharpe.fr\/blog\/wp-content\/uploads\/2024\/03\/ar-sac-cabas-brode-esprit-romantique-argent-1219.png 600w, https:\/\/www.lafabriquedecharpe.fr\/blog\/wp-content\/uploads\/2024\/03\/ar-sac-cabas-brode-esprit-romantique-argent-1219-300x300.png 300w, https:\/\/www.lafabriquedecharpe.fr\/blog\/wp-content\/uploads\/2024\/03\/ar-sac-cabas-brode-esprit-romantique-argent-1219-150x150.png 150w\" sizes=\"(max-width: 600px) 100vw, 600px\" \/><\/a><\/figure>\n\n\n\n<div style=\"height:30px\" aria-hidden=\"true\" class=\"wp-block-spacer\"><\/div>\n\n\n\n<p><strong>Pour un ados<\/strong>, pour aller en cours, le choix est large. <strong>Privil\u00e9giez le style<\/strong> , choisissez un design et des coloris pour un look styl\u00e9 et jeune. Au niveau du format, garder en t\u00eate qu&#8217;il faut qu&#8217;un ordinateur rentre avec des cahiers et des classeurs. Nous avons s\u00e9lectionn\u00e9 un sac en toile de jute rebrod\u00e9 pour un style jeune le <a href=\"https:\/\/www.lafabriquedecharpe.fr\/art-sac-cabas-jute-champs-1552.htm\">sac cabas en toile de jute chocolat<\/a> ou <a href=\"https:\/\/www.lafabriquedecharpe.fr\/art-sac-ados-personnalisable-papillon-1393.htm\">le sac ados personnalisable &#8220;Papillon&#8221;<\/a> sur lequel vous pourrez faire broder le petit texte de votre choix.<\/p>\n\n\n\n<div style=\"height:30px\" aria-hidden=\"true\" class=\"wp-block-spacer\"><\/div>\n\n\n\n<figure class=\"wp-block-gallery has-nested-images columns-default is-cropped wp-block-gallery-1 is-layout-flex wp-block-gallery-is-layout-flex\">\n<figure class=\"wp-block-image size-large\"><a href=\"https:\/\/www.lafabriquedecharpe.fr\/art-sac-cabas-jute-champs-1552.htm\"><img decoding=\"async\" width=\"600\" height=\"600\" data-id=\"1233\" src=\"https:\/\/www.lafabriquedecharpe.fr\/blog\/wp-content\/uploads\/2024\/03\/ar-sac-cabas-jute-champs-1552_5782.png\" alt=\"\" class=\"wp-image-1233\" srcset=\"https:\/\/www.lafabriquedecharpe.fr\/blog\/wp-content\/uploads\/2024\/03\/ar-sac-cabas-jute-champs-1552_5782.png 600w, https:\/\/www.lafabriquedecharpe.fr\/blog\/wp-content\/uploads\/2024\/03\/ar-sac-cabas-jute-champs-1552_5782-300x300.png 300w, https:\/\/www.lafabriquedecharpe.fr\/blog\/wp-content\/uploads\/2024\/03\/ar-sac-cabas-jute-champs-1552_5782-150x150.png 150w\" sizes=\"(max-width: 600px) 100vw, 600px\" \/><\/a><\/figure>\n\n\n\n<figure class=\"wp-block-image size-large\"><a href=\"https:\/\/www.lafabriquedecharpe.fr\/art-sac-a-langer-personnalisable-papillon-1393.htm\"><img decoding=\"async\" width=\"600\" height=\"600\" data-id=\"1234\" src=\"https:\/\/www.lafabriquedecharpe.fr\/blog\/wp-content\/uploads\/2024\/03\/ar-sac-a-langer-personnalisable-papillon-1393.png\" alt=\"\" class=\"wp-image-1234\" srcset=\"https:\/\/www.lafabriquedecharpe.fr\/blog\/wp-content\/uploads\/2024\/03\/ar-sac-a-langer-personnalisable-papillon-1393.png 600w, https:\/\/www.lafabriquedecharpe.fr\/blog\/wp-content\/uploads\/2024\/03\/ar-sac-a-langer-personnalisable-papillon-1393-300x300.png 300w, https:\/\/www.lafabriquedecharpe.fr\/blog\/wp-content\/uploads\/2024\/03\/ar-sac-a-langer-personnalisable-papillon-1393-150x150.png 150w\" sizes=\"(max-width: 600px) 100vw, 600px\" \/><\/a><\/figure>\n<\/figure>\n\n\n\n<div style=\"height:30px\" aria-hidden=\"true\" class=\"wp-block-spacer\"><\/div>\n\n\n\n<p><strong>Pour voyager<\/strong>, pr\u00e9f\u00e9rez un sac de grande capacit\u00e9, avec si possible, plusieurs poches. Le sac appel\u00e9 48h reste la meilleure alternative. Il permet de r\u00e9unir l&#8217;essentiel pour un court s\u00e9jour, un Week end, sans trop s&#8217;encombrer.<\/p>\n\n\n\n<p><strong>Si vous partez en promenade<\/strong> , le sac \u00e0 dos sera parfait. Il permet d&#8217;avoir les mains libres tout en transportant un bon volume d&#8217;affaire.<\/p>\n\n\n\n<div style=\"height:30px\" aria-hidden=\"true\" class=\"wp-block-spacer\"><\/div>\n\n\n\n<h2 class=\"wp-block-heading\">Troisi\u00e8me crit\u00e8re: le design de votre sac tiss\u00e9:<\/h2>\n\n\n\n<div style=\"height:30px\" aria-hidden=\"true\" class=\"wp-block-spacer\"><\/div>\n\n\n\n<p>Il existe diff\u00e9rents types de sac:  des sacs tiss\u00e9s unis ou \u00e0 motifs, des sac tiss\u00e9s et brod\u00e9s. <\/p>\n\n\n\n<div style=\"height:30px\" aria-hidden=\"true\" class=\"wp-block-spacer\"><\/div>\n\n\n\n<h3 class=\"wp-block-heading\">Les sacs tiss\u00e9s:<\/h3>\n\n\n\n<p>Il peuvent \u00eatre confectionn\u00e9 dans <strong>un tissu uni simple<\/strong> ou dans <strong>un tissu \u00e0 motifs comme le tissu Jacquard<\/strong>. Tr\u00e8s qualitatif, ce tissu se pr\u00eate \u00e0 merveille dans la r\u00e9alisation de sac, il est r\u00e9sistant, reli\u00e9f\u00e9 et color\u00e9. Le principe du tissage jacquard est l&#8217;entrecroisement de fils de chaine et de fils trame suivant un dessin qui se r\u00e9p\u00e8te. Toutes sortes de motifs peuvent \u00eatre r\u00e9alis\u00e9s en Tissage Jacquard, <strong>des g\u00e9om\u00e9triques, des dessins florales, des dessins abstraits, des palmes, des arabesques<\/strong>&#8230;vous aurez l&#8217;embarras du choix. Un petit conseil, si vous portez des tenues unies, choisissez un sac avec des motifs pour \u00e9gayer l&#8217;ensemble et apporter une touche chic et diff\u00e9renciante. Par contre, si vous aimez les imprim\u00e9s alors prenez un sac simple et uni, la couleur choisie peut apporter la touche fantaisie.<\/p>\n\n\n\n<div style=\"height:30px\" aria-hidden=\"true\" class=\"wp-block-spacer\"><\/div>\n\n\n\n<figure class=\"wp-block-gallery has-nested-images columns-default is-cropped wp-block-gallery-3 is-layout-flex wp-block-gallery-is-layout-flex\">\n<figure class=\"wp-block-image size-full\"><img decoding=\"async\" width=\"640\" height=\"480\" data-id=\"1237\" src=\"https:\/\/www.lafabriquedecharpe.fr\/blog\/wp-content\/uploads\/2024\/03\/IMG_3968-1.jpg\" alt=\"\" class=\"wp-image-1237\"\/><figcaption class=\"wp-element-caption\">Exemple de tissu Jacquard pour sac<\/figcaption><\/figure>\n\n\n\n<figure class=\"wp-block-image size-full\"><img decoding=\"async\" width=\"640\" height=\"480\" data-id=\"1236\" src=\"https:\/\/www.lafabriquedecharpe.fr\/blog\/wp-content\/uploads\/2024\/03\/IMG_3964-1.jpg\" alt=\"\" class=\"wp-image-1236\"\/><figcaption class=\"wp-element-caption\">Un sac r\u00e9alis\u00e9 en tissu Jacquard<\/figcaption><\/figure>\n<\/figure>\n\n\n\n<div style=\"height:30px\" aria-hidden=\"true\" class=\"wp-block-spacer\"><\/div>\n\n\n\n<h3 class=\"wp-block-heading\">La broderie sur votre sac:<\/h3>\n\n\n\n<p>La broderie ajoute un <strong>effet suppl\u00e9mentaire<\/strong> sur le sac pour un look plus sophistiqu\u00e9. Elle peut apporter une touche originale gr\u00e2ce \u00e0 un motif in\u00e9dit aux couleurs vives. Les grandes marques de Haute couture utilisent aujourd&#8217;hui beaucoup la broderie, parce qu&#8217;<strong>elle rappelle le fait-main<\/strong>. En g\u00e9n\u00e9ral, les broderies sont cousues sur un sac d\u00e9j\u00e0 construit \u00e0 un emplacement tr\u00e8s pr\u00e9cis, ce qui donne au sac <strong>une v\u00e9ritable valeur-ajout\u00e9e.<\/strong> On reconnait alors <strong>un travail artisanal<\/strong>. Il est difficile, voir m\u00eame impossible, de r\u00e9aliser toutes ces \u00e9tapes en grande s\u00e9rie, d&#8217;une fa\u00e7on industrielle. Ce cot\u00e9 <strong>&#8220;fait-main&#8221;<\/strong> tr\u00e8s \u00e0 la mode aujourd&#8217;hui a le vent en poupe et tend \u00e0 se d\u00e9velopper \u00e0 chaque saison. De plus la broderie sur tissu est durable et tr\u00e8s r\u00e9sistante au fil des ann\u00e9es.<\/p>\n\n\n\n<div style=\"height:30px\" aria-hidden=\"true\" class=\"wp-block-spacer\"><\/div>\n\n\n\n<figure class=\"wp-block-gallery has-nested-images columns-default is-cropped wp-block-gallery-5 is-layout-flex wp-block-gallery-is-layout-flex\">\n<figure class=\"wp-block-image size-large\"><a href=\"https:\/\/www.lafabriquedecharpe.fr\/art-sac-bandouliere-brode-ondulante-argent-1251.htm\"><img decoding=\"async\" width=\"600\" height=\"600\" data-id=\"1238\" src=\"https:\/\/www.lafabriquedecharpe.fr\/blog\/wp-content\/uploads\/2024\/03\/ar-sac-bandouliere-brode-ondulante-argent-1251_6004.png\" alt=\"\" class=\"wp-image-1238\" srcset=\"https:\/\/www.lafabriquedecharpe.fr\/blog\/wp-content\/uploads\/2024\/03\/ar-sac-bandouliere-brode-ondulante-argent-1251_6004.png 600w, https:\/\/www.lafabriquedecharpe.fr\/blog\/wp-content\/uploads\/2024\/03\/ar-sac-bandouliere-brode-ondulante-argent-1251_6004-300x300.png 300w, https:\/\/www.lafabriquedecharpe.fr\/blog\/wp-content\/uploads\/2024\/03\/ar-sac-bandouliere-brode-ondulante-argent-1251_6004-150x150.png 150w\" sizes=\"(max-width: 600px) 100vw, 600px\" \/><\/a><\/figure>\n\n\n\n<figure class=\"wp-block-image size-large\"><a href=\"https:\/\/www.lafabriquedecharpe.fr\/art-sac-bandouliere-brode-ondulante-argent-1251.htm\"><img decoding=\"async\" width=\"600\" height=\"600\" data-id=\"1239\" src=\"https:\/\/www.lafabriquedecharpe.fr\/blog\/wp-content\/uploads\/2024\/03\/ar-sac-bandouliere-brode-ondulante-argent-1251.png\" alt=\"\" class=\"wp-image-1239\" srcset=\"https:\/\/www.lafabriquedecharpe.fr\/blog\/wp-content\/uploads\/2024\/03\/ar-sac-bandouliere-brode-ondulante-argent-1251.png 600w, https:\/\/www.lafabriquedecharpe.fr\/blog\/wp-content\/uploads\/2024\/03\/ar-sac-bandouliere-brode-ondulante-argent-1251-300x300.png 300w, https:\/\/www.lafabriquedecharpe.fr\/blog\/wp-content\/uploads\/2024\/03\/ar-sac-bandouliere-brode-ondulante-argent-1251-150x150.png 150w\" sizes=\"(max-width: 600px) 100vw, 600px\" \/><\/a><\/figure>\n<\/figure>\n\n\n\n<figure class=\"wp-block-gallery has-nested-images columns-default is-cropped wp-block-gallery-7 is-layout-flex wp-block-gallery-is-layout-flex\">\n<figure class=\"wp-block-image size-large\"><a href=\"https:\/\/www.lafabriquedecharpe.fr\/art-sac-cabas-brode-trio-fleuri-or-1208.htm\"><img decoding=\"async\" width=\"600\" height=\"600\" data-id=\"1240\" src=\"https:\/\/www.lafabriquedecharpe.fr\/blog\/wp-content\/uploads\/2024\/03\/ar-sac-cabas-brode-trio-fleuri-or-1208_3903.png\" alt=\"\" class=\"wp-image-1240\" srcset=\"https:\/\/www.lafabriquedecharpe.fr\/blog\/wp-content\/uploads\/2024\/03\/ar-sac-cabas-brode-trio-fleuri-or-1208_3903.png 600w, https:\/\/www.lafabriquedecharpe.fr\/blog\/wp-content\/uploads\/2024\/03\/ar-sac-cabas-brode-trio-fleuri-or-1208_3903-300x300.png 300w, https:\/\/www.lafabriquedecharpe.fr\/blog\/wp-content\/uploads\/2024\/03\/ar-sac-cabas-brode-trio-fleuri-or-1208_3903-150x150.png 150w\" sizes=\"(max-width: 600px) 100vw, 600px\" \/><\/a><\/figure>\n\n\n\n<figure class=\"wp-block-image size-large\"><a href=\"https:\/\/www.lafabriquedecharpe.fr\/art-sac-cabas-brode-trio-fleuri-or-1208.htm\"><img decoding=\"async\" width=\"600\" height=\"600\" data-id=\"1241\" src=\"https:\/\/www.lafabriquedecharpe.fr\/blog\/wp-content\/uploads\/2024\/03\/ar-sac-cabas-brode-trio-fleuri-or-1208.png\" alt=\"\" class=\"wp-image-1241\" srcset=\"https:\/\/www.lafabriquedecharpe.fr\/blog\/wp-content\/uploads\/2024\/03\/ar-sac-cabas-brode-trio-fleuri-or-1208.png 600w, https:\/\/www.lafabriquedecharpe.fr\/blog\/wp-content\/uploads\/2024\/03\/ar-sac-cabas-brode-trio-fleuri-or-1208-300x300.png 300w, https:\/\/www.lafabriquedecharpe.fr\/blog\/wp-content\/uploads\/2024\/03\/ar-sac-cabas-brode-trio-fleuri-or-1208-150x150.png 150w\" sizes=\"(max-width: 600px) 100vw, 600px\" \/><\/a><\/figure>\n<\/figure>\n\n\n\n<div style=\"height:30px\" aria-hidden=\"true\" class=\"wp-block-spacer\"><\/div>\n\n\n\n<p>La broderie peut \u00eatre facilement <strong>personnalisable<\/strong>. <a href=\"https:\/\/www.lafabriquedecharpe.fr\/cat-sacs-brodes-personnalisables-117.htm\">La Fabrique d&#8217;\u00e9charpe propose d&#8217;ajouter le texte de votre choix<\/a> pour personnaliser votre sac. Votre sac tiss\u00e9 dans notre atelier sera brod\u00e9 et personnalis\u00e9 \u00e0 chaque commande. Nous vous recommandons tous les mod\u00e8les personnalisables \u00e0 offrir pour une grande occasion, naissance, bapt\u00eame, anniversaire, voyage&#8230;! Voir les mod\u00e8les de <a href=\"https:\/\/www.lafabriquedecharpe.fr\/cat-sacs-brodes-personnalisables-117.htm\">La Fabrique<\/a><\/p>\n\n\n\n<div style=\"height:30px\" aria-hidden=\"true\" class=\"wp-block-spacer\"><\/div>\n\n\n\n<figure class=\"wp-block-gallery has-nested-images columns-default is-cropped wp-block-gallery-9 is-layout-flex wp-block-gallery-is-layout-flex\">\n<figure class=\"wp-block-image size-large\"><a href=\"https:\/\/www.lafabriquedecharpe.fr\/art-sac-a-langer-personnalisable-biberon-1390.htm\"><img decoding=\"async\" width=\"600\" height=\"600\" data-id=\"1242\" src=\"https:\/\/www.lafabriquedecharpe.fr\/blog\/wp-content\/uploads\/2024\/03\/ar-sac-a-langer-personnalisable-biberon-1390-1.png\" alt=\"\" class=\"wp-image-1242\" srcset=\"https:\/\/www.lafabriquedecharpe.fr\/blog\/wp-content\/uploads\/2024\/03\/ar-sac-a-langer-personnalisable-biberon-1390-1.png 600w, https:\/\/www.lafabriquedecharpe.fr\/blog\/wp-content\/uploads\/2024\/03\/ar-sac-a-langer-personnalisable-biberon-1390-1-300x300.png 300w, https:\/\/www.lafabriquedecharpe.fr\/blog\/wp-content\/uploads\/2024\/03\/ar-sac-a-langer-personnalisable-biberon-1390-1-150x150.png 150w\" sizes=\"(max-width: 600px) 100vw, 600px\" \/><\/a><\/figure>\n\n\n\n<figure class=\"wp-block-image size-large\"><a href=\"https:\/\/www.lafabriquedecharpe.fr\/art-sac-a-langer-personnalisable-biberon-1390.htm\"><img decoding=\"async\" width=\"600\" height=\"600\" data-id=\"1243\" src=\"https:\/\/www.lafabriquedecharpe.fr\/blog\/wp-content\/uploads\/2024\/03\/ar-sac-a-langer-personnalisable-biberon-1390_3491.png\" alt=\"\" class=\"wp-image-1243\" srcset=\"https:\/\/www.lafabriquedecharpe.fr\/blog\/wp-content\/uploads\/2024\/03\/ar-sac-a-langer-personnalisable-biberon-1390_3491.png 600w, https:\/\/www.lafabriquedecharpe.fr\/blog\/wp-content\/uploads\/2024\/03\/ar-sac-a-langer-personnalisable-biberon-1390_3491-300x300.png 300w, https:\/\/www.lafabriquedecharpe.fr\/blog\/wp-content\/uploads\/2024\/03\/ar-sac-a-langer-personnalisable-biberon-1390_3491-150x150.png 150w\" sizes=\"(max-width: 600px) 100vw, 600px\" \/><\/a><\/figure>\n<\/figure>\n\n\n\n<div style=\"height:100px\" aria-hidden=\"true\" class=\"wp-block-spacer\"><\/div>\n","protected":false},"excerpt":{"rendered":"<p>Les sacs tiss\u00e9s, brod\u00e9s ont le vent en poupe, l&#8217;artisanat, le fait-main, pour coller \u00e0 la mode et pour une consommation \u00e9coresponsable !<\/p>\n","protected":false},"author":3,"featured_media":1255,"comment_status":"open","ping_status":"open","sticky":false,"template":"","format":"standard","meta":{"footnotes":""},"categories":[1],"tags":[304,146,43,156,303,176,177,333,288],"yoast_head":"<!-- This site is optimized with the Yoast SEO plugin v19.9 - https:\/\/yoast.com\/wordpress\/plugins\/seo\/ -->\n<title>Comment choisir un sac tiss\u00e9 et brod\u00e9 ? - La fabrique d&#039;\u00e9charpe<\/title>\n<meta name=\"description\" content=\"Les sacs tiss\u00e9s, brod\u00e9s ont le vent en poupe, l&#039;artisanat, le fait-main, pour coller \u00e0 la mode et pour un achat \u00e9coresponsable !\" \/>\n<meta name=\"robots\" content=\"index, follow, max-snippet:-1, max-image-preview:large, max-video-preview:-1\" \/>\n<link rel=\"canonical\" href=\"https:\/\/www.lafabriquedecharpe.fr\/blog\/comment-choisir-un-sac-tisse-et-ou-brode\/\" \/>\n<meta property=\"og:locale\" content=\"fr_FR\" \/>\n<meta property=\"og:type\" content=\"article\" \/>\n<meta property=\"og:title\" content=\"Comment choisir un sac tiss\u00e9 et brod\u00e9 ? - La fabrique d&#039;\u00e9charpe\" \/>\n<meta property=\"og:description\" content=\"Les sacs tiss\u00e9s, brod\u00e9s ont le vent en poupe, l&#039;artisanat, le fait-main, pour coller \u00e0 la mode et pour un achat \u00e9coresponsable !\" \/>\n<meta property=\"og:url\" content=\"https:\/\/www.lafabriquedecharpe.fr\/blog\/comment-choisir-un-sac-tisse-et-ou-brode\/\" \/>\n<meta property=\"og:site_name\" content=\"La fabrique d&#039;\u00e9charpe\" \/>\n<meta property=\"article:published_time\" content=\"2024-03-15T15:49:10+00:00\" \/>\n<meta property=\"article:modified_time\" content=\"2024-06-26T11:32:18+00:00\" \/>\n<meta property=\"og:image\" content=\"https:\/\/www.lafabriquedecharpe.fr\/blog\/wp-content\/uploads\/2024\/03\/Bandeau-sac-brode.jpg\" \/>\n\t<meta property=\"og:image:width\" content=\"2111\" \/>\n\t<meta property=\"og:image:height\" content=\"756\" \/>\n\t<meta property=\"og:image:type\" content=\"image\/jpeg\" \/>\n<meta name=\"author\" content=\"Christine DEGURSE\" \/>\n<meta name=\"twitter:card\" content=\"summary_large_image\" \/>\n<meta name=\"twitter:label1\" content=\"\u00c9crit par\" \/>\n\t<meta name=\"twitter:data1\" content=\"Christine DEGURSE\" \/>\n\t<meta name=\"twitter:label2\" content=\"Dur\u00e9e de lecture estim\u00e9e\" \/>\n\t<meta name=\"twitter:data2\" content=\"5 minutes\" \/>\n<!-- \/ Yoast SEO plugin. -->","yoast_head_json":{"title":"Comment choisir un sac tiss\u00e9 et brod\u00e9 ? - La fabrique d&#039;\u00e9charpe","description":"Les sacs tiss\u00e9s, brod\u00e9s ont le vent en poupe, l'artisanat, le fait-main, pour coller \u00e0 la mode et pour un achat \u00e9coresponsable !","robots":{"index":"index","follow":"follow","max-snippet":"max-snippet:-1","max-image-preview":"max-image-preview:large","max-video-preview":"max-video-preview:-1"},"canonical":"https:\/\/www.lafabriquedecharpe.fr\/blog\/comment-choisir-un-sac-tisse-et-ou-brode\/","og_locale":"fr_FR","og_type":"article","og_title":"Comment choisir un sac tiss\u00e9 et brod\u00e9 ? - La fabrique d&#039;\u00e9charpe","og_description":"Les sacs tiss\u00e9s, brod\u00e9s ont le vent en poupe, l'artisanat, le fait-main, pour coller \u00e0 la mode et pour un achat \u00e9coresponsable !","og_url":"https:\/\/www.lafabriquedecharpe.fr\/blog\/comment-choisir-un-sac-tisse-et-ou-brode\/","og_site_name":"La fabrique d&#039;\u00e9charpe","article_published_time":"2024-03-15T15:49:10+00:00","article_modified_time":"2024-06-26T11:32:18+00:00","og_image":[{"width":2111,"height":756,"url":"https:\/\/www.lafabriquedecharpe.fr\/blog\/wp-content\/uploads\/2024\/03\/Bandeau-sac-brode.jpg","type":"image\/jpeg"}],"author":"Christine DEGURSE","twitter_card":"summary_large_image","twitter_misc":{"\u00c9crit par":"Christine DEGURSE","Dur\u00e9e de lecture estim\u00e9e":"5 minutes"},"schema":{"@context":"https:\/\/schema.org","@graph":[{"@type":"WebPage","@id":"https:\/\/www.lafabriquedecharpe.fr\/blog\/comment-choisir-un-sac-tisse-et-ou-brode\/","url":"https:\/\/www.lafabriquedecharpe.fr\/blog\/comment-choisir-un-sac-tisse-et-ou-brode\/","name":"Comment choisir un sac tiss\u00e9 et brod\u00e9 ? - La fabrique d&#039;\u00e9charpe","isPartOf":{"@id":"https:\/\/www.lafabriquedecharpe.fr\/blog\/#website"},"datePublished":"2024-03-15T15:49:10+00:00","dateModified":"2024-06-26T11:32:18+00:00","author":{"@id":"https:\/\/www.lafabriquedecharpe.fr\/blog\/#\/schema\/person\/1c703babc8565e57bc1ca3ba0698dabf"},"description":"Les sacs tiss\u00e9s, brod\u00e9s ont le vent en poupe, l'artisanat, le fait-main, pour coller \u00e0 la mode et pour un achat \u00e9coresponsable !","breadcrumb":{"@id":"https:\/\/www.lafabriquedecharpe.fr\/blog\/comment-choisir-un-sac-tisse-et-ou-brode\/#breadcrumb"},"inLanguage":"fr-FR","potentialAction":[{"@type":"ReadAction","target":["https:\/\/www.lafabriquedecharpe.fr\/blog\/comment-choisir-un-sac-tisse-et-ou-brode\/"]}]},{"@type":"BreadcrumbList","@id":"https:\/\/www.lafabriquedecharpe.fr\/blog\/comment-choisir-un-sac-tisse-et-ou-brode\/#breadcrumb","itemListElement":[{"@type":"ListItem","position":1,"name":"Accueil","item":"https:\/\/www.lafabriquedecharpe.fr\/blog\/"},{"@type":"ListItem","position":2,"name":"Comment choisir un sac tiss\u00e9 et brod\u00e9 ?"}]},{"@type":"WebSite","@id":"https:\/\/www.lafabriquedecharpe.fr\/blog\/#website","url":"https:\/\/www.lafabriquedecharpe.fr\/blog\/","name":"La fabrique d&#039;\u00e9charpe","description":"Le blog","potentialAction":[{"@type":"SearchAction","target":{"@type":"EntryPoint","urlTemplate":"https:\/\/www.lafabriquedecharpe.fr\/blog\/?s={search_term_string}"},"query-input":"required name=search_term_string"}],"inLanguage":"fr-FR"},{"@type":"Person","@id":"https:\/\/www.lafabriquedecharpe.fr\/blog\/#\/schema\/person\/1c703babc8565e57bc1ca3ba0698dabf","name":"Christine DEGURSE","image":{"@type":"ImageObject","inLanguage":"fr-FR","@id":"https:\/\/www.lafabriquedecharpe.fr\/blog\/#\/schema\/person\/image\/","url":"https:\/\/secure.gravatar.com\/avatar\/e41c40d8cae9026978cb106fc14af946?s=96&d=mm&r=g","contentUrl":"https:\/\/secure.gravatar.com\/avatar\/e41c40d8cae9026978cb106fc14af946?s=96&d=mm&r=g","caption":"Christine DEGURSE"},"url":"https:\/\/www.lafabriquedecharpe.fr\/blog\/author\/christine-degursewanadoo-fr\/"}]}},"_links":{"self":[{"href":"https:\/\/www.lafabriquedecharpe.fr\/blog\/wp-json\/wp\/v2\/posts\/1231"}],"collection":[{"href":"https:\/\/www.lafabriquedecharpe.fr\/blog\/wp-json\/wp\/v2\/posts"}],"about":[{"href":"https:\/\/www.lafabriquedecharpe.fr\/blog\/wp-json\/wp\/v2\/types\/post"}],"author":[{"embeddable":true,"href":"https:\/\/www.lafabriquedecharpe.fr\/blog\/wp-json\/wp\/v2\/users\/3"}],"replies":[{"embeddable":true,"href":"https:\/\/www.lafabriquedecharpe.fr\/blog\/wp-json\/wp\/v2\/comments?post=1231"}],"version-history":[{"count":7,"href":"https:\/\/www.lafabriquedecharpe.fr\/blog\/wp-json\/wp\/v2\/posts\/1231\/revisions"}],"predecessor-version":[{"id":1291,"href":"https:\/\/www.lafabriquedecharpe.fr\/blog\/wp-json\/wp\/v2\/posts\/1231\/revisions\/1291"}],"wp:featuredmedia":[{"embeddable":true,"href":"https:\/\/www.lafabriquedecharpe.fr\/blog\/wp-json\/wp\/v2\/media\/1255"}],"wp:attachment":[{"href":"https:\/\/www.lafabriquedecharpe.fr\/blog\/wp-json\/wp\/v2\/media?parent=1231"}],"wp:term":[{"taxonomy":"category","embeddable":true,"href":"https:\/\/www.lafabriquedecharpe.fr\/blog\/wp-json\/wp\/v2\/categories?post=1231"},{"taxonomy":"post_tag","embeddable":true,"href":"https:\/\/www.lafabriquedecharpe.fr\/blog\/wp-json\/wp\/v2\/tags?post=1231"}],"curies":[{"name":"wp","href":"https:\/\/api.w.org\/{rel}","templated":true}]}}