{"id":1435,"date":"2024-06-28T10:27:14","date_gmt":"2024-06-28T08:27:14","guid":{"rendered":"https:\/\/www.lafabriquedecharpe.fr\/blog\/?p=1435"},"modified":"2024-09-05T17:59:19","modified_gmt":"2024-09-05T15:59:19","slug":"comment-choisir-une-echarpe-en-laine-en-fonction-de-sa-morphologie","status":"publish","type":"post","link":"https:\/\/www.lafabriquedecharpe.fr\/blog\/comment-choisir-une-echarpe-en-laine-en-fonction-de-sa-morphologie\/","title":{"rendered":"Comment choisir une \u00e9charpe en laine en fonction de sa morphologie"},"content":{"rendered":"\n<div style=\"height:100px\" aria-hidden=\"true\" class=\"wp-block-spacer\"><\/div>\n\n\n\n<p>Une \u00e9charpe en laine est <strong>un accessoire facile \u00e0 porter et \u00e0 assortir<\/strong>, \u00e0 ne surtout pas oublier pendant la saison hivernale\u2026une \u00e9charpe en laine apportera chaleur et douceur en plus de sa note &#8220;fashion&#8221;. Cependant pour rendre vos copines jalouses avec votre style incroyable, il est important de d\u00e9terminer quel type d&#8217;\u00e9charpe choisir en fonction de votre morphologie. <a href=\"https:\/\/www.lafabriquedecharpe.fr\/cat-les-echarpes-83.htm?matiere=laine&amp;f=1\">La Fabrique d&#8217;\u00e9charpe<\/a> vous guide et vous conseille pour&nbsp;<strong>choisir une \u00e9charpe laine suivant votre morphologie<\/strong>. En premier, nous devons faire un classement des morphologies les plus r\u00e9pandues. G\u00e9n\u00e9ralement, on parle de&nbsp;<strong>5 silhouettes : O A V H et X<\/strong> comme le croquis ci-dessous nous les montre. <\/p>\n\n\n\n<div style=\"height:30px\" aria-hidden=\"true\" class=\"wp-block-spacer\"><\/div>\n\n\n\n<figure class=\"wp-block-image size-full\"><img decoding=\"async\" width=\"968\" height=\"436\" src=\"https:\/\/www.lafabriquedecharpe.fr\/blog\/wp-content\/uploads\/2024\/06\/Morphologie-femme.jpg\" alt=\"\" class=\"wp-image-1436\" srcset=\"https:\/\/www.lafabriquedecharpe.fr\/blog\/wp-content\/uploads\/2024\/06\/Morphologie-femme.jpg 968w, https:\/\/www.lafabriquedecharpe.fr\/blog\/wp-content\/uploads\/2024\/06\/Morphologie-femme-300x135.jpg 300w, https:\/\/www.lafabriquedecharpe.fr\/blog\/wp-content\/uploads\/2024\/06\/Morphologie-femme-768x346.jpg 768w\" sizes=\"(max-width: 968px) 100vw, 968px\" \/><\/figure>\n\n\n\n<div style=\"height:30px\" aria-hidden=\"true\" class=\"wp-block-spacer\"><\/div>\n\n\n\n<p>Mais pour simplifier, nous avons fait un classement de <strong>3 silhouettes types<\/strong> dans  lesquels vous vous retrouverez facilement:<\/p>\n\n\n\n<div style=\"height:30px\" aria-hidden=\"true\" class=\"wp-block-spacer\"><\/div>\n\n\n\n<p>La silhouette Poire<\/p>\n\n\n\n<p>La silhouette Sablier<\/p>\n\n\n\n<p>La Silhouette Rectangle<\/p>\n\n\n\n<div style=\"height:30px\" aria-hidden=\"true\" class=\"wp-block-spacer\"><\/div>\n\n\n\n<h3 class=\"wp-block-heading\">La silhouette \u2009Poire\u2009:<\/h3>\n\n\n\n<div style=\"height:30px\" aria-hidden=\"true\" class=\"wp-block-spacer\"><\/div>\n\n\n\n<p>Des \u00e9paules fines et des hanches voluptueuses : voici le st\u00e9r\u00e9otype de la morphologie Poire aussi appel\u00e9e &#8220;A&#8221;. Pensez Shakira, Leighton Meester, Beyonc\u00e9 ou Jennifer Lopez\u2026<strong>C\u2019est une silhouette particuli\u00e8rement f\u00e9minine gr\u00e2ce \u00e0 sa taille marqu\u00e9e et ses courbes g\u00e9n\u00e9reuses<\/strong>. Le seul petit d\u00e9savantage ? Vos \u00e9paules sont peu dessin\u00e9es et votre buste est plus menu que vos hanches. Votre objectif principal sera donc d\u2019harmoniser l\u2019ensemble de votre corps en apportant du volume sur le haut du corps. Chose tr\u00e8s facile avec une \u00e9charpe  volumineuse, un grand format par exemple style plaid. La Fabrique d&#8217;\u00e9charpe vous propose <a href=\"https:\/\/www.lafabriquedecharpe.fr\/art-grand-carre-laine-caramel-ecossais-1482.htm\">un grand carr\u00e9 Laine Caramel dessin Ecossais<\/a> qui apporte du volume sur le haut du corps et attire l&#8217;attention sur le buste. Aussi, celles qui ont une silhouette poire peuvent porter leur \u00e9charpe rectangulaire avec un n\u0153ud volumineux au niveau du cou, et des extr\u00e9mit\u00e9s plongeant vers le nombril afin de mettre en valeur leur poitrine et\u2009\u00e9quilibrer le haut avec le bas.<\/p>\n\n\n\n<div style=\"height:30px\" aria-hidden=\"true\" class=\"wp-block-spacer\"><\/div>\n\n\n\n<figure class=\"wp-block-image size-large\"><a href=\"https:\/\/www.lafabriquedecharpe.fr\/art-grand-carre-laine-caramel-ecossais-1482.htm\"><img decoding=\"async\" width=\"830\" height=\"1024\" src=\"https:\/\/www.lafabriquedecharpe.fr\/blog\/wp-content\/uploads\/2024\/06\/annesophiebenoit-lafabriquedecharpe-141-1-830x1024.jpg\" alt=\"\" class=\"wp-image-1440\" srcset=\"https:\/\/www.lafabriquedecharpe.fr\/blog\/wp-content\/uploads\/2024\/06\/annesophiebenoit-lafabriquedecharpe-141-1-830x1024.jpg 830w, https:\/\/www.lafabriquedecharpe.fr\/blog\/wp-content\/uploads\/2024\/06\/annesophiebenoit-lafabriquedecharpe-141-1-243x300.jpg 243w, https:\/\/www.lafabriquedecharpe.fr\/blog\/wp-content\/uploads\/2024\/06\/annesophiebenoit-lafabriquedecharpe-141-1-768x948.jpg 768w, https:\/\/www.lafabriquedecharpe.fr\/blog\/wp-content\/uploads\/2024\/06\/annesophiebenoit-lafabriquedecharpe-141-1.jpg 1067w\" sizes=\"(max-width: 830px) 100vw, 830px\" \/><\/a><figcaption class=\"wp-element-caption\">Carr\u00e9 laine Caramel &#8220;Ecossais&#8221;<\/figcaption><\/figure>\n\n\n\n<div style=\"height:30px\" aria-hidden=\"true\" class=\"wp-block-spacer\"><\/div>\n\n\n\n<h3 class=\"wp-block-heading\">La silhouette Sablier\u2009:<\/h3>\n\n\n\n<div style=\"height:30px\" aria-hidden=\"true\" class=\"wp-block-spacer\"><\/div>\n\n\n\n<p>C&#8217;est une&nbsp;<strong>silhouette <\/strong>sublime&nbsp;qui pr\u00e9sente des&nbsp;<strong>\u00e9paules et des hanches d&#8217;une largeur similaire<\/strong>&nbsp;avec une taille bien d\u00e9finie. La silhouette en sablier, souvent appel\u00e9e en \u00ab\u2009X\u2009\u00bb est LA morphologie f\u00e9minine id\u00e9alis\u00e9e aussi bien dans les magazines qu\u2019au cin\u00e9ma dont nous r\u00eavons toutes\u2009! C\u2019est la silhouette des stars comme Monica Bellucci, Marylin Monroe, Kylie Minogue ou encore Sofia Vergara. &nbsp;La morphologie en Sablier pr\u00e9sente de nombreux avantages car le corps est tr\u00e8s harmonieux. Le principal atout est incontestablement une&nbsp;<strong>taille bien marqu\u00e9e<\/strong>, alors n\u2019h\u00e9sitez surtout pas \u00e0 la souligner !<br>Les chanceuses ayant cette morphologie peuvent porter leur \u00e9charpe d\u2019une mani\u00e8re simple, nou\u00e9e autour du cou et plongeant vers la taille afin de mettre en valeur l&#8217;int\u00e9gralit\u00e9 de la silhouette. Il est recommand\u00e9 d&#8217;\u00e9vitez les \u00e9charpes &#8220;over-size&#8221; qui ont tendance \u00e0 dissimuler le corps ou tasser la silhouette. Evitez les \u00e9charpes aux motifs trop charg\u00e9s, trop travaill\u00e9s ou trop color\u00e9s qui attirent l&#8217;\u0153il au lieu de souligner l&#8217;harmonie de la silhouette.<\/p>\n\n\n\n<p>La Fabrique d&#8217;\u00e9charpe vous propose <a href=\"https:\/\/www.lafabriquedecharpe.fr\/art-etole-laine-prune-navy-lys-261.htm\">l&#8217;\u00e9charpe laine &#8220;Lys&#8221; 60 x 180cm<\/a> : un dessin classique \u00e0 base de rayures aux coloris doux: prune, bleu, gris.<\/p>\n\n\n\n<div style=\"height:30px\" aria-hidden=\"true\" class=\"wp-block-spacer\"><\/div>\n\n\n\n<figure class=\"wp-block-image size-large\"><a href=\"https:\/\/www.lafabriquedecharpe.fr\/art-etole-laine-prune-navy-lys-261.htm\"><img decoding=\"async\" width=\"683\" height=\"1024\" src=\"https:\/\/www.lafabriquedecharpe.fr\/blog\/wp-content\/uploads\/2024\/06\/annesophiebenoit-lafabriquedecharpe-9-683x1024.jpg\" alt=\"\" class=\"wp-image-1442\" srcset=\"https:\/\/www.lafabriquedecharpe.fr\/blog\/wp-content\/uploads\/2024\/06\/annesophiebenoit-lafabriquedecharpe-9-683x1024.jpg 683w, https:\/\/www.lafabriquedecharpe.fr\/blog\/wp-content\/uploads\/2024\/06\/annesophiebenoit-lafabriquedecharpe-9-200x300.jpg 200w, https:\/\/www.lafabriquedecharpe.fr\/blog\/wp-content\/uploads\/2024\/06\/annesophiebenoit-lafabriquedecharpe-9-768x1152.jpg 768w, https:\/\/www.lafabriquedecharpe.fr\/blog\/wp-content\/uploads\/2024\/06\/annesophiebenoit-lafabriquedecharpe-9-1024x1536.jpg 1024w, https:\/\/www.lafabriquedecharpe.fr\/blog\/wp-content\/uploads\/2024\/06\/annesophiebenoit-lafabriquedecharpe-9.jpg 1067w\" sizes=\"(max-width: 683px) 100vw, 683px\" \/><\/a><figcaption class=\"wp-element-caption\">Echarpe laine &#8220;Lys&#8221;<\/figcaption><\/figure>\n\n\n\n<div style=\"height:30px\" aria-hidden=\"true\" class=\"wp-block-spacer\"><\/div>\n\n\n\n<h3 class=\"wp-block-heading\">La silhouette Rectangle\u2009:<\/h3>\n\n\n\n<div style=\"height:30px\" aria-hidden=\"true\" class=\"wp-block-spacer\"><\/div>\n\n\n\n<p>Cette silhouette, tr\u00e8s souvent appel\u00e9e&nbsp;morphologie en H, est g\u00e9n\u00e9ralement assez \u00e9lanc\u00e9e et se distingue par des hanches, une taille et une poitrine globalement align\u00e9es. Typique des athl\u00e8tes et sportives, cette silhouette est aussi partag\u00e9e par des ic\u00f4nes comme Kate Middleton, Gwyneth Paltrow, Kate Moss ou Natalie Portman.<br>Votre principal objectif est de marquer vos formes et d\u2019accentuer votre taille. Et croyez moi cela est un jeu d\u2019enfant. Il y a une r\u00e8gle simple, vous devez chercher \u00e0 casser le cot\u00e9 trop rectangulaire de votre silhouette. Un conseil : \u00e9viter les \u00e9charpes trop longues et qui descendent sous les hanches, au risque d\u2019avoir une silhouette un peu trop masculine. Mis \u00e0 part ceci, la morphologie en Rectangle permet de porter une \u00e9charpe laine aux coloris vifs et motifs bien pr\u00e9sents. Vous pouvez choisir des grandes ou petites dimensions\u2026.. Tout est permis, faites vous plaisir ! <\/p>\n\n\n\n<div style=\"height:30px\" aria-hidden=\"true\" class=\"wp-block-spacer\"><\/div>\n\n\n\n<figure class=\"wp-block-gallery has-nested-images columns-default is-cropped wp-block-gallery-1 is-layout-flex wp-block-gallery-is-layout-flex\">\n<figure class=\"wp-block-image size-large\"><a href=\"https:\/\/www.lafabriquedecharpe.fr\/art-etole-laine-roux-ecru-montreal-751.htm\"><img decoding=\"async\" width=\"600\" height=\"600\" data-id=\"1447\" src=\"https:\/\/www.lafabriquedecharpe.fr\/blog\/wp-content\/uploads\/2024\/06\/ar-etole-laine-roux-ecru-montreal-751.png\" alt=\"\" class=\"wp-image-1447\" srcset=\"https:\/\/www.lafabriquedecharpe.fr\/blog\/wp-content\/uploads\/2024\/06\/ar-etole-laine-roux-ecru-montreal-751.png 600w, https:\/\/www.lafabriquedecharpe.fr\/blog\/wp-content\/uploads\/2024\/06\/ar-etole-laine-roux-ecru-montreal-751-300x300.png 300w, https:\/\/www.lafabriquedecharpe.fr\/blog\/wp-content\/uploads\/2024\/06\/ar-etole-laine-roux-ecru-montreal-751-150x150.png 150w\" sizes=\"(max-width: 600px) 100vw, 600px\" \/><\/a><\/figure>\n\n\n\n<figure class=\"wp-block-image size-large\"><a href=\"https:\/\/www.lafabriquedecharpe.fr\/art-etole-laine-bleue-neo-floral-1200.htm\"><img decoding=\"async\" width=\"600\" height=\"600\" data-id=\"1448\" src=\"https:\/\/www.lafabriquedecharpe.fr\/blog\/wp-content\/uploads\/2024\/06\/ar-etole-laine-bleue-neo-floral-1200-1.png\" alt=\"\" class=\"wp-image-1448\" srcset=\"https:\/\/www.lafabriquedecharpe.fr\/blog\/wp-content\/uploads\/2024\/06\/ar-etole-laine-bleue-neo-floral-1200-1.png 600w, https:\/\/www.lafabriquedecharpe.fr\/blog\/wp-content\/uploads\/2024\/06\/ar-etole-laine-bleue-neo-floral-1200-1-300x300.png 300w, https:\/\/www.lafabriquedecharpe.fr\/blog\/wp-content\/uploads\/2024\/06\/ar-etole-laine-bleue-neo-floral-1200-1-150x150.png 150w\" sizes=\"(max-width: 600px) 100vw, 600px\" \/><\/a><\/figure>\n\n\n\n<figure class=\"wp-block-image size-large\"><a href=\"https:\/\/www.lafabriquedecharpe.fr\/art-etole-laine-rouge-orange-rosae-234.htm\"><img decoding=\"async\" width=\"600\" height=\"600\" data-id=\"1449\" src=\"https:\/\/www.lafabriquedecharpe.fr\/blog\/wp-content\/uploads\/2024\/06\/ar-etole-laine-rouge-orange-rosae-234-2.png\" alt=\"\" class=\"wp-image-1449\" srcset=\"https:\/\/www.lafabriquedecharpe.fr\/blog\/wp-content\/uploads\/2024\/06\/ar-etole-laine-rouge-orange-rosae-234-2.png 600w, https:\/\/www.lafabriquedecharpe.fr\/blog\/wp-content\/uploads\/2024\/06\/ar-etole-laine-rouge-orange-rosae-234-2-300x300.png 300w, https:\/\/www.lafabriquedecharpe.fr\/blog\/wp-content\/uploads\/2024\/06\/ar-etole-laine-rouge-orange-rosae-234-2-150x150.png 150w\" sizes=\"(max-width: 600px) 100vw, 600px\" \/><\/a><\/figure>\n<figcaption class=\"blocks-gallery-caption wp-element-caption\">&#8220;Montreal, N\u00e9o Floral et Rosa\u00e9 : des \u00e9charpes laine de La Fabrique d&#8217;\u00e9charpe<\/figcaption><\/figure>\n\n\n\n<div style=\"height:30px\" aria-hidden=\"true\" class=\"wp-block-spacer\"><\/div>\n\n\n\n<h2 class=\"wp-block-heading\">Pourquoi choisir une \u00e9charpe laine ?<\/h2>\n\n\n\n<div style=\"height:30px\" aria-hidden=\"true\" class=\"wp-block-spacer\"><\/div>\n\n\n\n<p><strong>Une \u00e9charpe laine est chaude<\/strong> pour la saison d&#8217;hiver. Cette mati\u00e8re naturelle poss\u00e8de d&#8217;innombrables qualit\u00e9s, elle est respirante, absorbante, isolante&#8230;Pensez  aux \u00e9charpes en m\u00e9lange coton et laine , ou soie et laine qui seront parfaites pour la mi-saison. <strong>Une \u00e9charpe en laine M\u00e9rinos est moelleuse et douce,<\/strong> le m\u00e9rinos \u00e9vite tout ph\u00e9nom\u00e8ne de grattage parce qu&#8217;il est compos\u00e9 de fibres longues et fines. La Fabrique d&#8217;\u00e9charpe n&#8217;utilise que la laine M\u00e9rinos. Privil\u00e9giez les \u00e9charpes laine de<a href=\"https:\/\/www.lafabriquedecharpe.fr\/cat-les-echarpes-83.htm?matiere=laine&amp;f=1&amp;pagenumber=2\"> La Fabrique d&#8217;\u00e9charpe<\/a> pour leurs motifs et leurs coloriages in\u00e9dits. Elles sont tiss\u00e9es traditionnellement sur les m\u00e9tiers  &#8220;Jacquard&#8221; en r\u00e9gion lyonnaise. Leur qualit\u00e9 haut de gamme se caract\u00e9rise par des motifs en relief, des couleurs originales et des mati\u00e8res naturelles au toucher exceptionnel. <\/p>\n\n\n\n<div style=\"height:30px\" aria-hidden=\"true\" class=\"wp-block-spacer\"><\/div>\n\n\n\n<h2 class=\"wp-block-heading\">Quelle forme pour une \u00e9charpe laine ?<\/h2>\n\n\n\n<div style=\"height:30px\" aria-hidden=\"true\" class=\"wp-block-spacer\"><\/div>\n\n\n\n<p>Comme nous l&#8217;avons dit plus haut, la forme de l&#8217;\u00e9charpe laine est bien plus importante qu\u2019elle ne le parait au premier abord car elle joue sur la mani\u00e8re dont vous la porterez. Voici quelques formes \u00e0 privil\u00e9gier suivant votre morphologie :<\/p>\n\n\n\n<div style=\"height:30px\" aria-hidden=\"true\" class=\"wp-block-spacer\"><\/div>\n\n\n\n<h3 class=\"wp-block-heading\">L&#8217;\u00e9charpe laine rectangulaire et longue: <\/h3>\n\n\n\n<p>C\u2019est la forme d\u2019\u00e9charpe la plus classique, id\u00e9ale pour un n\u0153ud simple et de longues extr\u00e9mit\u00e9s. \u00c0 privil\u00e9gier pour les silhouettes en X ou Sablier.<\/p>\n\n\n\n<div style=\"height:30px\" aria-hidden=\"true\" class=\"wp-block-spacer\"><\/div>\n\n\n\n<h3 class=\"wp-block-heading\">L&#8217;\u00e9charpe laine rectangulaire et large: <\/h3>\n\n\n\n<p>Cette \u00e9charpe est sans aucun doute la plus multifonctionnelle : elle peut \u00eatre port\u00e9e en tant qu\u2019\u00e9charpe allong\u00e9e, ou nou\u00e9e avec plusieurs tours de cou ou comme un ch\u00e2le sur les \u00e9paules. C&#8217;est la favori des morphologies rectangles ou en H.<\/p>\n\n\n\n<div style=\"height:30px\" aria-hidden=\"true\" class=\"wp-block-spacer\"><\/div>\n\n\n\n<h3 class=\"wp-block-heading\">L&#8217;\u00e9charpe en carr\u00e9 comme un plaid:<\/h3>\n\n\n\n<p>Ce ch\u00e2le est id\u00e9al pour de multiples types de n\u0153uds et peut \u00eatre port\u00e9 en diverses occasions. Tr\u00e8s confortable avec son style cocooning ! Parfait pour celles qui ont une silhouette en Poire.<\/p>\n\n\n\n<div style=\"height:30px\" aria-hidden=\"true\" class=\"wp-block-spacer\"><\/div>\n\n\n\n<h2 class=\"wp-block-heading\">Quels motifs et couleurs sur une \u00e9charpe laine ?<\/h2>\n\n\n\n<div style=\"height:30px\" aria-hidden=\"true\" class=\"wp-block-spacer\"><\/div>\n\n\n\n<p>Les \u00e9charpes laine existent dans une grande vari\u00e9t\u00e9 de couleurs et de motifs. Ici, tout est question de go\u00fbt : certaines pr\u00e9f\u00e8rent l\u2019\u00e9l\u00e9gance d\u2019une \u00e9charpe unie par exemple <a href=\"https:\/\/www.lafabriquedecharpe.fr\/art-etole-cachemire-unie-rose-ancien-tout-doux-1651.htm\">une \u00e9charpe cachemire<\/a> pour un style luxe et raffin\u00e9, d\u2019autres aiment l\u2019extravagance d\u2019une \u00e9charpe aux couleurs et motifs bariol\u00e9s.<br>Il est judicieux de choisir un motif et une couleur qui se marient avec votre look. En g\u00e9n\u00e9ral, l&#8217;\u00e9charpe laine permet d\u2019ajouter une touche de couleur \u00e0 votre tenue, mais vous pouvez aussi choisir de miser sur la sobri\u00e9t\u00e9 d&#8217;un look monochrome.<\/p>\n\n\n\n<div style=\"height:30px\" aria-hidden=\"true\" class=\"wp-block-spacer\"><\/div>\n\n\n\n<figure class=\"wp-block-gallery has-nested-images columns-default is-cropped wp-block-gallery-3 is-layout-flex wp-block-gallery-is-layout-flex\">\n<figure class=\"wp-block-image size-large\"><img decoding=\"async\" width=\"1024\" height=\"683\" data-id=\"1450\" src=\"https:\/\/www.lafabriquedecharpe.fr\/blog\/wp-content\/uploads\/2024\/06\/annesophiebenoit-lafabriquedecharpe-77-1024x683.jpg\" alt=\"\" class=\"wp-image-1450\" srcset=\"https:\/\/www.lafabriquedecharpe.fr\/blog\/wp-content\/uploads\/2024\/06\/annesophiebenoit-lafabriquedecharpe-77-1024x683.jpg 1024w, https:\/\/www.lafabriquedecharpe.fr\/blog\/wp-content\/uploads\/2024\/06\/annesophiebenoit-lafabriquedecharpe-77-300x200.jpg 300w, https:\/\/www.lafabriquedecharpe.fr\/blog\/wp-content\/uploads\/2024\/06\/annesophiebenoit-lafabriquedecharpe-77-768x512.jpg 768w, https:\/\/www.lafabriquedecharpe.fr\/blog\/wp-content\/uploads\/2024\/06\/annesophiebenoit-lafabriquedecharpe-77-1536x1024.jpg 1536w, https:\/\/www.lafabriquedecharpe.fr\/blog\/wp-content\/uploads\/2024\/06\/annesophiebenoit-lafabriquedecharpe-77.jpg 1600w\" sizes=\"(max-width: 1024px) 100vw, 1024px\" \/><figcaption class=\"wp-element-caption\">Les \u00e9charpes Cachemire UNIES<\/figcaption><\/figure>\n<\/figure>\n\n\n\n<figure class=\"wp-block-gallery has-nested-images columns-default is-cropped wp-block-gallery-5 is-layout-flex wp-block-gallery-is-layout-flex\">\n<figure class=\"wp-block-image size-large\"><a href=\"https:\/\/www.lafabriquedecharpe.fr\/art-maxi-etole-coton-rose-jeannette-1179.htm\"><img decoding=\"async\" width=\"683\" height=\"1024\" data-id=\"1457\" src=\"https:\/\/www.lafabriquedecharpe.fr\/blog\/wp-content\/uploads\/2024\/06\/annesophiebenoit-lafabriquedecharpe-70-3-683x1024.jpg\" alt=\"\" class=\"wp-image-1457\" srcset=\"https:\/\/www.lafabriquedecharpe.fr\/blog\/wp-content\/uploads\/2024\/06\/annesophiebenoit-lafabriquedecharpe-70-3-683x1024.jpg 683w, https:\/\/www.lafabriquedecharpe.fr\/blog\/wp-content\/uploads\/2024\/06\/annesophiebenoit-lafabriquedecharpe-70-3-200x300.jpg 200w, https:\/\/www.lafabriquedecharpe.fr\/blog\/wp-content\/uploads\/2024\/06\/annesophiebenoit-lafabriquedecharpe-70-3-768x1152.jpg 768w, https:\/\/www.lafabriquedecharpe.fr\/blog\/wp-content\/uploads\/2024\/06\/annesophiebenoit-lafabriquedecharpe-70-3-1024x1536.jpg 1024w, https:\/\/www.lafabriquedecharpe.fr\/blog\/wp-content\/uploads\/2024\/06\/annesophiebenoit-lafabriquedecharpe-70-3.jpg 1067w\" sizes=\"(max-width: 683px) 100vw, 683px\" \/><\/a><\/figure>\n\n\n\n<figure class=\"wp-block-image size-large\"><a href=\"https:\/\/www.lafabriquedecharpe.fr\/art-etole-laine-bleue-romantique-364.htm\"><img decoding=\"async\" width=\"683\" height=\"1024\" data-id=\"1458\" src=\"https:\/\/www.lafabriquedecharpe.fr\/blog\/wp-content\/uploads\/2024\/06\/annesophiebenoit-lafabriquedecharpe-99-683x1024.jpg\" alt=\"\" class=\"wp-image-1458\" srcset=\"https:\/\/www.lafabriquedecharpe.fr\/blog\/wp-content\/uploads\/2024\/06\/annesophiebenoit-lafabriquedecharpe-99-683x1024.jpg 683w, https:\/\/www.lafabriquedecharpe.fr\/blog\/wp-content\/uploads\/2024\/06\/annesophiebenoit-lafabriquedecharpe-99-200x300.jpg 200w, https:\/\/www.lafabriquedecharpe.fr\/blog\/wp-content\/uploads\/2024\/06\/annesophiebenoit-lafabriquedecharpe-99-768x1152.jpg 768w, https:\/\/www.lafabriquedecharpe.fr\/blog\/wp-content\/uploads\/2024\/06\/annesophiebenoit-lafabriquedecharpe-99-1024x1536.jpg 1024w, https:\/\/www.lafabriquedecharpe.fr\/blog\/wp-content\/uploads\/2024\/06\/annesophiebenoit-lafabriquedecharpe-99.jpg 1067w\" sizes=\"(max-width: 683px) 100vw, 683px\" \/><\/a><\/figure>\n\n\n\n<figure class=\"wp-block-image size-large\"><a href=\"https:\/\/www.lafabriquedecharpe.fr\/art-etole-laine-verte-paisley-993.htm\"><img decoding=\"async\" width=\"683\" height=\"1024\" data-id=\"1459\" src=\"https:\/\/www.lafabriquedecharpe.fr\/blog\/wp-content\/uploads\/2024\/06\/annesophiebenoit-lafabriquedecharpe-119-683x1024.jpg\" alt=\"\" class=\"wp-image-1459\" srcset=\"https:\/\/www.lafabriquedecharpe.fr\/blog\/wp-content\/uploads\/2024\/06\/annesophiebenoit-lafabriquedecharpe-119-683x1024.jpg 683w, https:\/\/www.lafabriquedecharpe.fr\/blog\/wp-content\/uploads\/2024\/06\/annesophiebenoit-lafabriquedecharpe-119-200x300.jpg 200w, https:\/\/www.lafabriquedecharpe.fr\/blog\/wp-content\/uploads\/2024\/06\/annesophiebenoit-lafabriquedecharpe-119-768x1152.jpg 768w, https:\/\/www.lafabriquedecharpe.fr\/blog\/wp-content\/uploads\/2024\/06\/annesophiebenoit-lafabriquedecharpe-119-1024x1536.jpg 1024w, https:\/\/www.lafabriquedecharpe.fr\/blog\/wp-content\/uploads\/2024\/06\/annesophiebenoit-lafabriquedecharpe-119.jpg 1067w\" sizes=\"(max-width: 683px) 100vw, 683px\" \/><\/a><\/figure>\n<figcaption class=\"blocks-gallery-caption wp-element-caption\">Les \u00e9charpes laine pour des looks chics et raffin\u00e9s <\/figcaption><\/figure>\n\n\n\n<div style=\"height:30px\" aria-hidden=\"true\" class=\"wp-block-spacer\"><\/div>\n\n\n\n<p>Vous savez dor\u00e9navant quel type d&#8217;\u00e9charpe laine vous correspond le mieux, et comment la porter pour mettre en valeur votre silhouette. Il ne vous reste plus qu\u2019\u00e0 impressionner vos amies !<\/p>\n\n\n\n<div style=\"height:30px\" aria-hidden=\"true\" class=\"wp-block-spacer\"><\/div>\n\n\n\n<p>Venez d\u00e9couvrir tous nos mod\u00e8les sur notre site <a href=\"https:\/\/www.lafabriquedecharpe.fr\/\">La Fabrique d&#8217;\u00e9charpe.fr<\/a><\/p>\n\n\n\n<div style=\"height:100px\" aria-hidden=\"true\" class=\"wp-block-spacer\"><\/div>\n","protected":false},"excerpt":{"rendered":"<p>On vous dit tout sur les diff\u00e9rentes silhouettes poire, sablier, ou rectangle, quel type d&#8217;\u00e9charpe laine faut-il associer ?<\/p>\n","protected":false},"author":3,"featured_media":1466,"comment_status":"open","ping_status":"open","sticky":false,"template":"","format":"standard","meta":{"footnotes":""},"categories":[1],"tags":[324,329,82,104,20,158,330,332,331],"yoast_head":"<!-- This site is optimized with the Yoast SEO plugin v19.9 - https:\/\/yoast.com\/wordpress\/plugins\/seo\/ -->\n<title>Comment choisir une \u00e9charpe en laine en fonction de sa morphologie - La fabrique d&#039;\u00e9charpe<\/title>\n<meta name=\"description\" content=\"On vous dit tout sur les diff\u00e9rentes silhouettes poire, sablier, rectangle, des conseils sur le type d&#039;\u00e9charpe laine qu&#039;il faut associer ?\" \/>\n<meta name=\"robots\" content=\"index, follow, max-snippet:-1, max-image-preview:large, max-video-preview:-1\" \/>\n<link rel=\"canonical\" href=\"https:\/\/www.lafabriquedecharpe.fr\/blog\/comment-choisir-une-echarpe-en-laine-en-fonction-de-sa-morphologie\/\" \/>\n<meta property=\"og:locale\" content=\"fr_FR\" \/>\n<meta property=\"og:type\" content=\"article\" \/>\n<meta property=\"og:title\" content=\"Comment choisir une \u00e9charpe en laine en fonction de sa morphologie - La fabrique d&#039;\u00e9charpe\" \/>\n<meta property=\"og:description\" content=\"On vous dit tout sur les diff\u00e9rentes silhouettes poire, sablier, rectangle, des conseils sur le type d&#039;\u00e9charpe laine qu&#039;il faut associer ?\" \/>\n<meta property=\"og:url\" content=\"https:\/\/www.lafabriquedecharpe.fr\/blog\/comment-choisir-une-echarpe-en-laine-en-fonction-de-sa-morphologie\/\" \/>\n<meta property=\"og:site_name\" content=\"La fabrique d&#039;\u00e9charpe\" \/>\n<meta property=\"article:published_time\" content=\"2024-06-28T08:27:14+00:00\" \/>\n<meta property=\"article:modified_time\" content=\"2024-09-05T15:59:19+00:00\" \/>\n<meta property=\"og:image\" content=\"https:\/\/www.lafabriquedecharpe.fr\/blog\/wp-content\/uploads\/2024\/06\/Bandeau-echarpe-selon-sa-morphologie.jpg\" \/>\n\t<meta property=\"og:image:width\" content=\"2111\" \/>\n\t<meta property=\"og:image:height\" content=\"756\" \/>\n\t<meta property=\"og:image:type\" content=\"image\/jpeg\" \/>\n<meta name=\"author\" content=\"Christine DEGURSE\" \/>\n<meta name=\"twitter:card\" content=\"summary_large_image\" \/>\n<meta name=\"twitter:label1\" content=\"\u00c9crit par\" \/>\n\t<meta name=\"twitter:data1\" content=\"Christine DEGURSE\" \/>\n\t<meta name=\"twitter:label2\" content=\"Dur\u00e9e de lecture estim\u00e9e\" \/>\n\t<meta name=\"twitter:data2\" content=\"6 minutes\" \/>\n<!-- \/ Yoast SEO plugin. -->","yoast_head_json":{"title":"Comment choisir une \u00e9charpe en laine en fonction de sa morphologie - La fabrique d&#039;\u00e9charpe","description":"On vous dit tout sur les diff\u00e9rentes silhouettes poire, sablier, rectangle, des conseils sur le type d'\u00e9charpe laine qu'il faut associer ?","robots":{"index":"index","follow":"follow","max-snippet":"max-snippet:-1","max-image-preview":"max-image-preview:large","max-video-preview":"max-video-preview:-1"},"canonical":"https:\/\/www.lafabriquedecharpe.fr\/blog\/comment-choisir-une-echarpe-en-laine-en-fonction-de-sa-morphologie\/","og_locale":"fr_FR","og_type":"article","og_title":"Comment choisir une \u00e9charpe en laine en fonction de sa morphologie - La fabrique d&#039;\u00e9charpe","og_description":"On vous dit tout sur les diff\u00e9rentes silhouettes poire, sablier, rectangle, des conseils sur le type d'\u00e9charpe laine qu'il faut associer ?","og_url":"https:\/\/www.lafabriquedecharpe.fr\/blog\/comment-choisir-une-echarpe-en-laine-en-fonction-de-sa-morphologie\/","og_site_name":"La fabrique d&#039;\u00e9charpe","article_published_time":"2024-06-28T08:27:14+00:00","article_modified_time":"2024-09-05T15:59:19+00:00","og_image":[{"width":2111,"height":756,"url":"https:\/\/www.lafabriquedecharpe.fr\/blog\/wp-content\/uploads\/2024\/06\/Bandeau-echarpe-selon-sa-morphologie.jpg","type":"image\/jpeg"}],"author":"Christine DEGURSE","twitter_card":"summary_large_image","twitter_misc":{"\u00c9crit par":"Christine DEGURSE","Dur\u00e9e de lecture estim\u00e9e":"6 minutes"},"schema":{"@context":"https:\/\/schema.org","@graph":[{"@type":"WebPage","@id":"https:\/\/www.lafabriquedecharpe.fr\/blog\/comment-choisir-une-echarpe-en-laine-en-fonction-de-sa-morphologie\/","url":"https:\/\/www.lafabriquedecharpe.fr\/blog\/comment-choisir-une-echarpe-en-laine-en-fonction-de-sa-morphologie\/","name":"Comment choisir une \u00e9charpe en laine en fonction de sa morphologie - La fabrique d&#039;\u00e9charpe","isPartOf":{"@id":"https:\/\/www.lafabriquedecharpe.fr\/blog\/#website"},"datePublished":"2024-06-28T08:27:14+00:00","dateModified":"2024-09-05T15:59:19+00:00","author":{"@id":"https:\/\/www.lafabriquedecharpe.fr\/blog\/#\/schema\/person\/1c703babc8565e57bc1ca3ba0698dabf"},"description":"On vous dit tout sur les diff\u00e9rentes silhouettes poire, sablier, rectangle, des conseils sur le type d'\u00e9charpe laine qu'il faut associer ?","breadcrumb":{"@id":"https:\/\/www.lafabriquedecharpe.fr\/blog\/comment-choisir-une-echarpe-en-laine-en-fonction-de-sa-morphologie\/#breadcrumb"},"inLanguage":"fr-FR","potentialAction":[{"@type":"ReadAction","target":["https:\/\/www.lafabriquedecharpe.fr\/blog\/comment-choisir-une-echarpe-en-laine-en-fonction-de-sa-morphologie\/"]}]},{"@type":"BreadcrumbList","@id":"https:\/\/www.lafabriquedecharpe.fr\/blog\/comment-choisir-une-echarpe-en-laine-en-fonction-de-sa-morphologie\/#breadcrumb","itemListElement":[{"@type":"ListItem","position":1,"name":"Accueil","item":"https:\/\/www.lafabriquedecharpe.fr\/blog\/"},{"@type":"ListItem","position":2,"name":"Comment choisir une \u00e9charpe en laine en fonction de sa morphologie"}]},{"@type":"WebSite","@id":"https:\/\/www.lafabriquedecharpe.fr\/blog\/#website","url":"https:\/\/www.lafabriquedecharpe.fr\/blog\/","name":"La fabrique d&#039;\u00e9charpe","description":"Le blog","potentialAction":[{"@type":"SearchAction","target":{"@type":"EntryPoint","urlTemplate":"https:\/\/www.lafabriquedecharpe.fr\/blog\/?s={search_term_string}"},"query-input":"required name=search_term_string"}],"inLanguage":"fr-FR"},{"@type":"Person","@id":"https:\/\/www.lafabriquedecharpe.fr\/blog\/#\/schema\/person\/1c703babc8565e57bc1ca3ba0698dabf","name":"Christine DEGURSE","image":{"@type":"ImageObject","inLanguage":"fr-FR","@id":"https:\/\/www.lafabriquedecharpe.fr\/blog\/#\/schema\/person\/image\/","url":"https:\/\/secure.gravatar.com\/avatar\/e41c40d8cae9026978cb106fc14af946?s=96&d=mm&r=g","contentUrl":"https:\/\/secure.gravatar.com\/avatar\/e41c40d8cae9026978cb106fc14af946?s=96&d=mm&r=g","caption":"Christine DEGURSE"},"url":"https:\/\/www.lafabriquedecharpe.fr\/blog\/author\/christine-degursewanadoo-fr\/"}]}},"_links":{"self":[{"href":"https:\/\/www.lafabriquedecharpe.fr\/blog\/wp-json\/wp\/v2\/posts\/1435"}],"collection":[{"href":"https:\/\/www.lafabriquedecharpe.fr\/blog\/wp-json\/wp\/v2\/posts"}],"about":[{"href":"https:\/\/www.lafabriquedecharpe.fr\/blog\/wp-json\/wp\/v2\/types\/post"}],"author":[{"embeddable":true,"href":"https:\/\/www.lafabriquedecharpe.fr\/blog\/wp-json\/wp\/v2\/users\/3"}],"replies":[{"embeddable":true,"href":"https:\/\/www.lafabriquedecharpe.fr\/blog\/wp-json\/wp\/v2\/comments?post=1435"}],"version-history":[{"count":7,"href":"https:\/\/www.lafabriquedecharpe.fr\/blog\/wp-json\/wp\/v2\/posts\/1435\/revisions"}],"predecessor-version":[{"id":1743,"href":"https:\/\/www.lafabriquedecharpe.fr\/blog\/wp-json\/wp\/v2\/posts\/1435\/revisions\/1743"}],"wp:featuredmedia":[{"embeddable":true,"href":"https:\/\/www.lafabriquedecharpe.fr\/blog\/wp-json\/wp\/v2\/media\/1466"}],"wp:attachment":[{"href":"https:\/\/www.lafabriquedecharpe.fr\/blog\/wp-json\/wp\/v2\/media?parent=1435"}],"wp:term":[{"taxonomy":"category","embeddable":true,"href":"https:\/\/www.lafabriquedecharpe.fr\/blog\/wp-json\/wp\/v2\/categories?post=1435"},{"taxonomy":"post_tag","embeddable":true,"href":"https:\/\/www.lafabriquedecharpe.fr\/blog\/wp-json\/wp\/v2\/tags?post=1435"}],"curies":[{"name":"wp","href":"https:\/\/api.w.org\/{rel}","templated":true}]}}