{"id":1575,"date":"2024-07-22T09:05:26","date_gmt":"2024-07-22T07:05:26","guid":{"rendered":"https:\/\/www.lafabriquedecharpe.fr\/blog\/?p=1575"},"modified":"2024-07-22T09:05:28","modified_gmt":"2024-07-22T07:05:28","slug":"sacs-cabas-tisses-pour-toutes-les-saisons","status":"publish","type":"post","link":"https:\/\/www.lafabriquedecharpe.fr\/blog\/sacs-cabas-tisses-pour-toutes-les-saisons\/","title":{"rendered":"Sacs cabas tiss\u00e9s pour toutes les saisons"},"content":{"rendered":"\n<div style=\"height:50px\" aria-hidden=\"true\" class=\"wp-block-spacer\"><\/div>\n\n\n\n<p><strong>Et\u00e9 comme hiver<\/strong>, les sacs cabas tiss\u00e9s sont indispensables. Ils sont <strong>polyvalents<\/strong>, <strong>pratiques<\/strong> et <strong>confortables<\/strong> tout au long de l&#8217;ann\u00e9e. Ils vous accompagnent partout; pour vos escapades \u00e0 la montagne, \u00e0 la plage, au quotidien pour aller au bureau, en week end \u00e0 la campagne&#8230;&#8230;&#8230;&#8230;&#8230;.<\/p>\n\n\n\n<p>A chaque la saison, il vous suffit de choisir la taille, la mati\u00e8re et le coloris pour s&#8217;harmoniser avec vos diff\u00e9rentes tenues.<\/p>\n\n\n\n<p>Les sacs cabas tiss\u00e9s se pr\u00e9sentent dans de nombreux styles, et ils sont confectionn\u00e9s dans diff\u00e9rentes mati\u00e8res, privil\u00e9giez les mati\u00e8res naturelles pour diminuer leur impact environnemental. S\u2019ils peuvent sembler plus adapt\u00e9s aux mois d\u2019\u00e9t\u00e9, on peut aujourd&#8217;hui les utiliser toute l&#8217;ann\u00e9e, gr\u00e2ce \u00e0 leur grande polyvalence. <a href=\"https:\/\/www.lafabriquedecharpe.fr\/cat-la-fabrique-de-sac-84.htm\">La Fabrique d&#8217;\u00e9charpe<\/a> vous pr\u00e9sente une liste non-exhaustives <strong>des multiples fonctions d&#8217;un sac cabas tiss\u00e9s.<\/strong><\/p>\n\n\n\n<div style=\"height:30px\" aria-hidden=\"true\" class=\"wp-block-spacer\"><\/div>\n\n\n\n<figure class=\"wp-block-image size-large is-resized\"><a href=\"https:\/\/www.lafabriquedecharpe.fr\/art-sac-cabas-vichy-vert-1591.htm\"><img decoding=\"async\" width=\"683\" height=\"1024\" src=\"https:\/\/www.lafabriquedecharpe.fr\/blog\/wp-content\/uploads\/2024\/07\/annesophiebenoit-lafabriquedecharpe-120-683x1024.jpg\" alt=\"\" class=\"wp-image-1576\" style=\"aspect-ratio:0.6669921875;width:841px;height:auto\" srcset=\"https:\/\/www.lafabriquedecharpe.fr\/blog\/wp-content\/uploads\/2024\/07\/annesophiebenoit-lafabriquedecharpe-120-683x1024.jpg 683w, https:\/\/www.lafabriquedecharpe.fr\/blog\/wp-content\/uploads\/2024\/07\/annesophiebenoit-lafabriquedecharpe-120-200x300.jpg 200w, https:\/\/www.lafabriquedecharpe.fr\/blog\/wp-content\/uploads\/2024\/07\/annesophiebenoit-lafabriquedecharpe-120-768x1152.jpg 768w, https:\/\/www.lafabriquedecharpe.fr\/blog\/wp-content\/uploads\/2024\/07\/annesophiebenoit-lafabriquedecharpe-120-1024x1536.jpg 1024w, https:\/\/www.lafabriquedecharpe.fr\/blog\/wp-content\/uploads\/2024\/07\/annesophiebenoit-lafabriquedecharpe-120.jpg 1067w\" sizes=\"(max-width: 683px) 100vw, 683px\" \/><\/a><figcaption class=\"wp-element-caption\">Sac cabas tiss\u00e9 pour un week end<\/figcaption><\/figure>\n\n\n\n<div style=\"height:30px\" aria-hidden=\"true\" class=\"wp-block-spacer\"><\/div>\n\n\n\n<h2 class=\"wp-block-heading\">Polyvalence des sacs cabas tiss\u00e9s<\/h2>\n\n\n\n<div style=\"height:30px\" aria-hidden=\"true\" class=\"wp-block-spacer\"><\/div>\n\n\n\n<p>Qu\u2019est ce qui fait du sac cabas un choix si judicieux&nbsp;pour toutes les saisons ? <strong>Sa polyvalence <\/strong>!<\/p>\n\n\n\n<p>Sa capacit\u00e9 \u00e0 faire face \u00e0 toutes les situations est ind\u00e9niable. Sa taille g\u00e9n\u00e9reuse permet de transporter facilement diff\u00e9rentes choses tout en offrant <strong>un style \u00e9l\u00e9gant et d\u00e9contract\u00e9<\/strong>. En tissu, c&#8217;est un produit l\u00e9ger et qui ne tient pas de place. Il dispose parfois de poches int\u00e9rieures et ext\u00e9rieures pratiques, ce qui permet de bien organiser les affaires. Il poss\u00e8de aussi des anses r\u00e9sistantes pour supporter plusieurs kilogrammes de charge.<\/p>\n\n\n\n<div style=\"height:30px\" aria-hidden=\"true\" class=\"wp-block-spacer\"><\/div>\n\n\n\n<h2 class=\"wp-block-heading\">Les principales utilisations du sac cabas tiss\u00e9<\/h2>\n\n\n\n<div style=\"height:30px\" aria-hidden=\"true\" class=\"wp-block-spacer\"><\/div>\n\n\n\n<h3 class=\"wp-block-heading\">Sac quotidien<\/h3>\n\n\n\n<p>La premi\u00e8re fonctionnalit\u00e9 du sac cabas est sa large capacit\u00e9. Des tablettes et t\u00e9l\u00e9phones portables aux trousses de maquillage et bouteilles d\u2019eau, un sac cabas bien con\u00e7u a suffisamment d\u2019espace pour accueillir <strong>tous vos essentiels quotidiens<\/strong>, et m\u00eame plus. Voir <a href=\"https:\/\/www.lafabriquedecharpe.fr\/cat-la-fabrique-de-sac-84.htm\">notre collection de sac cabas<\/a>.<\/p>\n\n\n\n<div style=\"height:30px\" aria-hidden=\"true\" class=\"wp-block-spacer\"><\/div>\n\n\n\n<h3 class=\"wp-block-heading\">Sac de travail ou d\u2019\u00e9cole<\/h3>\n\n\n\n<p>Les grands sacs cabas avec des poign\u00e9es solides peuvent facilement soutenir le poids d\u2019un ordinateur portable et de cahiers en plus de vos petites affaires quotidiennes, ce qui ravira <strong>les \u00e9tudiants et personnes actives. <\/strong><\/p>\n\n\n\n<div style=\"height:30px\" aria-hidden=\"true\" class=\"wp-block-spacer\"><\/div>\n\n\n\n<h3 class=\"wp-block-heading\">Sac de courses ou de shopping<\/h3>\n\n\n\n<p>R\u00e9utilisable et durable, le sac cabas tiss\u00e9 est parfait pour<strong> <\/strong><a href=\"https:\/\/www.lafabriquedecharpe.fr\/cat-sacs-cabas-en-tissu-jacquard-119.htm\"><strong>les courses journali\u00e8res<\/strong> ou <strong>le shopping<\/strong><\/a> entre copines. Il permet de rehausser votre style tout en ayant un impact positif sur l\u2019environnement : c\u2019est un engagement \u00e9co-responsable qui s&#8217;inscrit dans une d\u00e9marche de d\u00e9veloppement durable.<\/p>\n\n\n\n<div style=\"height:30px\" aria-hidden=\"true\" class=\"wp-block-spacer\"><\/div>\n\n\n\n<h3 class=\"wp-block-heading\">Sac de voyage<\/h3>\n\n\n\n<p>Que vous partiez <strong>aux sports d&#8217;hiver<\/strong> ou en <strong>vacances au bord de mer<\/strong>, n&#8217;oubliez pas votre sac cabas tiss\u00e9. Chapeaux de soleil, sandales, et livres pour l&#8217;\u00e9t\u00e9 peuvent remplacer \u00e9charpes, bonnets et pulls pour l&#8217;hiver. Sa conception robuste et r\u00e9sistante en fait \u00e9galement un excellent choix pour les voyages et les d\u00e9placements. Que ce soit comme <strong>bagage \u00e0 main pour un voyage en avion<\/strong> ou comme <a href=\"https:\/\/www.lafabriquedecharpe.fr\/cat-sacs-brodes-personnalisables-117.htm\"><strong>sac de week-end<\/strong> <\/a>pour une escapade improvis\u00e9e.<\/p>\n\n\n\n<div style=\"height:30px\" aria-hidden=\"true\" class=\"wp-block-spacer\"><\/div>\n\n\n\n<h3 class=\"wp-block-heading\">Sac de sport<\/h3>\n\n\n\n<p>Un sac cabas spacieux est id\u00e9al pour vous <strong>accompagner \u00e0 l&#8217;entra\u00eenement apr\u00e8s le bureau<\/strong>. Avec son espace g\u00e9n\u00e9reux vous pourrez ranger vos affaires de sport, votre bouteille d&#8217;eau, votre serviette et vos v\u00eatements de rechange. Alors, laissez-vous s\u00e9duire par <a href=\"https:\/\/www.lafabriquedecharpe.fr\/cat-la-fabrique-de-sac-84.htm\">les sacs de La Fabrique d&#8217;\u00e9charpe<\/a> qui allient \u00e0 la fois r\u00e9sistance et \u00e9l\u00e9gance.<\/p>\n\n\n\n<div style=\"height:30px\" aria-hidden=\"true\" class=\"wp-block-spacer\"><\/div>\n\n\n\n<h3 class=\"wp-block-heading\">Sac \u00e0 langer<\/h3>\n\n\n\n<p>Spacieux et robuste, <strong>le sac cabas tiss\u00e9 pourra accueillir toutes les petites affaires de b\u00e9b\u00e9<\/strong>, couches, changes, cr\u00e8me, biberons, doudous&#8230;..Il vous permettra de combiner praticit\u00e9 et style en apportant une touche d&#8217;originalit\u00e9. Vous pouvez m\u00eame les personnaliser en faisant broder le pr\u00e9nom de votre enfant ou un autre texte : voir <a href=\"https:\/\/www.lafabriquedecharpe.fr\/cat-sacs-brodes-personnalisables-117.htm\">nos sacs personnalisables<\/a><\/p>\n\n\n\n<div style=\"height:30px\" aria-hidden=\"true\" class=\"wp-block-spacer\"><\/div>\n\n\n\n<figure class=\"wp-block-gallery has-nested-images columns-default is-cropped wp-block-gallery-1 is-layout-flex wp-block-gallery-is-layout-flex\">\n<figure class=\"wp-block-image size-large\"><img decoding=\"async\" width=\"600\" height=\"600\" data-id=\"1597\" src=\"https:\/\/www.lafabriquedecharpe.fr\/blog\/wp-content\/uploads\/2024\/07\/ar-sac-cabas-brode-arbre-de-nelly-or-1216_4127.png\" alt=\"\" class=\"wp-image-1597\" srcset=\"https:\/\/www.lafabriquedecharpe.fr\/blog\/wp-content\/uploads\/2024\/07\/ar-sac-cabas-brode-arbre-de-nelly-or-1216_4127.png 600w, https:\/\/www.lafabriquedecharpe.fr\/blog\/wp-content\/uploads\/2024\/07\/ar-sac-cabas-brode-arbre-de-nelly-or-1216_4127-300x300.png 300w, https:\/\/www.lafabriquedecharpe.fr\/blog\/wp-content\/uploads\/2024\/07\/ar-sac-cabas-brode-arbre-de-nelly-or-1216_4127-150x150.png 150w\" sizes=\"(max-width: 600px) 100vw, 600px\" \/><\/figure>\n\n\n\n<figure class=\"wp-block-image size-large\"><img decoding=\"async\" width=\"600\" height=\"600\" data-id=\"1595\" src=\"https:\/\/www.lafabriquedecharpe.fr\/blog\/wp-content\/uploads\/2024\/07\/ar-sac-cabas-jute-trio-fleuri-1550_5774.png\" alt=\"\" class=\"wp-image-1595\" srcset=\"https:\/\/www.lafabriquedecharpe.fr\/blog\/wp-content\/uploads\/2024\/07\/ar-sac-cabas-jute-trio-fleuri-1550_5774.png 600w, https:\/\/www.lafabriquedecharpe.fr\/blog\/wp-content\/uploads\/2024\/07\/ar-sac-cabas-jute-trio-fleuri-1550_5774-300x300.png 300w, https:\/\/www.lafabriquedecharpe.fr\/blog\/wp-content\/uploads\/2024\/07\/ar-sac-cabas-jute-trio-fleuri-1550_5774-150x150.png 150w\" sizes=\"(max-width: 600px) 100vw, 600px\" \/><\/figure>\n\n\n\n<figure class=\"wp-block-image size-large\"><img decoding=\"async\" width=\"600\" height=\"600\" data-id=\"1600\" src=\"https:\/\/www.lafabriquedecharpe.fr\/blog\/wp-content\/uploads\/2024\/07\/ar-sac-cabas-jute-champs-1552_5780-2.png\" alt=\"\" class=\"wp-image-1600\" srcset=\"https:\/\/www.lafabriquedecharpe.fr\/blog\/wp-content\/uploads\/2024\/07\/ar-sac-cabas-jute-champs-1552_5780-2.png 600w, https:\/\/www.lafabriquedecharpe.fr\/blog\/wp-content\/uploads\/2024\/07\/ar-sac-cabas-jute-champs-1552_5780-2-300x300.png 300w, https:\/\/www.lafabriquedecharpe.fr\/blog\/wp-content\/uploads\/2024\/07\/ar-sac-cabas-jute-champs-1552_5780-2-150x150.png 150w\" sizes=\"(max-width: 600px) 100vw, 600px\" \/><\/figure>\n\n\n\n<figure class=\"wp-block-image size-large\"><img decoding=\"async\" width=\"600\" height=\"600\" data-id=\"1577\" src=\"https:\/\/www.lafabriquedecharpe.fr\/blog\/wp-content\/uploads\/2024\/07\/ar-sac-cabas-personnalisable-etoile-1546.png\" alt=\"\" class=\"wp-image-1577\" srcset=\"https:\/\/www.lafabriquedecharpe.fr\/blog\/wp-content\/uploads\/2024\/07\/ar-sac-cabas-personnalisable-etoile-1546.png 600w, https:\/\/www.lafabriquedecharpe.fr\/blog\/wp-content\/uploads\/2024\/07\/ar-sac-cabas-personnalisable-etoile-1546-300x300.png 300w, https:\/\/www.lafabriquedecharpe.fr\/blog\/wp-content\/uploads\/2024\/07\/ar-sac-cabas-personnalisable-etoile-1546-150x150.png 150w\" sizes=\"(max-width: 600px) 100vw, 600px\" \/><\/figure>\n\n\n\n<figure class=\"wp-block-image size-large\"><img decoding=\"async\" width=\"600\" height=\"600\" data-id=\"1582\" src=\"https:\/\/www.lafabriquedecharpe.fr\/blog\/wp-content\/uploads\/2024\/07\/ar-sac-cabas-brode-esprit-romantique-argent-1219_4116.png\" alt=\"\" class=\"wp-image-1582\" srcset=\"https:\/\/www.lafabriquedecharpe.fr\/blog\/wp-content\/uploads\/2024\/07\/ar-sac-cabas-brode-esprit-romantique-argent-1219_4116.png 600w, https:\/\/www.lafabriquedecharpe.fr\/blog\/wp-content\/uploads\/2024\/07\/ar-sac-cabas-brode-esprit-romantique-argent-1219_4116-300x300.png 300w, https:\/\/www.lafabriquedecharpe.fr\/blog\/wp-content\/uploads\/2024\/07\/ar-sac-cabas-brode-esprit-romantique-argent-1219_4116-150x150.png 150w\" sizes=\"(max-width: 600px) 100vw, 600px\" \/><\/figure>\n\n\n\n<figure class=\"wp-block-image size-large\"><img decoding=\"async\" width=\"600\" height=\"600\" data-id=\"1581\" src=\"https:\/\/www.lafabriquedecharpe.fr\/blog\/wp-content\/uploads\/2024\/07\/ar-sac-cabas-vichy-beige-1594_6691.png\" alt=\"\" class=\"wp-image-1581\" srcset=\"https:\/\/www.lafabriquedecharpe.fr\/blog\/wp-content\/uploads\/2024\/07\/ar-sac-cabas-vichy-beige-1594_6691.png 600w, https:\/\/www.lafabriquedecharpe.fr\/blog\/wp-content\/uploads\/2024\/07\/ar-sac-cabas-vichy-beige-1594_6691-300x300.png 300w, https:\/\/www.lafabriquedecharpe.fr\/blog\/wp-content\/uploads\/2024\/07\/ar-sac-cabas-vichy-beige-1594_6691-150x150.png 150w\" sizes=\"(max-width: 600px) 100vw, 600px\" \/><\/figure>\n<\/figure>\n\n\n\n<div style=\"height:30px\" aria-hidden=\"true\" class=\"wp-block-spacer\"><\/div>\n\n\n\n<h2 class=\"wp-block-heading\">Confort et praticit\u00e9 pour chaque saison<\/h2>\n\n\n\n<div style=\"height:30px\" aria-hidden=\"true\" class=\"wp-block-spacer\"><\/div>\n\n\n\n<p>Pour chaque saison vous trouverez un sac cabas tiss\u00e9 \u00e0 votre go\u00fbt. Ils sont pratiques et vous offrent un confort ind\u00e9niable.<\/p>\n\n\n\n<p>Le tissu coton est l\u2019une des mati\u00e8res les plus utilis\u00e9es dans la conception des sacs cabas, car elle est \u00e0 la fois l\u00e9g\u00e8re et durable. Sa capacit\u00e9 \u00e0 rester robuste tout en restant relativement l\u00e9g\u00e8re en fait un choix id\u00e9al <strong>pour transporter vos objets lourds<\/strong> tout <strong>en minimisant le poids sur vos \u00e9paules<\/strong>. C\u00f4t\u00e9 esth\u00e9tique, le tissu exprime une tendance d\u00e9contract\u00e9e, ce qui fait des sacs cabas en tissage le choix parfait pour vos journ\u00e9es et week-ends d\u00e9contract\u00e9s. De plus, <strong>les sacs en tissu sont d&#8217;un entretien facile<\/strong>, vous pouvez les laver \u00e0 la main \u00e0 basse temp\u00e9rature.<\/p>\n\n\n\n<div style=\"height:30px\" aria-hidden=\"true\" class=\"wp-block-spacer\"><\/div>\n\n\n\n<h2 class=\"wp-block-heading\">Styles et mat\u00e9riaux saisonniers<\/h2>\n\n\n\n<div style=\"height:30px\" aria-hidden=\"true\" class=\"wp-block-spacer\"><\/div>\n\n\n\n<p>Pratique, \u00e9l\u00e9gant et spacieux, <strong>le sac cabas tiss\u00e9 est un compagnon fid\u00e8le<\/strong> qui s&#8217;adapte \u00e0 tous les moments de l&#8217;ann\u00e9e, du bureau \u00e0 la plage en passant par les courses au march\u00e9.<\/p>\n\n\n\n<p>Bien que le sac cabas ait commenc\u00e9 comme un accessoire utilitaire, son \u00e9volution stylistique en fait, bien plus qu&#8217;un simple compagnon fonctionnel. Les designers du monde entier ont laiss\u00e9 leur empreinte sur le sac cabas, cr\u00e9ant des variations qui vont du classique intemporel au chic d\u00e9contract\u00e9. Ainsi, le sac cabas tiss\u00e9 s&#8217;adapte \u00e0 une multitude de styles, devenant <strong>un accessoire polyvalent pour toutes les saisons<\/strong>.<\/p>\n\n\n\n<div style=\"height:30px\" aria-hidden=\"true\" class=\"wp-block-spacer\"><\/div>\n\n\n\n<h3 class=\"wp-block-heading\">Pour la saison printemps &#8211; \u00e9t\u00e9 :<\/h3>\n\n\n\n<p>En \u00e9t\u00e9, le sac cabas pour femme peut rev\u00eatir <strong>une allure estivale<\/strong> en optant pour <strong>sac cabas en coton<\/strong>, des couleurs plus claires par exemple. On peut jouer sur le motif en choisissant un dessin floral ou bien romantique. La Fabrique d&#8217;\u00e9charpe vous propose <a href=\"https:\/\/www.lafabriquedecharpe.fr\/art-sac-cabas-pre-fleuri-noir-1643.htm\">le mod\u00e8le &#8220;Pr\u00e9 Fleuri&#8221;<\/a> en noir\/blanc\/jaune, des coloris facile \u00e0 assortir avec vos tenues du printemps et de l&#8217;\u00e9t\u00e9. Un mod\u00e8le tiss\u00e9 en Jacquard en 100%coton et coton Bio pour une bonne r\u00e9sistance et un entretien facile.<\/p>\n\n\n\n<div style=\"height:30px\" aria-hidden=\"true\" class=\"wp-block-spacer\"><\/div>\n\n\n\n<figure class=\"wp-block-image size-large is-resized\"><a href=\"https:\/\/www.lafabriquedecharpe.fr\/art-sac-cabas-pre-fleuri-noir-1643.htm\"><img decoding=\"async\" width=\"683\" height=\"1024\" src=\"https:\/\/www.lafabriquedecharpe.fr\/blog\/wp-content\/uploads\/2024\/07\/annesophiebenoit-lafabriquedecharpe-62-683x1024.jpg\" alt=\"\" class=\"wp-image-1594\" style=\"aspect-ratio:0.6669921875;width:840px;height:auto\" srcset=\"https:\/\/www.lafabriquedecharpe.fr\/blog\/wp-content\/uploads\/2024\/07\/annesophiebenoit-lafabriquedecharpe-62-683x1024.jpg 683w, https:\/\/www.lafabriquedecharpe.fr\/blog\/wp-content\/uploads\/2024\/07\/annesophiebenoit-lafabriquedecharpe-62-200x300.jpg 200w, https:\/\/www.lafabriquedecharpe.fr\/blog\/wp-content\/uploads\/2024\/07\/annesophiebenoit-lafabriquedecharpe-62-768x1152.jpg 768w, https:\/\/www.lafabriquedecharpe.fr\/blog\/wp-content\/uploads\/2024\/07\/annesophiebenoit-lafabriquedecharpe-62-1024x1536.jpg 1024w, https:\/\/www.lafabriquedecharpe.fr\/blog\/wp-content\/uploads\/2024\/07\/annesophiebenoit-lafabriquedecharpe-62.jpg 1067w\" sizes=\"(max-width: 683px) 100vw, 683px\" \/><\/a><figcaption class=\"wp-element-caption\">Sac cabas Pr\u00e9 Fleuri en tissu Jacquard 100%coton \u00e0 motif floral<\/figcaption><\/figure>\n\n\n\n<div style=\"height:30px\" aria-hidden=\"true\" class=\"wp-block-spacer\"><\/div>\n\n\n\n<h3 class=\"wp-block-heading\">Pour la saison Automne &#8211; Hiver<\/h3>\n\n\n\n<p>Mais vous pouvez tout aussi bien opter pour un mod\u00e8le plus hivernal avec par exemple un tissu plus lourd en mati\u00e8re recycl\u00e9e et rebrod\u00e9e. La Fabrique d&#8217;\u00e9charpe rivalise de <strong>cr\u00e9ativit\u00e9<\/strong> pour proposer des mod\u00e8les toujours <strong>plus originaux ou intemporels selon vos envies<\/strong>. Elle vous propose <a href=\"https:\/\/www.lafabriquedecharpe.fr\/art-sac-cabas-jute-solstice-1557.htm\">un sac cabas<\/a> en toile de jute bordeaux avec des anses confortables grises et une broderie sur la face avant en coloris d&#8217;hiver: rouge\/orange\/jaune\/bleu royal\/turquoise.<\/p>\n\n\n\n<div style=\"height:30px\" aria-hidden=\"true\" class=\"wp-block-spacer\"><\/div>\n\n\n\n<figure class=\"wp-block-image size-full is-resized\"><a href=\"https:\/\/www.lafabriquedecharpe.fr\/art-sac-cabas-jute-solstice-1557.htm\"><img decoding=\"async\" width=\"600\" height=\"600\" src=\"https:\/\/www.lafabriquedecharpe.fr\/blog\/wp-content\/uploads\/2024\/07\/ar-sac-cabas-jute-solstice-1557.png\" alt=\"\" class=\"wp-image-1599\" style=\"aspect-ratio:1;width:841px;height:auto\" srcset=\"https:\/\/www.lafabriquedecharpe.fr\/blog\/wp-content\/uploads\/2024\/07\/ar-sac-cabas-jute-solstice-1557.png 600w, https:\/\/www.lafabriquedecharpe.fr\/blog\/wp-content\/uploads\/2024\/07\/ar-sac-cabas-jute-solstice-1557-300x300.png 300w, https:\/\/www.lafabriquedecharpe.fr\/blog\/wp-content\/uploads\/2024\/07\/ar-sac-cabas-jute-solstice-1557-150x150.png 150w\" sizes=\"(max-width: 600px) 100vw, 600px\" \/><\/a><figcaption class=\"wp-element-caption\">Sac cabas jute bordeaux &#8220;Solstice&#8221;<\/figcaption><\/figure>\n\n\n\n<div style=\"height:30px\" aria-hidden=\"true\" class=\"wp-block-spacer\"><\/div>\n\n\n\n<h2 class=\"wp-block-heading\">La Tendance \u00e9cologique<\/h2>\n\n\n\n<div style=\"height:30px\" aria-hidden=\"true\" class=\"wp-block-spacer\"><\/div>\n\n\n\n<p>Cette tendance \u00e9cologique du sac cabas tiss\u00e9 est une bonne nouvelle dans le secteur de la mode, o\u00f9 les marques et les consommateurs se tournent de plus en plus vers <strong>des alternatives durables et respectueuses de l\u2019environnement<\/strong>. En choisissant des sacs cabas tiss\u00e9s <strong>fabriqu\u00e9s en France<\/strong> \u00e0 partir de <strong>mat\u00e9riaux \u00e9coresponsables<\/strong>, vous contribuez \u00e0 pr\u00e9server la plan\u00e8te tout en restant \u00e0 la pointe des tendances.<\/p>\n\n\n\n<div style=\"height:30px\" aria-hidden=\"true\" class=\"wp-block-spacer\"><\/div>\n\n\n\n<h2 class=\"wp-block-heading\">Personnalisez votre sac tiss\u00e9 pour se d\u00e9marquer <\/h2>\n\n\n\n<div style=\"height:30px\" aria-hidden=\"true\" class=\"wp-block-spacer\"><\/div>\n\n\n\n<p>Aujourd\u2019hui, les produits personnalisables sont plus que jamais au go\u00fbt du jour. Leur personnalisation permet d\u2019affirmer son style. De plus, ils sont devenus des cadeaux tr\u00e8s appr\u00e9ci\u00e9s en raison de leur caract\u00e8re unique et original. La Fabrique d&#8217;\u00e9charpe vous offre la possibilit\u00e9 de personnaliser votre sac cabas tiss\u00e9 gr\u00e2ce \u00e0 un texte de votre choix que l&#8217;on brodera sur votre sac \u00e0 r\u00e9ception de votre commande. Id\u00e9al pour un cadeau de naissance, un cadeau d&#8217;anniversaire ou un cadeau de No\u00ebl !&nbsp;<\/p>\n\n\n\n<div style=\"height:30px\" aria-hidden=\"true\" class=\"wp-block-spacer\"><\/div>\n\n\n\n<figure class=\"wp-block-gallery has-nested-images columns-default is-cropped wp-block-gallery-3 is-layout-flex wp-block-gallery-is-layout-flex\">\n<figure class=\"wp-block-image size-large\"><a href=\"https:\/\/www.lafabriquedecharpe.fr\/cat-sacs-brodes-personnalisables-117.htm\"><img decoding=\"async\" width=\"600\" height=\"600\" data-id=\"1585\" src=\"https:\/\/www.lafabriquedecharpe.fr\/blog\/wp-content\/uploads\/2024\/07\/ar-sac-weekend-personnalisable-campagne-marron-1397.png\" alt=\"\" class=\"wp-image-1585\" srcset=\"https:\/\/www.lafabriquedecharpe.fr\/blog\/wp-content\/uploads\/2024\/07\/ar-sac-weekend-personnalisable-campagne-marron-1397.png 600w, https:\/\/www.lafabriquedecharpe.fr\/blog\/wp-content\/uploads\/2024\/07\/ar-sac-weekend-personnalisable-campagne-marron-1397-300x300.png 300w, https:\/\/www.lafabriquedecharpe.fr\/blog\/wp-content\/uploads\/2024\/07\/ar-sac-weekend-personnalisable-campagne-marron-1397-150x150.png 150w\" sizes=\"(max-width: 600px) 100vw, 600px\" \/><\/a><\/figure>\n\n\n\n<figure class=\"wp-block-image size-large\"><a href=\"https:\/\/www.lafabriquedecharpe.fr\/cat-sacs-brodes-personnalisables-117.htm\"><img decoding=\"async\" width=\"600\" height=\"600\" data-id=\"1588\" src=\"https:\/\/www.lafabriquedecharpe.fr\/blog\/wp-content\/uploads\/2024\/07\/ar-sac-cabas-personnalisable-coccinelle-1551_5778.png\" alt=\"\" class=\"wp-image-1588\" srcset=\"https:\/\/www.lafabriquedecharpe.fr\/blog\/wp-content\/uploads\/2024\/07\/ar-sac-cabas-personnalisable-coccinelle-1551_5778.png 600w, https:\/\/www.lafabriquedecharpe.fr\/blog\/wp-content\/uploads\/2024\/07\/ar-sac-cabas-personnalisable-coccinelle-1551_5778-300x300.png 300w, https:\/\/www.lafabriquedecharpe.fr\/blog\/wp-content\/uploads\/2024\/07\/ar-sac-cabas-personnalisable-coccinelle-1551_5778-150x150.png 150w\" sizes=\"(max-width: 600px) 100vw, 600px\" \/><\/a><\/figure>\n\n\n\n<figure class=\"wp-block-image size-large\"><a href=\"https:\/\/www.lafabriquedecharpe.fr\/cat-sacs-brodes-personnalisables-117.htm\"><img decoding=\"async\" width=\"600\" height=\"600\" data-id=\"1587\" src=\"https:\/\/www.lafabriquedecharpe.fr\/blog\/wp-content\/uploads\/2024\/07\/ar-sac-a-langer-personnalisable-cigogne-1438.png\" alt=\"\" class=\"wp-image-1587\" srcset=\"https:\/\/www.lafabriquedecharpe.fr\/blog\/wp-content\/uploads\/2024\/07\/ar-sac-a-langer-personnalisable-cigogne-1438.png 600w, https:\/\/www.lafabriquedecharpe.fr\/blog\/wp-content\/uploads\/2024\/07\/ar-sac-a-langer-personnalisable-cigogne-1438-300x300.png 300w, https:\/\/www.lafabriquedecharpe.fr\/blog\/wp-content\/uploads\/2024\/07\/ar-sac-a-langer-personnalisable-cigogne-1438-150x150.png 150w\" sizes=\"(max-width: 600px) 100vw, 600px\" \/><\/a><\/figure>\n\n\n\n<figure class=\"wp-block-image size-large\"><a href=\"https:\/\/www.lafabriquedecharpe.fr\/cat-sacs-brodes-personnalisables-117.htm\"><img decoding=\"async\" width=\"600\" height=\"600\" data-id=\"1589\" src=\"https:\/\/www.lafabriquedecharpe.fr\/blog\/wp-content\/uploads\/2024\/07\/ar-sac-cabas-personnalisable-soleil-1545_5760.png\" alt=\"\" class=\"wp-image-1589\" srcset=\"https:\/\/www.lafabriquedecharpe.fr\/blog\/wp-content\/uploads\/2024\/07\/ar-sac-cabas-personnalisable-soleil-1545_5760.png 600w, https:\/\/www.lafabriquedecharpe.fr\/blog\/wp-content\/uploads\/2024\/07\/ar-sac-cabas-personnalisable-soleil-1545_5760-300x300.png 300w, https:\/\/www.lafabriquedecharpe.fr\/blog\/wp-content\/uploads\/2024\/07\/ar-sac-cabas-personnalisable-soleil-1545_5760-150x150.png 150w\" sizes=\"(max-width: 600px) 100vw, 600px\" \/><\/a><\/figure>\n\n\n\n<figure class=\"wp-block-image size-large\"><a href=\"https:\/\/www.lafabriquedecharpe.fr\/cat-sacs-brodes-personnalisables-117.htm\"><img decoding=\"async\" width=\"600\" height=\"600\" data-id=\"1584\" src=\"https:\/\/www.lafabriquedecharpe.fr\/blog\/wp-content\/uploads\/2024\/07\/ar-sac-a-langer-personnalisable-jouets-1439.png\" alt=\"\" class=\"wp-image-1584\" srcset=\"https:\/\/www.lafabriquedecharpe.fr\/blog\/wp-content\/uploads\/2024\/07\/ar-sac-a-langer-personnalisable-jouets-1439.png 600w, https:\/\/www.lafabriquedecharpe.fr\/blog\/wp-content\/uploads\/2024\/07\/ar-sac-a-langer-personnalisable-jouets-1439-300x300.png 300w, https:\/\/www.lafabriquedecharpe.fr\/blog\/wp-content\/uploads\/2024\/07\/ar-sac-a-langer-personnalisable-jouets-1439-150x150.png 150w\" sizes=\"(max-width: 600px) 100vw, 600px\" \/><\/a><\/figure>\n\n\n\n<figure class=\"wp-block-image size-large\"><a href=\"https:\/\/www.lafabriquedecharpe.fr\/cat-sacs-brodes-personnalisables-117.htm\"><img decoding=\"async\" width=\"600\" height=\"600\" data-id=\"1586\" src=\"https:\/\/www.lafabriquedecharpe.fr\/blog\/wp-content\/uploads\/2024\/07\/ar-sac-weekend-personnalisable-voyage-1444.png\" alt=\"\" class=\"wp-image-1586\" srcset=\"https:\/\/www.lafabriquedecharpe.fr\/blog\/wp-content\/uploads\/2024\/07\/ar-sac-weekend-personnalisable-voyage-1444.png 600w, https:\/\/www.lafabriquedecharpe.fr\/blog\/wp-content\/uploads\/2024\/07\/ar-sac-weekend-personnalisable-voyage-1444-300x300.png 300w, https:\/\/www.lafabriquedecharpe.fr\/blog\/wp-content\/uploads\/2024\/07\/ar-sac-weekend-personnalisable-voyage-1444-150x150.png 150w\" sizes=\"(max-width: 600px) 100vw, 600px\" \/><\/a><\/figure>\n<figcaption class=\"blocks-gallery-caption wp-element-caption\">Des exemples de sacs personnalis\u00e9s par une broderie<\/figcaption><\/figure>\n\n\n\n<div style=\"height:30px\" aria-hidden=\"true\" class=\"wp-block-spacer\"><\/div>\n\n\n\n<h2 class=\"wp-block-heading\">Les sacs tiss\u00e9s pour toute l&#8217;ann\u00e9e&#8230;&#8230;&#8230;&#8230;..<\/h2>\n\n\n\n<div style=\"height:30px\" aria-hidden=\"true\" class=\"wp-block-spacer\"><\/div>\n\n\n\n<p>Avec leur int\u00e9rieur spacieux et leur charme minimaliste, les sacs cabas m\u00ealent ais\u00e9ment tendance et fonctionnalit\u00e9 pour cr\u00e9er <strong>un accessoire fiable et suffisamment branch\u00e9 pour toutes les saisons<\/strong>. Le sac cabas tiss\u00e9 est bien plus qu&#8217;un simple accessoire, c&#8217;est un v\u00e9ritable&nbsp;<strong>indispensable du quotidien<\/strong>, il sait se r\u00e9inventer pour s&#8217;adapter \u00e0 toutes les situations et \u00e0 tous les styles. C\u2019est un objet du pass\u00e9, du pr\u00e9sent et, sans aucun doute, de l\u2019avenir, \u00e9voluant non seulement pour servir nos besoins mais pour incarner nos valeurs.&nbsp;Alors, n&#8217;attendez plus et trouvez celui qui deviendra votre compagnon de tous les jours dans <a href=\"https:\/\/www.lafabriquedecharpe.fr\/cat-la-fabrique-de-sac-84.htm\">notre collection<\/a> !<\/p>\n\n\n\n<div style=\"height:100px\" aria-hidden=\"true\" class=\"wp-block-spacer\"><\/div>\n","protected":false},"excerpt":{"rendered":"<p>Polyvalents, confortables, pratiques et styl\u00e9s, les sacs tiss\u00e9s vous accompagnent \u00e9t\u00e9 comme hiver, faites votre choix suivant les mati\u00e8res, les motifs,<\/p>\n","protected":false},"author":3,"featured_media":1627,"comment_status":"open","ping_status":"open","sticky":false,"template":"","format":"standard","meta":{"footnotes":""},"categories":[1],"tags":[287,23,290,87,176,177,333,345,288,346],"yoast_head":"<!-- This site is optimized with the Yoast SEO plugin v19.9 - https:\/\/yoast.com\/wordpress\/plugins\/seo\/ -->\n<title>Sacs cabas tiss\u00e9s pour toutes les saisons - La fabrique d&#039;\u00e9charpe<\/title>\n<meta name=\"description\" content=\"Polyvalents, confortables, pratiques et styl\u00e9s, les sacs tiss\u00e9s vous accompagnent \u00e9t\u00e9 comme hiver, faites votre choix suivant les mati\u00e8res, les motifs,\" \/>\n<meta name=\"robots\" content=\"index, follow, max-snippet:-1, max-image-preview:large, max-video-preview:-1\" \/>\n<link rel=\"canonical\" href=\"https:\/\/www.lafabriquedecharpe.fr\/blog\/sacs-cabas-tisses-pour-toutes-les-saisons\/\" \/>\n<meta property=\"og:locale\" content=\"fr_FR\" \/>\n<meta property=\"og:type\" content=\"article\" \/>\n<meta property=\"og:title\" content=\"Sacs cabas tiss\u00e9s pour toutes les saisons - La fabrique d&#039;\u00e9charpe\" \/>\n<meta property=\"og:description\" content=\"Polyvalents, confortables, pratiques et styl\u00e9s, les sacs tiss\u00e9s vous accompagnent \u00e9t\u00e9 comme hiver, faites votre choix suivant les mati\u00e8res, les motifs,\" \/>\n<meta property=\"og:url\" content=\"https:\/\/www.lafabriquedecharpe.fr\/blog\/sacs-cabas-tisses-pour-toutes-les-saisons\/\" \/>\n<meta property=\"og:site_name\" content=\"La fabrique d&#039;\u00e9charpe\" \/>\n<meta property=\"article:published_time\" content=\"2024-07-22T07:05:26+00:00\" \/>\n<meta property=\"article:modified_time\" content=\"2024-07-22T07:05:28+00:00\" \/>\n<meta property=\"og:image\" content=\"https:\/\/www.lafabriquedecharpe.fr\/blog\/wp-content\/uploads\/2024\/07\/Bandeau-sac-tisse-pour-toute-saison.jpg\" \/>\n\t<meta property=\"og:image:width\" content=\"2111\" \/>\n\t<meta property=\"og:image:height\" content=\"756\" \/>\n\t<meta property=\"og:image:type\" content=\"image\/jpeg\" \/>\n<meta name=\"author\" content=\"Christine DEGURSE\" \/>\n<meta name=\"twitter:card\" content=\"summary_large_image\" \/>\n<meta name=\"twitter:label1\" content=\"\u00c9crit par\" \/>\n\t<meta name=\"twitter:data1\" content=\"Christine DEGURSE\" \/>\n\t<meta name=\"twitter:label2\" content=\"Dur\u00e9e de lecture estim\u00e9e\" \/>\n\t<meta name=\"twitter:data2\" content=\"7 minutes\" \/>\n<!-- \/ Yoast SEO plugin. -->","yoast_head_json":{"title":"Sacs cabas tiss\u00e9s pour toutes les saisons - La fabrique d&#039;\u00e9charpe","description":"Polyvalents, confortables, pratiques et styl\u00e9s, les sacs tiss\u00e9s vous accompagnent \u00e9t\u00e9 comme hiver, faites votre choix suivant les mati\u00e8res, les motifs,","robots":{"index":"index","follow":"follow","max-snippet":"max-snippet:-1","max-image-preview":"max-image-preview:large","max-video-preview":"max-video-preview:-1"},"canonical":"https:\/\/www.lafabriquedecharpe.fr\/blog\/sacs-cabas-tisses-pour-toutes-les-saisons\/","og_locale":"fr_FR","og_type":"article","og_title":"Sacs cabas tiss\u00e9s pour toutes les saisons - La fabrique d&#039;\u00e9charpe","og_description":"Polyvalents, confortables, pratiques et styl\u00e9s, les sacs tiss\u00e9s vous accompagnent \u00e9t\u00e9 comme hiver, faites votre choix suivant les mati\u00e8res, les motifs,","og_url":"https:\/\/www.lafabriquedecharpe.fr\/blog\/sacs-cabas-tisses-pour-toutes-les-saisons\/","og_site_name":"La fabrique d&#039;\u00e9charpe","article_published_time":"2024-07-22T07:05:26+00:00","article_modified_time":"2024-07-22T07:05:28+00:00","og_image":[{"width":2111,"height":756,"url":"https:\/\/www.lafabriquedecharpe.fr\/blog\/wp-content\/uploads\/2024\/07\/Bandeau-sac-tisse-pour-toute-saison.jpg","type":"image\/jpeg"}],"author":"Christine DEGURSE","twitter_card":"summary_large_image","twitter_misc":{"\u00c9crit par":"Christine DEGURSE","Dur\u00e9e de lecture estim\u00e9e":"7 minutes"},"schema":{"@context":"https:\/\/schema.org","@graph":[{"@type":"WebPage","@id":"https:\/\/www.lafabriquedecharpe.fr\/blog\/sacs-cabas-tisses-pour-toutes-les-saisons\/","url":"https:\/\/www.lafabriquedecharpe.fr\/blog\/sacs-cabas-tisses-pour-toutes-les-saisons\/","name":"Sacs cabas tiss\u00e9s pour toutes les saisons - La fabrique d&#039;\u00e9charpe","isPartOf":{"@id":"https:\/\/www.lafabriquedecharpe.fr\/blog\/#website"},"datePublished":"2024-07-22T07:05:26+00:00","dateModified":"2024-07-22T07:05:28+00:00","author":{"@id":"https:\/\/www.lafabriquedecharpe.fr\/blog\/#\/schema\/person\/1c703babc8565e57bc1ca3ba0698dabf"},"description":"Polyvalents, confortables, pratiques et styl\u00e9s, les sacs tiss\u00e9s vous accompagnent \u00e9t\u00e9 comme hiver, faites votre choix suivant les mati\u00e8res, les motifs,","breadcrumb":{"@id":"https:\/\/www.lafabriquedecharpe.fr\/blog\/sacs-cabas-tisses-pour-toutes-les-saisons\/#breadcrumb"},"inLanguage":"fr-FR","potentialAction":[{"@type":"ReadAction","target":["https:\/\/www.lafabriquedecharpe.fr\/blog\/sacs-cabas-tisses-pour-toutes-les-saisons\/"]}]},{"@type":"BreadcrumbList","@id":"https:\/\/www.lafabriquedecharpe.fr\/blog\/sacs-cabas-tisses-pour-toutes-les-saisons\/#breadcrumb","itemListElement":[{"@type":"ListItem","position":1,"name":"Accueil","item":"https:\/\/www.lafabriquedecharpe.fr\/blog\/"},{"@type":"ListItem","position":2,"name":"Sacs cabas tiss\u00e9s pour toutes les saisons"}]},{"@type":"WebSite","@id":"https:\/\/www.lafabriquedecharpe.fr\/blog\/#website","url":"https:\/\/www.lafabriquedecharpe.fr\/blog\/","name":"La fabrique d&#039;\u00e9charpe","description":"Le blog","potentialAction":[{"@type":"SearchAction","target":{"@type":"EntryPoint","urlTemplate":"https:\/\/www.lafabriquedecharpe.fr\/blog\/?s={search_term_string}"},"query-input":"required name=search_term_string"}],"inLanguage":"fr-FR"},{"@type":"Person","@id":"https:\/\/www.lafabriquedecharpe.fr\/blog\/#\/schema\/person\/1c703babc8565e57bc1ca3ba0698dabf","name":"Christine DEGURSE","image":{"@type":"ImageObject","inLanguage":"fr-FR","@id":"https:\/\/www.lafabriquedecharpe.fr\/blog\/#\/schema\/person\/image\/","url":"https:\/\/secure.gravatar.com\/avatar\/e41c40d8cae9026978cb106fc14af946?s=96&d=mm&r=g","contentUrl":"https:\/\/secure.gravatar.com\/avatar\/e41c40d8cae9026978cb106fc14af946?s=96&d=mm&r=g","caption":"Christine DEGURSE"},"url":"https:\/\/www.lafabriquedecharpe.fr\/blog\/author\/christine-degursewanadoo-fr\/"}]}},"_links":{"self":[{"href":"https:\/\/www.lafabriquedecharpe.fr\/blog\/wp-json\/wp\/v2\/posts\/1575"}],"collection":[{"href":"https:\/\/www.lafabriquedecharpe.fr\/blog\/wp-json\/wp\/v2\/posts"}],"about":[{"href":"https:\/\/www.lafabriquedecharpe.fr\/blog\/wp-json\/wp\/v2\/types\/post"}],"author":[{"embeddable":true,"href":"https:\/\/www.lafabriquedecharpe.fr\/blog\/wp-json\/wp\/v2\/users\/3"}],"replies":[{"embeddable":true,"href":"https:\/\/www.lafabriquedecharpe.fr\/blog\/wp-json\/wp\/v2\/comments?post=1575"}],"version-history":[{"count":8,"href":"https:\/\/www.lafabriquedecharpe.fr\/blog\/wp-json\/wp\/v2\/posts\/1575\/revisions"}],"predecessor-version":[{"id":1628,"href":"https:\/\/www.lafabriquedecharpe.fr\/blog\/wp-json\/wp\/v2\/posts\/1575\/revisions\/1628"}],"wp:featuredmedia":[{"embeddable":true,"href":"https:\/\/www.lafabriquedecharpe.fr\/blog\/wp-json\/wp\/v2\/media\/1627"}],"wp:attachment":[{"href":"https:\/\/www.lafabriquedecharpe.fr\/blog\/wp-json\/wp\/v2\/media?parent=1575"}],"wp:term":[{"taxonomy":"category","embeddable":true,"href":"https:\/\/www.lafabriquedecharpe.fr\/blog\/wp-json\/wp\/v2\/categories?post=1575"},{"taxonomy":"post_tag","embeddable":true,"href":"https:\/\/www.lafabriquedecharpe.fr\/blog\/wp-json\/wp\/v2\/tags?post=1575"}],"curies":[{"name":"wp","href":"https:\/\/api.w.org\/{rel}","templated":true}]}}