{"id":1838,"date":"2024-10-16T11:55:56","date_gmt":"2024-10-16T09:55:56","guid":{"rendered":"https:\/\/www.lafabriquedecharpe.fr\/blog\/?p=1838"},"modified":"2024-10-16T11:55:59","modified_gmt":"2024-10-16T09:55:59","slug":"les-tendances-des-accessoires-en-mode-masculine-osez-accessoiriser-votre-look","status":"publish","type":"post","link":"https:\/\/www.lafabriquedecharpe.fr\/blog\/les-tendances-des-accessoires-en-mode-masculine-osez-accessoiriser-votre-look\/","title":{"rendered":"Les tendances des accessoires en mode masculine : Osez accessoiriser votre look"},"content":{"rendered":"\n<div style=\"height:50px\" aria-hidden=\"true\" class=\"wp-block-spacer\"><\/div>\n\n\n\n<p>Aujourd\u2019hui, <strong>les accessoires de mode<\/strong> font d\u00e9sormais partie de chaque garde-robe masculine. Des accessoires &#8220;<strong>tendance<\/strong>&#8221; peuvent transformer <strong>un look basique en une tenue styl\u00e9e<\/strong>. Le design, la couleur et la mati\u00e8re sont autant d&#8217;\u00e9l\u00e9ments diff\u00e9renciateurs \u00e0 prendre en compte lors du choix des <a href=\"https:\/\/www.lafabriquedecharpe.fr\/cat-les-echarpes-83.htm?pour=homme&amp;f=1&amp;pagenumber=1\">accessoires de mode<\/a>. <strong>Les accessoires de mode masculine doivent exprimer votre personnalit\u00e9<\/strong>.<\/p>\n\n\n\n<div style=\"height:30px\" aria-hidden=\"true\" class=\"wp-block-spacer\"><\/div>\n\n\n\n<figure class=\"wp-block-image size-full is-resized\"><a href=\"https:\/\/www.lafabriquedecharpe.fr\/art-echarpe-laine-bleu-jean-neon-1244.htm\"><img decoding=\"async\" width=\"600\" height=\"600\" src=\"https:\/\/www.lafabriquedecharpe.fr\/blog\/wp-content\/uploads\/2024\/10\/ar-echarpe-laine-bleu-jean-neon-1244_4826.png\" alt=\"\" class=\"wp-image-1853\" style=\"aspect-ratio:1;width:826px;height:auto\" srcset=\"https:\/\/www.lafabriquedecharpe.fr\/blog\/wp-content\/uploads\/2024\/10\/ar-echarpe-laine-bleu-jean-neon-1244_4826.png 600w, https:\/\/www.lafabriquedecharpe.fr\/blog\/wp-content\/uploads\/2024\/10\/ar-echarpe-laine-bleu-jean-neon-1244_4826-300x300.png 300w, https:\/\/www.lafabriquedecharpe.fr\/blog\/wp-content\/uploads\/2024\/10\/ar-echarpe-laine-bleu-jean-neon-1244_4826-150x150.png 150w\" sizes=\"(max-width: 600px) 100vw, 600px\" \/><\/a><figcaption class=\"wp-element-caption\">Echarpe N\u00e9on bleu jean<\/figcaption><\/figure>\n\n\n\n<div style=\"height:30px\" aria-hidden=\"true\" class=\"wp-block-spacer\"><\/div>\n\n\n\n<h2 class=\"wp-block-heading\">Les accessoires indispensables pour hommes<\/h2>\n\n\n\n<div style=\"height:30px\" aria-hidden=\"true\" class=\"wp-block-spacer\"><\/div>\n\n\n\n<p><strong>La liste est longue<\/strong>, <a href=\"https:\/\/www.lafabriquedecharpe.fr\/cat-les-echarpes-83.htm?pour=homme&amp;f=1&amp;pagenumber=1\">foulards, \u00e9charpes<\/a>, gants, chapeaux, montres, ceintures, sacs sont autant d\u2019accessoires de mode incontournables, <strong>les essentiels de la mode masculine<\/strong>. D&#8217;autres accessoires pour homme comme des cravates, des bretelles, des pochettes, des cha\u00eenes, des bagues&#8230; existent \u00e9galement mais sont moins courants.<\/p>\n\n\n\n<div style=\"height:30px\" aria-hidden=\"true\" class=\"wp-block-spacer\"><\/div>\n\n\n\n<h3 class=\"wp-block-heading\">Les ceintures:<\/h3>\n\n\n\n<p>Bande de cuir ou de toile \u00e0 enfiler dans les passants de vos jeans ou pantalons habill\u00e9s, <strong>leur couleur vient compl\u00e9ter votre tenue<\/strong> et leur boucle apporter votre touche personnelle. Si vous les choisissez en cuir, elles doivent \u00eatre de la m\u00eame couleur que vos autres accessoires en cuir. Si vous les prenez en toile, la couleur doit \u00eatre assortie \u00e0 vos v\u00eatements.<\/p>\n\n\n\n<div style=\"height:30px\" aria-hidden=\"true\" class=\"wp-block-spacer\"><\/div>\n\n\n\n<h3 class=\"wp-block-heading\">Les chapeaux et les bonnets:<\/h3>\n\n\n\n<p>Non seulement les chapeaux vous prot\u00e8gent du froid ou du soleil, (chapeaux en feutre ou chapeau en paille) mais ils vous gardent \u00e9galement <strong>\u00e9l\u00e9gants et ajoutent une note chic et originale<\/strong>. Le bonnet, c\u2019est certainement <strong>l\u2019accessoire le plus simple <\/strong>\u00e0 choisir parce qu\u2019il n\u2019en existe pas 10 000 d\u00e9clinaisons. Si l\u2019on souhaite jouer la s\u00e9curit\u00e9, on mise sur de la laine,&nbsp;on le \u201cretrousse\u201d mais pas trop parce que c\u2019est toujours agr\u00e9able de se couvrir les oreilles et on peut se permettre <strong>une touche de couleur<\/strong> \u00e0 condition que le reste de la tenue soit sobre.<\/p>\n\n\n\n<div style=\"height:30px\" aria-hidden=\"true\" class=\"wp-block-spacer\"><\/div>\n\n\n\n<h3 class=\"wp-block-heading\">Les montres:<\/h3>\n\n\n\n<p>Une montre est l&#8217;<strong>accessoire basique<\/strong> pour les hommes. Elle vous permet d&#8217;exprimer votre personnalit\u00e9 et vos go\u00fbts. Le choix d&#8217;une montre est tr\u00e8s important, <strong>elle refl\u00e8te votre identit\u00e9<\/strong> aux yeux de tous. Elle peut \u00eatre <strong>classique<\/strong>, bracelet en cuir, boitier rond, carr\u00e9 ou rectangulaire, assez fin. On peut choisir <strong>une montre sportive<\/strong> avec le bracelet int\u00e9gr\u00e9, poss\u00e9dant multiples fonctionnalit\u00e9s. De plus en plus d&#8217;adeptes pour les <strong>montres connect\u00e9es<\/strong>, qu&#8217;il faut choisir par rapport \u00e0 ses activit\u00e9s sportives et\/ou quotidiennes, \u00e0 son smartphone et \u00e0 son style.<\/p>\n\n\n\n<div style=\"height:30px\" aria-hidden=\"true\" class=\"wp-block-spacer\"><\/div>\n\n\n\n<h3 class=\"wp-block-heading\">Les sacs:<\/h3>\n\n\n\n<p>Bananes, sacoches, besaces ou sacs \u00e0 dos, les accessoires de transport sont tr\u00e8s tendances. Une infinit\u00e9 de mati\u00e8res, de formes, de volumes sont \u00e0 votre disposition dans le commerce. Au point de vue des mat\u00e9riaux, on pr\u00e9f\u00e9rera <strong>le cuir<\/strong> pour apporter une note chic et authentique. <strong>Les mati\u00e8res plastiques<\/strong> pour un usage plus technique, donneront plut\u00f4t un style sportwear ou d\u00e9contract\u00e9. Pour mettre un accent r\u00e9tro, des sacs \u00e0 dos <strong>en toile agr\u00e9ment\u00e9s de d\u00e9tails en cuir<\/strong> sont un bon choix.<\/p>\n\n\n\n<div style=\"height:30px\" aria-hidden=\"true\" class=\"wp-block-spacer\"><\/div>\n\n\n\n<h3 class=\"wp-block-heading\">Les gants:<\/h3>\n\n\n\n<p>Il faut les <strong>choisir en fonction de vos besoins<\/strong>, que ce soit pour la ville, le v\u00e9lo, la moto, le ski, la conduite&#8230;. Il y en existe en plusieurs mati\u00e8res, cuir, laine, soie, mati\u00e8re technique chaude&#8230; Mais \u00e0 chaque occasion, essayez d&#8217;<strong>assortir votre paire de gants \u00e0 votre tenue<\/strong>.<\/p>\n\n\n\n<div style=\"height:30px\" aria-hidden=\"true\" class=\"wp-block-spacer\"><\/div>\n\n\n\n<h3 class=\"wp-block-heading\">Les \u00e9charpes ou foulards:<\/h3>\n\n\n\n<p>Essentiel de la mode masculine, l&#8217;<a href=\"https:\/\/www.lafabriquedecharpe.fr\/cat-les-echarpes-83.htm?pour=homme&amp;format=echarpe&amp;f=1&amp;pagenumber=1\">\u00e9charpe<\/a> est d\u00e9j\u00e0 un article utile qui apporte de la chaleur. Un large choix vous permettra de trouver <strong>l&#8217;\u00e9charpe originale et confortable<\/strong> qui refl\u00e8tera votre personnalit\u00e9. C&#8217;est un accessoire \u00e0 porter en hiver, mais aussi au printemps et en \u00e9t\u00e9 si vous choisissez une \u00e9charpe en coton de type <a href=\"https:\/\/www.lafabriquedecharpe.fr\/cat-les-echarpes-83.htm?pour=homme&amp;format=cheche&amp;f=1&amp;pagenumber=1\">ch\u00e8che<\/a>. En plus de leur premi\u00e8re fonction, les \u00e9charpes vous aideront \u00e0 vous sentir \u00e0 l&#8217;aise, et vous donneront confiance. <a href=\"https:\/\/www.lafabriquedecharpe.fr\/cat-les-echarpes-83.htm?pour=homme&amp;f=1&amp;pagenumber=1\">La Fabrique d&#8217;\u00e9charpe<\/a> s&#8217;inscrit comme expert dans le domaine masculin. D\u00e9couvrez tous nos mod\u00e8les HOMME en mati\u00e8re naturelle et fabriqu\u00e9s \u00e0 Lyon. Nous conseillons <a href=\"https:\/\/www.lafabriquedecharpe.fr\/art-echarpe-laine-gris-noir-ride-544.htm\">notre mod\u00e8le Ride<\/a> en laine\/soie \u00e0 porter au quotidien sur toutes vos tenues, la petite touche chic !<\/p>\n\n\n\n<div style=\"height:30px\" aria-hidden=\"true\" class=\"wp-block-spacer\"><\/div>\n\n\n\n<figure class=\"wp-block-image size-full is-resized\"><a href=\"https:\/\/www.lafabriquedecharpe.fr\/art-echarpe-laine-gris-noir-ride-544.htm\"><img decoding=\"async\" width=\"600\" height=\"600\" src=\"https:\/\/www.lafabriquedecharpe.fr\/blog\/wp-content\/uploads\/2024\/10\/ar-echarpe-laine-gris-noir-ride-544.png\" alt=\"\" class=\"wp-image-1852\" style=\"aspect-ratio:1;width:839px;height:auto\" srcset=\"https:\/\/www.lafabriquedecharpe.fr\/blog\/wp-content\/uploads\/2024\/10\/ar-echarpe-laine-gris-noir-ride-544.png 600w, https:\/\/www.lafabriquedecharpe.fr\/blog\/wp-content\/uploads\/2024\/10\/ar-echarpe-laine-gris-noir-ride-544-300x300.png 300w, https:\/\/www.lafabriquedecharpe.fr\/blog\/wp-content\/uploads\/2024\/10\/ar-echarpe-laine-gris-noir-ride-544-150x150.png 150w\" sizes=\"(max-width: 600px) 100vw, 600px\" \/><\/a><figcaption class=\"wp-element-caption\">Echarpe Ride en laine\/soie<\/figcaption><\/figure>\n\n\n\n<div style=\"height:30px\" aria-hidden=\"true\" class=\"wp-block-spacer\"><\/div>\n\n\n\n<h2 class=\"wp-block-heading\">Les tendances actuelles en mati\u00e8re d&#8217;accessoire:<\/h2>\n\n\n\n<div style=\"height:30px\" aria-hidden=\"true\" class=\"wp-block-spacer\"><\/div>\n\n\n\n<p>Depuis plus de 20 ans , l&#8217;\u00e9charpe homme prend largement la place de la cravate. L&#8217;<a href=\"https:\/\/www.lafabriquedecharpe.fr\/cat-les-echarpes-83.htm?pour=homme&amp;f=1&amp;pagenumber=1\">\u00e9charpe <\/a>apporte un vrai confort et une note personnelle \u00e0 votre look: c&#8217;est un accessoire qui fait parti int\u00e9gralement de <strong>la mode masculine<\/strong>. A chaque saison, des coloris, des formes, des motifs et des styles se d\u00e9tachent et revisitent l&#8217;\u00e9charpe Homme. <a href=\"https:\/\/www.lafabriquedecharpe.fr\/\">La Fabrique d&#8217;\u00e9charpe<\/a> vous liste <strong>les principales tendances accessoires homme actuels<\/strong>, plusieurs styles ressortent des d\u00e9fil\u00e9s de Haute Couture:<\/p>\n\n\n\n<div style=\"height:30px\" aria-hidden=\"true\" class=\"wp-block-spacer\"><\/div>\n\n\n\n<p><strong>Le style DEMIN:<\/strong> un look \u00e0 base de jean qu&#8217;il soit brut, d\u00e9lav\u00e9 ou color\u00e9&#8230;.<\/p>\n\n\n\n<div style=\"height:20px\" aria-hidden=\"true\" class=\"wp-block-spacer\"><\/div>\n\n\n\n<p><strong>Le style FAR WEST:<\/strong> s&#8217;habiller en cowboys, chemise \u00e0 franges, santiags, chapeaux&#8230;<\/p>\n\n\n\n<div style=\"height:20px\" aria-hidden=\"true\" class=\"wp-block-spacer\"><\/div>\n\n\n\n<p><strong>Le style GRUNGE:<\/strong> v\u00eatements over-size, mati\u00e8res qui flottent, un cot\u00e9 confort qui incarne la nonchalance <\/p>\n\n\n\n<div style=\"height:17px\" aria-hidden=\"true\" class=\"wp-block-spacer\"><\/div>\n\n\n\n<p><strong>Le style GRANDPACORE:<\/strong> comme votre grand-p\u00e8re, d\u00e9contraction aux accents r\u00e9tro, v\u00eatements vintage.<\/p>\n\n\n\n<div style=\"height:20px\" aria-hidden=\"true\" class=\"wp-block-spacer\"><\/div>\n\n\n\n<p><strong>Les COLORIS phares de la mode masculine:<\/strong> <a href=\"https:\/\/www.lafabriquedecharpe.fr\/cat-les-echarpes-83.htm?pour=homme&amp;couleur=marron&amp;f=1&amp;pagenumber=1\">le marron<\/a> revient sur le devant de la sc\u00e8ne et avec lui, toutes les nuances chaudes et naturelles. En deuxi\u00e8me position, tous les coloris vifs et flashy, comme le jaune fluo, le rouge flamboyant, ou le vert pomme, \u00e0 porter en petite touche sur un look sombre pour un style actuel.<\/p>\n\n\n\n<div style=\"height:20px\" aria-hidden=\"true\" class=\"wp-block-spacer\"><\/div>\n\n\n\n<p><strong>Les MATIERES \u00e0 l&#8217;honneur:<\/strong> toutes les mati\u00e8res douces, moelleuses, pour s&#8217;envelopper confortablement et passer l&#8217;hiver bien au chaud. L&#8217;\u00e9charpe doit \u00eatre chaude et pas trop lourde, La Fabrique d&#8217;\u00e9charpe vous conseille <a href=\"https:\/\/www.lafabriquedecharpe.fr\/cat-les-echarpes-83.htm?pour=homme&amp;matiere=cachemire,laine&amp;f=1&amp;pagenumber=1\">la laine ou le cachemire <\/a>ou un m\u00e9lange des deux, \u00e0 voir <a href=\"https:\/\/www.lafabriquedecharpe.fr\/cat-les-echarpes-83.htm?pour=homme&amp;matiere=laine,cachemire&amp;f=1&amp;pagenumber=1\">nos collections hommes <\/a><\/p>\n\n\n\n<div style=\"height:30px\" aria-hidden=\"true\" class=\"wp-block-spacer\"><\/div>\n\n\n\n<p>Visitez notre blog &#8220;<a href=\"https:\/\/www.lafabriquedecharpe.fr\/blog\/tendances-echarpes-et-foulards-homme-cet-hiver\/\">Les tendances en mati\u00e8re d&#8217;\u00e9charpes et de foulards homme cet hiver<\/a>&#8220;, o\u00f9 <a href=\"https:\/\/www.lafabriquedecharpe.fr\/cat-les-echarpes-83.htm?pour=homme&amp;f=1\">La Fabrique d\u2019\u00e9charpe\u00a0<\/a>vous propose\u00a0<strong>8 mod\u00e8les\u00a0d\u2019\u00e9charpes ou foulards \u201chomme\u201d <\/strong>qui colleront aux tendances actuels.<\/p>\n\n\n\n<div style=\"height:30px\" aria-hidden=\"true\" class=\"wp-block-spacer\"><\/div>\n\n\n\n<h2 class=\"wp-block-heading\">Comment choisir les bons accessoires ?<\/h2>\n\n\n\n<div style=\"height:30px\" aria-hidden=\"true\" class=\"wp-block-spacer\"><\/div>\n\n\n\n<p><a href=\"https:\/\/www.lafabriquedecharpe.fr\/cat-les-echarpes-83.htm?pour=homme&amp;f=1\">Les accessoires de mode<\/a> sont de bons compagnons pour rehausser n&#8217;importe quelle tenue au quotidien. Ils apportent du style \u00e0 chaque look \u00ab classique \u00bb, leur importance ne doit donc jamais \u00eatre n\u00e9glig\u00e9e ! Soyez prudent pour \u00e9viter les erreurs, car tous les styles ne se compl\u00e8tent pas et une erreur de go\u00fbt peut \u00eatre fatale ! On peut facilement se laisser submerger par la vari\u00e9t\u00e9 des couleurs, des mati\u00e8res et des mod\u00e8les disponibles. Notre envie de collectionner de nombreux accessoires nous pousse \u00e0 vouloir tous les porter simultan\u00e9ment ! <strong>La cl\u00e9 est de faire preuve de retenue<\/strong> tout en laissant transpara\u00eetre sa cr\u00e9ativit\u00e9. <a href=\"https:\/\/www.lafabriquedecharpe.fr\/\">La Fabrique d&#8217;\u00e9charpe<\/a> vous donne quelques conseils pour aider chacun \u00e0 comprendre comment choisir des accessoires de mode. <\/p>\n\n\n\n<div style=\"height:30px\" aria-hidden=\"true\" class=\"wp-block-spacer\"><\/div>\n\n\n\n<p><strong>CONSEIL N\u00b01 :<\/strong> Pour mettre efficacement <strong>en valeur vos accessoires<\/strong>, il faut viser <strong>une harmonie parfaite<\/strong>. Je pr\u00e9cise. Une ceinture n&#8217;est pas consid\u00e9r\u00e9e isol\u00e9ment de vos chaussures et de votre besaces. Une \u00e9charpe bleue ne se compl\u00e8te pas simplement d&#8217;un bonnet bleu. On ne doit rien porter sans r\u00e9fl\u00e9chir, quelle que soit l&#8217;occasion ou la mani\u00e8re. En mati\u00e8re de mode, tout est <strong>une question d&#8217;\u00e9quilibre<\/strong>. M\u00eame si vous avez une affection intense et fervente pour les pi\u00e8ces over-size, il faut faire un choix. Ne portez pas plusieurs pi\u00e8ces over-size simultan\u00e9ment. Proc\u00e9dez avec prudence !  <\/p>\n\n\n\n<div style=\"height:30px\" aria-hidden=\"true\" class=\"wp-block-spacer\"><\/div>\n\n\n\n<p><strong>CONSEIL N\u00b02 :<\/strong> Si vous avez du mal \u00e0 assortir l&#8217;accessoire parfait \u00e0 votre tenue et que cela devient un casse-t\u00eate, pensez<strong> \u00e0 adopter une approche minimaliste<\/strong>. Faites preuve de bon go\u00fbt en \u00e9vitant de vous contenter de &#8220;porter&#8221; des accessoires ! Optez pour <strong>des pi\u00e8ces au style intemporel<\/strong> en belles mati\u00e8res qui se portent partout, comme des <a href=\"https:\/\/www.lafabriquedecharpe.fr\/cat-les-echarpes-83.htm?pour=homme&amp;matiere=cachemire&amp;f=1&amp;pagenumber=1\">\u00e9charpes cachemire unies<\/a>, au lieu d&#8217;\u00e9charpes \u00e0 motifs. Simplifiez-vous la vie! Nous vous recommandons l&#8217;<a href=\"https:\/\/www.lafabriquedecharpe.fr\/art-echarpe-laine-cachemire-beige-smoking-1631.htm\">\u00e9charpe cachemire Beige Smoking<\/a> que vous porterez ultra facilement avec tout.<\/p>\n\n\n\n<div style=\"height:30px\" aria-hidden=\"true\" class=\"wp-block-spacer\"><\/div>\n\n\n\n<figure class=\"wp-block-image size-full is-resized\"><a href=\"https:\/\/www.lafabriquedecharpe.fr\/art-echarpe-laine-cachemire-beige-smoking-1631.htm\"><img decoding=\"async\" width=\"600\" height=\"600\" src=\"https:\/\/www.lafabriquedecharpe.fr\/blog\/wp-content\/uploads\/2024\/10\/ar-echarpe-laine-cachemire-beige-smoking-1631.png\" alt=\"\" class=\"wp-image-1851\" style=\"aspect-ratio:1;width:842px;height:auto\" srcset=\"https:\/\/www.lafabriquedecharpe.fr\/blog\/wp-content\/uploads\/2024\/10\/ar-echarpe-laine-cachemire-beige-smoking-1631.png 600w, https:\/\/www.lafabriquedecharpe.fr\/blog\/wp-content\/uploads\/2024\/10\/ar-echarpe-laine-cachemire-beige-smoking-1631-300x300.png 300w, https:\/\/www.lafabriquedecharpe.fr\/blog\/wp-content\/uploads\/2024\/10\/ar-echarpe-laine-cachemire-beige-smoking-1631-150x150.png 150w\" sizes=\"(max-width: 600px) 100vw, 600px\" \/><\/a><figcaption class=\"wp-element-caption\">Echarpe cachemire\/laine\/soie Smoking<\/figcaption><\/figure>\n\n\n\n<div style=\"height:30px\" aria-hidden=\"true\" class=\"wp-block-spacer\"><\/div>\n\n\n\n<p><strong>CONSEIL N\u00b03 :<\/strong> <strong>Adaptez vos accessoires \u00e0 l&#8217;occasion<\/strong>. Par exemple, lors d&#8217;une r\u00e9union de bureau capitale avec une pr\u00e9sentation importante devant tous les coll\u00e8gues, il est essentiel de maintenir sa cr\u00e9dibilit\u00e9 \u00e0 son plus haut niveau. On \u00e9vite donc de porter <strong>des accessoires trop fantaisie<\/strong>. Une fois de plus, il est primordial de <strong>privil\u00e9gier la discr\u00e9tion<\/strong>. Un autre exemple, pour une sortie campagnarde en famille, faites-vous plaisir! On sort bonnet rigolo, grosse \u00e9charpe aux coloris flashy enroul\u00e9e par trois tours, ceinturon large en cuir&#8230;etc <\/p>\n\n\n\n<div style=\"height:30px\" aria-hidden=\"true\" class=\"wp-block-spacer\"><\/div>\n\n\n\n<p><strong>CONSEIL N\u00b04 :<\/strong> <strong>Prenez en compte votre morphologie<\/strong>, si vous \u00eates grands, optez pour une \u00e9charpe longue (entre 180-190cm) vous aurez le loisir de la porter enroul\u00e9e autour du cou et nou\u00e9e devant, (<a href=\"https:\/\/www.lafabriquedecharpe.fr\/art-echarpe-laine-vert-noir-running-545.htm\">\u00e9charpe Running verte<\/a>) ou bien pliez en deux et les deux pans passant dans la boucle (<a href=\"https:\/\/www.lafabriquedecharpe.fr\/art-echarpe-coton-grise-chicago-783.htm\">\u00e9charpe Chicago grise<\/a>). Si vous \u00eates petit, partez sur une \u00e9charpe plus courte sans faire de nouage volumineux autour du cou.<\/p>\n\n\n\n<div style=\"height:30px\" aria-hidden=\"true\" class=\"wp-block-spacer\"><\/div>\n\n\n\n<figure class=\"wp-block-gallery has-nested-images columns-default is-cropped wp-block-gallery-1 is-layout-flex wp-block-gallery-is-layout-flex\">\n<figure class=\"wp-block-image size-large\"><a href=\"https:\/\/www.lafabriquedecharpe.fr\/art-echarpe-laine-vert-noir-running-545.htm\"><img decoding=\"async\" width=\"600\" height=\"600\" data-id=\"1849\" src=\"https:\/\/www.lafabriquedecharpe.fr\/blog\/wp-content\/uploads\/2024\/10\/ar-echarpe-laine-vert-noir-running-545.png\" alt=\"\" class=\"wp-image-1849\" srcset=\"https:\/\/www.lafabriquedecharpe.fr\/blog\/wp-content\/uploads\/2024\/10\/ar-echarpe-laine-vert-noir-running-545.png 600w, https:\/\/www.lafabriquedecharpe.fr\/blog\/wp-content\/uploads\/2024\/10\/ar-echarpe-laine-vert-noir-running-545-300x300.png 300w, https:\/\/www.lafabriquedecharpe.fr\/blog\/wp-content\/uploads\/2024\/10\/ar-echarpe-laine-vert-noir-running-545-150x150.png 150w\" sizes=\"(max-width: 600px) 100vw, 600px\" \/><\/a><figcaption class=\"wp-element-caption\">Echarpe Running verte<\/figcaption><\/figure>\n\n\n\n<figure class=\"wp-block-image size-large\"><a href=\"https:\/\/www.lafabriquedecharpe.fr\/art-echarpe-coton-grise-chicago-783.htm\"><img decoding=\"async\" width=\"600\" height=\"600\" data-id=\"1848\" src=\"https:\/\/www.lafabriquedecharpe.fr\/blog\/wp-content\/uploads\/2024\/10\/ar-echarpe-coton-grise-chicago-783.png\" alt=\"\" class=\"wp-image-1848\" srcset=\"https:\/\/www.lafabriquedecharpe.fr\/blog\/wp-content\/uploads\/2024\/10\/ar-echarpe-coton-grise-chicago-783.png 600w, https:\/\/www.lafabriquedecharpe.fr\/blog\/wp-content\/uploads\/2024\/10\/ar-echarpe-coton-grise-chicago-783-300x300.png 300w, https:\/\/www.lafabriquedecharpe.fr\/blog\/wp-content\/uploads\/2024\/10\/ar-echarpe-coton-grise-chicago-783-150x150.png 150w\" sizes=\"(max-width: 600px) 100vw, 600px\" \/><\/a><figcaption class=\"wp-element-caption\">Echarpe Chicago grise<\/figcaption><\/figure>\n<\/figure>\n\n\n\n<div style=\"height:30px\" aria-hidden=\"true\" class=\"wp-block-spacer\"><\/div>\n\n\n\n<p><strong>CONSEIL N\u00b05 :<\/strong> <strong>Scrutez les \u00e9tiquettes<\/strong> de composition:<strong> la mati\u00e8re premi\u00e8re des accessoires<\/strong> a aussi une grande importance. Elle d\u00e9termine <strong>la qualit\u00e9 de l&#8217;accessoire<\/strong>. En ce qui concerne les \u00e9charpes, choisissez <a href=\"https:\/\/www.lafabriquedecharpe.fr\/cat-les-echarpes-83.htm?pour=homme&amp;f=1\">des \u00e9charpes en mati\u00e8re naturelle<\/a>, la <a href=\"https:\/\/www.lafabriquedecharpe.fr\/blog\/les-echarpes-en-laine-un-accessoire-ecologique-et-durable\/\">laine M\u00e9rinos<\/a>, le <a href=\"https:\/\/www.lafabriquedecharpe.fr\/blog\/comment-mettre-une-echarpe-en-cachemire\/\">cachemire<\/a> ou <a href=\"https:\/\/www.lafabriquedecharpe.fr\/blog\/comment-choisir-une-echarpe-en-soie-de-qualite\/\">la soie<\/a>, sont des mati\u00e8res tr\u00e8s int\u00e9ressantes et poss\u00e9dant pleins de propri\u00e9t\u00e9s. Mati\u00e8res respirantes, elles sont r\u00e9sistantes, chaudes et confortables. Dans tous les cas, bannissez le polyester et autres mati\u00e8res synth\u00e9tiques qui polluent notre plan\u00e8te!<\/p>\n\n\n\n<div style=\"height:30px\" aria-hidden=\"true\" class=\"wp-block-spacer\"><\/div>\n\n\n\n<p><strong>Messieurs, suivez nos conseils &#8220;mode masculine&#8221;, pour vous aider \u00e0 choisir vos accessoires, et plus particuli\u00e8rement vos \u00e9charpes.<\/strong><\/p>\n\n\n\n<div style=\"height:30px\" aria-hidden=\"true\" class=\"wp-block-spacer\"><\/div>\n\n\n\n<h2 class=\"wp-block-heading\">Astuces pour porter des accessoires avec style:<\/h2>\n\n\n\n<div style=\"height:30px\" aria-hidden=\"true\" class=\"wp-block-spacer\"><\/div>\n\n\n\n<p>Gardez \u00e0 l&#8217;esprit qu&#8217;un<a href=\"https:\/\/www.lafabriquedecharpe.fr\/cat-les-echarpes-83.htm?pour=homme&amp;f=1&amp;pagenumber=1\">&nbsp;<strong>accessoire de mode<\/strong><\/a>&nbsp;bien choisi a le pouvoir d&#8217;ajouter<strong>&nbsp;<\/strong>une dimension suppl\u00e9mentaire \u00e0 un look, de lui donner du relief, de la personnalit\u00e9 et du caract\u00e8re.&nbsp;<a href=\"https:\/\/www.lafabriquedecharpe.fr\/cat-les-echarpes-83.htm?pour=homme&amp;f=1&amp;pagenumber=1\">La Fabrique d&#8217;\u00e9charpe<\/a> vous donne quelques conseils de style:<\/p>\n\n\n\n<div style=\"height:30px\" aria-hidden=\"true\" class=\"wp-block-spacer\"><\/div>\n\n\n\n<p><strong>Astuce N\u00b01 :<\/strong> Choisissez <strong>un accessoire principal<\/strong> qui sera la vedette de votre look, les autres accessoires resteront plus &#8220;soft&#8221;. <strong>La r\u00e8gle est de ne pas trop en faire!<\/strong><\/p>\n\n\n\n<div style=\"height:30px\" aria-hidden=\"true\" class=\"wp-block-spacer\"><\/div>\n\n\n\n<p><strong>Astuce N\u00b02 :<\/strong> Adoptez <strong><a href=\"https:\/\/www.lafabriquedecharpe.fr\/cat-les-echarpes-83.htm?pour=homme&amp;f=1&amp;pagenumber=1\">des accessoires<\/a> qui vous ressemblent<\/strong>, en affirmant votre personnalit\u00e9. Vous devez vous sentir bien avec. Ne jamais porter des accessoires sous pr\u00e9texte qu&#8217;ils sont &#8220;tendance&#8221; ou qu&#8217;ils plaisent \u00e0 votre copine.<\/p>\n\n\n\n<div style=\"height:30px\" aria-hidden=\"true\" class=\"wp-block-spacer\"><\/div>\n\n\n\n<p><strong>Astuce N\u00b03 :<\/strong> Pour les plus f\u00e9rus, amusez-vous et <strong>osez les m\u00e9langes de styles<\/strong> et de couleurs. Sans toutefois allez trop loin&#8230;&#8230;&#8230;&#8230;mais <strong>la limite est difficile \u00e0 trouver!<\/strong> une belle harmonie sans surcharger votre look.<\/p>\n\n\n\n<div style=\"height:30px\" aria-hidden=\"true\" class=\"wp-block-spacer\"><\/div>\n\n\n\n<h3 class=\"wp-block-heading\">Quelques combinaisons gagnantes ?<\/h3>\n\n\n\n<div style=\"height:30px\" aria-hidden=\"true\" class=\"wp-block-spacer\"><\/div>\n\n\n\n<figure class=\"wp-block-gallery has-nested-images columns-default is-cropped wp-block-gallery-3 is-layout-flex wp-block-gallery-is-layout-flex\">\n<figure class=\"wp-block-image size-large\"><a href=\"https:\/\/www.lafabriquedecharpe.fr\/art-cheche-coton-beige-losange-1433.htm\"><img decoding=\"async\" width=\"600\" height=\"600\" data-id=\"1842\" src=\"https:\/\/www.lafabriquedecharpe.fr\/blog\/wp-content\/uploads\/2024\/10\/ar-cheche-coton-beige-losange-1433_3658.png\" alt=\"\" class=\"wp-image-1842\" srcset=\"https:\/\/www.lafabriquedecharpe.fr\/blog\/wp-content\/uploads\/2024\/10\/ar-cheche-coton-beige-losange-1433_3658.png 600w, https:\/\/www.lafabriquedecharpe.fr\/blog\/wp-content\/uploads\/2024\/10\/ar-cheche-coton-beige-losange-1433_3658-300x300.png 300w, https:\/\/www.lafabriquedecharpe.fr\/blog\/wp-content\/uploads\/2024\/10\/ar-cheche-coton-beige-losange-1433_3658-150x150.png 150w\" sizes=\"(max-width: 600px) 100vw, 600px\" \/><\/a><figcaption class=\"wp-element-caption\">Ch\u00e8che Losange<\/figcaption><\/figure>\n\n\n\n<figure class=\"wp-block-image size-large\"><a href=\"https:\/\/www.lafabriquedecharpe.fr\/art-echarpe-laine-bleu-jean-recital-1053.htm\"><img decoding=\"async\" width=\"600\" height=\"600\" data-id=\"1846\" src=\"https:\/\/www.lafabriquedecharpe.fr\/blog\/wp-content\/uploads\/2024\/10\/ar-echarpe-laine-bleu-jean-recital-1053.png\" alt=\"\" class=\"wp-image-1846\" srcset=\"https:\/\/www.lafabriquedecharpe.fr\/blog\/wp-content\/uploads\/2024\/10\/ar-echarpe-laine-bleu-jean-recital-1053.png 600w, https:\/\/www.lafabriquedecharpe.fr\/blog\/wp-content\/uploads\/2024\/10\/ar-echarpe-laine-bleu-jean-recital-1053-300x300.png 300w, https:\/\/www.lafabriquedecharpe.fr\/blog\/wp-content\/uploads\/2024\/10\/ar-echarpe-laine-bleu-jean-recital-1053-150x150.png 150w\" sizes=\"(max-width: 600px) 100vw, 600px\" \/><\/a><figcaption class=\"wp-element-caption\">Echarpe R\u00e9cital<\/figcaption><\/figure>\n\n\n\n<figure class=\"wp-block-image size-large\"><a href=\"https:\/\/www.lafabriquedecharpe.fr\/art-echarpe-laine-grise-victoria-197.htm\"><img decoding=\"async\" width=\"600\" height=\"600\" data-id=\"1845\" src=\"https:\/\/www.lafabriquedecharpe.fr\/blog\/wp-content\/uploads\/2024\/10\/ar-echarpe-laine-grise-victoria-197.png\" alt=\"\" class=\"wp-image-1845\" srcset=\"https:\/\/www.lafabriquedecharpe.fr\/blog\/wp-content\/uploads\/2024\/10\/ar-echarpe-laine-grise-victoria-197.png 600w, https:\/\/www.lafabriquedecharpe.fr\/blog\/wp-content\/uploads\/2024\/10\/ar-echarpe-laine-grise-victoria-197-300x300.png 300w, https:\/\/www.lafabriquedecharpe.fr\/blog\/wp-content\/uploads\/2024\/10\/ar-echarpe-laine-grise-victoria-197-150x150.png 150w\" sizes=\"(max-width: 600px) 100vw, 600px\" \/><\/a><figcaption class=\"wp-element-caption\">Echarpe Victoria<\/figcaption><\/figure>\n\n\n\n<figure class=\"wp-block-image size-large\"><a href=\"https:\/\/www.lafabriquedecharpe.fr\/art-echarpe-laine-rouge-fonce-kyoto-756.htm\"><img decoding=\"async\" width=\"600\" height=\"600\" data-id=\"1844\" src=\"https:\/\/www.lafabriquedecharpe.fr\/blog\/wp-content\/uploads\/2024\/10\/ar-echarpe-laine-rouge-fonce-kyoto-756_4704.png\" alt=\"\" class=\"wp-image-1844\" srcset=\"https:\/\/www.lafabriquedecharpe.fr\/blog\/wp-content\/uploads\/2024\/10\/ar-echarpe-laine-rouge-fonce-kyoto-756_4704.png 600w, https:\/\/www.lafabriquedecharpe.fr\/blog\/wp-content\/uploads\/2024\/10\/ar-echarpe-laine-rouge-fonce-kyoto-756_4704-300x300.png 300w, https:\/\/www.lafabriquedecharpe.fr\/blog\/wp-content\/uploads\/2024\/10\/ar-echarpe-laine-rouge-fonce-kyoto-756_4704-150x150.png 150w\" sizes=\"(max-width: 600px) 100vw, 600px\" \/><\/a><figcaption class=\"wp-element-caption\">Echarpe Kyoto<\/figcaption><\/figure>\n\n\n\n<figure class=\"wp-block-image size-large\"><a href=\"https:\/\/www.lafabriquedecharpe.fr\/art-cheche-coton-vert-kaki-titane-1286.htm\"><img decoding=\"async\" width=\"600\" height=\"600\" data-id=\"1847\" src=\"https:\/\/www.lafabriquedecharpe.fr\/blog\/wp-content\/uploads\/2024\/10\/ar-cheche-coton-vert-kaki-titane-1286_3977.png\" alt=\"\" class=\"wp-image-1847\" srcset=\"https:\/\/www.lafabriquedecharpe.fr\/blog\/wp-content\/uploads\/2024\/10\/ar-cheche-coton-vert-kaki-titane-1286_3977.png 600w, https:\/\/www.lafabriquedecharpe.fr\/blog\/wp-content\/uploads\/2024\/10\/ar-cheche-coton-vert-kaki-titane-1286_3977-300x300.png 300w, https:\/\/www.lafabriquedecharpe.fr\/blog\/wp-content\/uploads\/2024\/10\/ar-cheche-coton-vert-kaki-titane-1286_3977-150x150.png 150w\" sizes=\"(max-width: 600px) 100vw, 600px\" \/><\/a><figcaption class=\"wp-element-caption\">Ch\u00e8che Titane<\/figcaption><\/figure>\n\n\n\n<figure class=\"wp-block-image size-large\"><a href=\"https:\/\/www.lafabriquedecharpe.fr\/art-foulard-homme-soie-bleu-vincent-339.htm\"><img decoding=\"async\" width=\"600\" height=\"600\" data-id=\"1843\" src=\"https:\/\/www.lafabriquedecharpe.fr\/blog\/wp-content\/uploads\/2024\/10\/ar-foulard-homme-soie-bleu-vincent-339.png\" alt=\"\" class=\"wp-image-1843\" srcset=\"https:\/\/www.lafabriquedecharpe.fr\/blog\/wp-content\/uploads\/2024\/10\/ar-foulard-homme-soie-bleu-vincent-339.png 600w, https:\/\/www.lafabriquedecharpe.fr\/blog\/wp-content\/uploads\/2024\/10\/ar-foulard-homme-soie-bleu-vincent-339-300x300.png 300w, https:\/\/www.lafabriquedecharpe.fr\/blog\/wp-content\/uploads\/2024\/10\/ar-foulard-homme-soie-bleu-vincent-339-150x150.png 150w\" sizes=\"(max-width: 600px) 100vw, 600px\" \/><\/a><figcaption class=\"wp-element-caption\">Foulard Vincent<\/figcaption><\/figure>\n<\/figure>\n\n\n\n<div style=\"height:30px\" aria-hidden=\"true\" class=\"wp-block-spacer\"><\/div>\n\n\n\n<p><a href=\"https:\/\/www.lafabriquedecharpe.fr\/art-cheche-coton-beige-losange-1433.htm\">Ch\u00e8che LOSANGE:<\/a> sur veste et pantalon jeans d\u00e9contract\u00e9s, apporte la note chic et \u00e9l\u00e9gante sur le look d\u00e9contract\u00e9.<\/p>\n\n\n\n<p><a href=\"https:\/\/www.lafabriquedecharpe.fr\/art-echarpe-laine-bleu-jean-recital-1053.htm\">Echarpe RECITAL:<\/a> sur une veste velours c\u00f4tel\u00e9 grise, une \u00e9charpe au motif g\u00e9om\u00e9trique qui r\u00e9hausse l&#8217;aspect monochrome<\/p>\n\n\n\n<p><a href=\"https:\/\/www.lafabriquedecharpe.fr\/art-echarpe-laine-grise-victoria-197.htm\">Echarpe VICTORIA<\/a>: sur un look total noir, le motif ancien compos\u00e9 de palme et de cachemire apporte un effet r\u00e9tro et vintage.<\/p>\n\n\n\n<p><a href=\"https:\/\/www.lafabriquedecharpe.fr\/art-echarpe-laine-rouge-fonce-kyoto-756.htm\">Echarpe KYOTO<\/a>: style classique et \u00e9l\u00e9gant avec une veste blazer pied de poule (bordeaux\/\u00e9cru) qui rappelle la couleur de l&#8217;\u00e9charpe.<\/p>\n\n\n\n<p><a href=\"https:\/\/www.lafabriquedecharpe.fr\/art-cheche-coton-vert-kaki-titane-1286.htm\">Ch\u00e8che TITANE:<\/a> sur un grand manteau en lainage beige, il illumine la silhouette par ces touches de jaune ocre, vert clair sur fond kaki.<\/p>\n\n\n\n<p><a href=\"https:\/\/www.lafabriquedecharpe.fr\/art-foulard-homme-soie-bleu-vincent-339.htm\">Foulard VINCENT:<\/a> 100% soie pour un look 100% classique, le foulard est d\u00e9licatement nou\u00e9 dans l&#8217;encolure d&#8217;un manteau noir habill\u00e9.<\/p>\n\n\n\n<div style=\"height:30px\" aria-hidden=\"true\" class=\"wp-block-spacer\"><\/div>\n\n\n\n<h3 class=\"wp-block-heading\">Pour faire simple&#8230;&#8230;&#8230;&#8230;.<\/h3>\n\n\n\n<p>Essayez de porter autant de pi\u00e8ce du m\u00eame type et du m\u00eame style que possible. Choisissez <strong>une seule pi\u00e8ce originale<\/strong> pour mettre en valeur votre personnalit\u00e9. Etudiez bien les mariages de couleurs afin d&#8217;\u00e9viter de ressembler \u00e0 un sapin de No\u00ebl. Si vous ne parvenez pas \u00e0 trouver, <strong>rabattez-vous sur le noir, le gris, le beige ou le marine<\/strong>. N&#8217;importe quelle couleur se marie tr\u00e8s bien avec ces coloris neutres. Tenez compte de votre morphologie dans la forme et le volume des accessoires.<\/p>\n\n\n\n<div style=\"height:30px\" aria-hidden=\"true\" class=\"wp-block-spacer\"><\/div>\n\n\n\n<p>Et d\u00e9couvrez <a href=\"https:\/\/www.lafabriquedecharpe.fr\/cat-les-echarpes-83.htm\">toutes nos collections HOMME et FEMME sur La fabrique d&#8217;\u00e9charpe.fr<\/a><\/p>\n\n\n\n<div style=\"height:100px\" aria-hidden=\"true\" class=\"wp-block-spacer\"><\/div>\n","protected":false},"excerpt":{"rendered":"<p>D\u00e9couvrez les tendances actuelles des accessoires masculins et apprenez comment rehausser votre style avec des \u00e9charpes, foulards et \u00e9toles.<\/p>\n","protected":false},"author":3,"featured_media":1856,"comment_status":"open","ping_status":"open","sticky":false,"template":"","format":"standard","meta":{"footnotes":""},"categories":[1],"tags":[41,370,139,375,372,374,34,157,373,14,369,376,371,377,78],"yoast_head":"<!-- This site is optimized with the Yoast SEO plugin v19.9 - https:\/\/yoast.com\/wordpress\/plugins\/seo\/ -->\n<title>Les tendances des accessoires en mode masculine : Osez accessoiriser votre look - La fabrique d&#039;\u00e9charpe<\/title>\n<meta name=\"description\" content=\"D\u00e9couvrez les tendances actuelles des accessoires masculins et apprenez comment rehausser votre style avec des \u00e9charpes, foulards et \u00e9toles.\" \/>\n<meta name=\"robots\" content=\"index, follow, max-snippet:-1, max-image-preview:large, max-video-preview:-1\" \/>\n<link rel=\"canonical\" href=\"https:\/\/www.lafabriquedecharpe.fr\/blog\/les-tendances-des-accessoires-en-mode-masculine-osez-accessoiriser-votre-look\/\" \/>\n<meta property=\"og:locale\" content=\"fr_FR\" \/>\n<meta property=\"og:type\" content=\"article\" \/>\n<meta property=\"og:title\" content=\"Les tendances des accessoires en mode masculine : Osez accessoiriser votre look - La fabrique d&#039;\u00e9charpe\" \/>\n<meta property=\"og:description\" content=\"D\u00e9couvrez les tendances actuelles des accessoires masculins et apprenez comment rehausser votre style avec des \u00e9charpes, foulards et \u00e9toles.\" \/>\n<meta property=\"og:url\" content=\"https:\/\/www.lafabriquedecharpe.fr\/blog\/les-tendances-des-accessoires-en-mode-masculine-osez-accessoiriser-votre-look\/\" \/>\n<meta property=\"og:site_name\" content=\"La fabrique d&#039;\u00e9charpe\" \/>\n<meta property=\"article:published_time\" content=\"2024-10-16T09:55:56+00:00\" \/>\n<meta property=\"article:modified_time\" content=\"2024-10-16T09:55:59+00:00\" \/>\n<meta property=\"og:image\" content=\"https:\/\/www.lafabriquedecharpe.fr\/blog\/wp-content\/uploads\/2024\/10\/Bandeau-les-accesssoires-hommes-tendances.jpg\" \/>\n\t<meta property=\"og:image:width\" content=\"2111\" \/>\n\t<meta property=\"og:image:height\" content=\"756\" \/>\n\t<meta property=\"og:image:type\" content=\"image\/jpeg\" \/>\n<meta name=\"author\" content=\"Christine DEGURSE\" \/>\n<meta name=\"twitter:card\" content=\"summary_large_image\" \/>\n<meta name=\"twitter:label1\" content=\"\u00c9crit par\" \/>\n\t<meta name=\"twitter:data1\" content=\"Christine DEGURSE\" \/>\n\t<meta name=\"twitter:label2\" content=\"Dur\u00e9e de lecture estim\u00e9e\" \/>\n\t<meta name=\"twitter:data2\" content=\"10 minutes\" \/>\n<!-- \/ Yoast SEO plugin. -->","yoast_head_json":{"title":"Les tendances des accessoires en mode masculine : Osez accessoiriser votre look - La fabrique d&#039;\u00e9charpe","description":"D\u00e9couvrez les tendances actuelles des accessoires masculins et apprenez comment rehausser votre style avec des \u00e9charpes, foulards et \u00e9toles.","robots":{"index":"index","follow":"follow","max-snippet":"max-snippet:-1","max-image-preview":"max-image-preview:large","max-video-preview":"max-video-preview:-1"},"canonical":"https:\/\/www.lafabriquedecharpe.fr\/blog\/les-tendances-des-accessoires-en-mode-masculine-osez-accessoiriser-votre-look\/","og_locale":"fr_FR","og_type":"article","og_title":"Les tendances des accessoires en mode masculine : Osez accessoiriser votre look - La fabrique d&#039;\u00e9charpe","og_description":"D\u00e9couvrez les tendances actuelles des accessoires masculins et apprenez comment rehausser votre style avec des \u00e9charpes, foulards et \u00e9toles.","og_url":"https:\/\/www.lafabriquedecharpe.fr\/blog\/les-tendances-des-accessoires-en-mode-masculine-osez-accessoiriser-votre-look\/","og_site_name":"La fabrique d&#039;\u00e9charpe","article_published_time":"2024-10-16T09:55:56+00:00","article_modified_time":"2024-10-16T09:55:59+00:00","og_image":[{"width":2111,"height":756,"url":"https:\/\/www.lafabriquedecharpe.fr\/blog\/wp-content\/uploads\/2024\/10\/Bandeau-les-accesssoires-hommes-tendances.jpg","type":"image\/jpeg"}],"author":"Christine DEGURSE","twitter_card":"summary_large_image","twitter_misc":{"\u00c9crit par":"Christine DEGURSE","Dur\u00e9e de lecture estim\u00e9e":"10 minutes"},"schema":{"@context":"https:\/\/schema.org","@graph":[{"@type":"WebPage","@id":"https:\/\/www.lafabriquedecharpe.fr\/blog\/les-tendances-des-accessoires-en-mode-masculine-osez-accessoiriser-votre-look\/","url":"https:\/\/www.lafabriquedecharpe.fr\/blog\/les-tendances-des-accessoires-en-mode-masculine-osez-accessoiriser-votre-look\/","name":"Les tendances des accessoires en mode masculine : Osez accessoiriser votre look - La fabrique d&#039;\u00e9charpe","isPartOf":{"@id":"https:\/\/www.lafabriquedecharpe.fr\/blog\/#website"},"datePublished":"2024-10-16T09:55:56+00:00","dateModified":"2024-10-16T09:55:59+00:00","author":{"@id":"https:\/\/www.lafabriquedecharpe.fr\/blog\/#\/schema\/person\/1c703babc8565e57bc1ca3ba0698dabf"},"description":"D\u00e9couvrez les tendances actuelles des accessoires masculins et apprenez comment rehausser votre style avec des \u00e9charpes, foulards et \u00e9toles.","breadcrumb":{"@id":"https:\/\/www.lafabriquedecharpe.fr\/blog\/les-tendances-des-accessoires-en-mode-masculine-osez-accessoiriser-votre-look\/#breadcrumb"},"inLanguage":"fr-FR","potentialAction":[{"@type":"ReadAction","target":["https:\/\/www.lafabriquedecharpe.fr\/blog\/les-tendances-des-accessoires-en-mode-masculine-osez-accessoiriser-votre-look\/"]}]},{"@type":"BreadcrumbList","@id":"https:\/\/www.lafabriquedecharpe.fr\/blog\/les-tendances-des-accessoires-en-mode-masculine-osez-accessoiriser-votre-look\/#breadcrumb","itemListElement":[{"@type":"ListItem","position":1,"name":"Accueil","item":"https:\/\/www.lafabriquedecharpe.fr\/blog\/"},{"@type":"ListItem","position":2,"name":"Les tendances des accessoires en mode masculine : Osez accessoiriser votre look"}]},{"@type":"WebSite","@id":"https:\/\/www.lafabriquedecharpe.fr\/blog\/#website","url":"https:\/\/www.lafabriquedecharpe.fr\/blog\/","name":"La fabrique d&#039;\u00e9charpe","description":"Le blog","potentialAction":[{"@type":"SearchAction","target":{"@type":"EntryPoint","urlTemplate":"https:\/\/www.lafabriquedecharpe.fr\/blog\/?s={search_term_string}"},"query-input":"required name=search_term_string"}],"inLanguage":"fr-FR"},{"@type":"Person","@id":"https:\/\/www.lafabriquedecharpe.fr\/blog\/#\/schema\/person\/1c703babc8565e57bc1ca3ba0698dabf","name":"Christine DEGURSE","image":{"@type":"ImageObject","inLanguage":"fr-FR","@id":"https:\/\/www.lafabriquedecharpe.fr\/blog\/#\/schema\/person\/image\/","url":"https:\/\/secure.gravatar.com\/avatar\/e41c40d8cae9026978cb106fc14af946?s=96&d=mm&r=g","contentUrl":"https:\/\/secure.gravatar.com\/avatar\/e41c40d8cae9026978cb106fc14af946?s=96&d=mm&r=g","caption":"Christine DEGURSE"},"url":"https:\/\/www.lafabriquedecharpe.fr\/blog\/author\/christine-degursewanadoo-fr\/"}]}},"_links":{"self":[{"href":"https:\/\/www.lafabriquedecharpe.fr\/blog\/wp-json\/wp\/v2\/posts\/1838"}],"collection":[{"href":"https:\/\/www.lafabriquedecharpe.fr\/blog\/wp-json\/wp\/v2\/posts"}],"about":[{"href":"https:\/\/www.lafabriquedecharpe.fr\/blog\/wp-json\/wp\/v2\/types\/post"}],"author":[{"embeddable":true,"href":"https:\/\/www.lafabriquedecharpe.fr\/blog\/wp-json\/wp\/v2\/users\/3"}],"replies":[{"embeddable":true,"href":"https:\/\/www.lafabriquedecharpe.fr\/blog\/wp-json\/wp\/v2\/comments?post=1838"}],"version-history":[{"count":12,"href":"https:\/\/www.lafabriquedecharpe.fr\/blog\/wp-json\/wp\/v2\/posts\/1838\/revisions"}],"predecessor-version":[{"id":1862,"href":"https:\/\/www.lafabriquedecharpe.fr\/blog\/wp-json\/wp\/v2\/posts\/1838\/revisions\/1862"}],"wp:featuredmedia":[{"embeddable":true,"href":"https:\/\/www.lafabriquedecharpe.fr\/blog\/wp-json\/wp\/v2\/media\/1856"}],"wp:attachment":[{"href":"https:\/\/www.lafabriquedecharpe.fr\/blog\/wp-json\/wp\/v2\/media?parent=1838"}],"wp:term":[{"taxonomy":"category","embeddable":true,"href":"https:\/\/www.lafabriquedecharpe.fr\/blog\/wp-json\/wp\/v2\/categories?post=1838"},{"taxonomy":"post_tag","embeddable":true,"href":"https:\/\/www.lafabriquedecharpe.fr\/blog\/wp-json\/wp\/v2\/tags?post=1838"}],"curies":[{"name":"wp","href":"https:\/\/api.w.org\/{rel}","templated":true}]}}