{"id":2093,"date":"2025-06-13T14:26:50","date_gmt":"2025-06-13T12:26:50","guid":{"rendered":"https:\/\/www.lafabriquedecharpe.fr\/blog\/?p=2093"},"modified":"2025-06-13T16:29:07","modified_gmt":"2025-06-13T14:29:07","slug":"les-echarpes-legeres-pour-les-soirees-fraiches-de-lete","status":"publish","type":"post","link":"https:\/\/www.lafabriquedecharpe.fr\/blog\/les-echarpes-legeres-pour-les-soirees-fraiches-de-lete\/","title":{"rendered":"Les \u00e9charpes l\u00e9g\u00e8res pour les soir\u00e9es fra\u00eeches de l&#8217;\u00e9t\u00e9."},"content":{"rendered":"\n<div style=\"height:100px\" aria-hidden=\"true\" class=\"wp-block-spacer\"><\/div>\n\n\n\n<p>Les soir\u00e9es fra\u00eeches de l&#8217;\u00e9t\u00e9 n\u00e9cessitent \u00e9charpes ou foulards l\u00e9gers mais chics. Choisissez-les doux, originaux et pratiques, pour vous apporter le maximum de confort d\u00e8s que la temp\u00e9rature diminue.<\/p>\n\n\n\n<div style=\"height:30px\" aria-hidden=\"true\" class=\"wp-block-spacer\"><\/div>\n\n\n\n<h2 class=\"wp-block-heading\">Pourquoi choisir une \u00e9charpe l\u00e9g\u00e8re pour les soir\u00e9es d&#8217;\u00e9t\u00e9?<\/h2>\n\n\n\n<div style=\"height:30px\" aria-hidden=\"true\" class=\"wp-block-spacer\"><\/div>\n\n\n\n<p>L&#8217;\u00e9l\u00e9gance ne r\u00e9side pas seulement dans les v\u00eatements, les bijoux, ou les sacs, mais aussi dans le choix  <a href=\"https:\/\/www.lafabriquedecharpe.fr\/cat-les-echarpes-83.htm\">des \u00e9charpes ou des foulards <\/a>, ces petits accessoires qui font la diff\u00e9rence. En cela, ils sont des \u00e9l\u00e9ments incontournables de votre garde-robe. En toutes saisons, \u00e9t\u00e9 comme hiver, ils sont polyvalents et s&#8217;adaptent \u00e0 toutes les occasions, ils sont v\u00e9ritablement <strong>des \u00e9l\u00e9ments essentiels \u00e0 votre tenue<\/strong>. Les \u00e9charpes et foulards apportent la touche finale pour sublimer votre look, par exemple, une note de couleur, un design original pour se d\u00e9marquer&#8230;..En \u00e9t\u00e9, choisissez une \u00e9charpe l\u00e9g\u00e8re et confortable, et laissez-la voler autour de votre silhouette pour un effet vaporeux et a\u00e9rien, et en plus de cette<strong> fashion touch<\/strong>, une \u00e9charpe vous prot\u00e9gera de la fra\u00eecheur des soirs d&#8217;\u00e9t\u00e9.<\/p>\n\n\n\n<div style=\"height:30px\" aria-hidden=\"true\" class=\"wp-block-spacer\"><\/div>\n\n\n\n<h2 class=\"wp-block-heading\">Les mati\u00e8res id\u00e9ales pour les \u00e9charpes estivales<\/h2>\n\n\n\n<div style=\"height:30px\" aria-hidden=\"true\" class=\"wp-block-spacer\"><\/div>\n\n\n\n<p>Pour un r\u00e9el confort, privil\u00e9giez<strong> les mati\u00e8res naturelles<\/strong> pour votre \u00e9charpe. Nous avons besoin d&#8217;extr\u00eame douceur autour du cou. Bannissez le polyester, qui pollue notre plan\u00e8te, et qui apr\u00e8s l&#8217;effet &#8220;nouveau&#8221; du premier jour, tra\u00eenera rapidement au fond de votre placard.<\/p>\n\n\n\n<p><strong>Pour l&#8217;\u00e9t\u00e9, la soie est la mati\u00e8re id\u00e9ale<\/strong>. Elle est douce, thermor\u00e9gulatrice, c&#8217;est-\u00e0-dire qu&#8217;elle prot\u00e8ge aussi bien du froid que de la chaleur. Elle poss\u00e8de beaucoup d&#8217;autres propri\u00e9t\u00e9s comme la l\u00e9g\u00e8ret\u00e9, la r\u00e9sistance, la respirabilit\u00e9, on peut la teindre dans des coloris chatoyants, elle est satin\u00e9e&#8230;Cette mati\u00e8re pr\u00e9cieuse apporte <strong>une note &#8220;luxe&#8221; \u00e0 votre tenue<\/strong>. Mais attention au budget, la soie est ch\u00e8re parce que sa production complexe n\u00e9cessite une main d&#8217;\u0153uvre qualifi\u00e9e, notamment pour l&#8217;\u00e9levage des vers \u00e0 soie et aussi pour le tissage de la fibre obtenue.<\/p>\n\n\n\n<p><strong>Le coton et le lin sont aussi tr\u00e8s bien adapt\u00e9e l&#8217;\u00e9t\u00e9<\/strong>. Ce sont des mati\u00e8res douces et confortables et qui  n\u00e9cessitent un budget moindre que la soie.<strong> Une \u00e9charpe en coton est pratique<\/strong>, vous pouvez facilement la glisser dans votre sac \u00e0 main pour la ressortir le soir d\u00e8s que la temp\u00e9rature diminue. Le coton est aussi une mati\u00e8re facile \u00e0 entretenir.<\/p>\n\n\n\n<p><strong><a href=\"https:\/\/www.lafabriquedecharpe.fr\/cat-les-echarpes-83.htm?sensation=tres-leger&amp;f=1&amp;pagenumber=1\">La Fabrique d&#8217;\u00e9charpe<\/a> a mis au point plusieurs compositions de mati\u00e8res naturelles<\/strong>, chacune apportant ses propres caract\u00e9ristiques \u00e0 l&#8217;\u00e9charpe. Nous proposons des \u00e9charpes en coton\/soie parfaites pour les soir\u00e9es d&#8217;\u00e9t\u00e9, des \u00e9charpes en coton\/lin\/modal ou coton\/modal\/soie, des compositions innovantes pour un confort ultime cet \u00e9t\u00e9. D\u00e9couvrez le mod\u00e8le<a href=\"https:\/\/www.lafabriquedecharpe.fr\/art-echarpe-coton-orange-butterfly-1351.htm\"> Butterfly en coton\/modal\/soie<\/a>, le mod\u00e8le <a href=\"https:\/\/www.lafabriquedecharpe.fr\/art-cheche-coton-lin-bleu-logo-1747.htm\">Logo en coton\/lin\/modal<\/a> ou le mod\u00e8le <a href=\"https:\/\/www.lafabriquedecharpe.fr\/art-etole-coton-soie-bleue-belle-de-nuit-1610.htm\">Belle de nuit en coton\/soie<\/a>. Evitez les \u00e9charpes avec de la laine, parce qu&#8217;elles seront trop chaudes et trop \u00e9paisses pour l&#8217;\u00e9t\u00e9.<\/p>\n\n\n\n<div style=\"height:30px\" aria-hidden=\"true\" class=\"wp-block-spacer\"><\/div>\n\n\n\n<figure class=\"wp-block-gallery has-nested-images columns-default is-cropped wp-block-gallery-1 is-layout-flex wp-block-gallery-is-layout-flex\">\n<figure class=\"wp-block-image size-large\"><a href=\"https:\/\/www.lafabriquedecharpe.fr\/art-echarpe-coton-orange-butterfly-1351.htm\"><img decoding=\"async\" width=\"600\" height=\"600\" data-id=\"2094\" src=\"https:\/\/www.lafabriquedecharpe.fr\/blog\/wp-content\/uploads\/2025\/06\/ar-echarpe-coton-orange-butterfly-1351.png\" alt=\"\" class=\"wp-image-2094\" srcset=\"https:\/\/www.lafabriquedecharpe.fr\/blog\/wp-content\/uploads\/2025\/06\/ar-echarpe-coton-orange-butterfly-1351.png 600w, https:\/\/www.lafabriquedecharpe.fr\/blog\/wp-content\/uploads\/2025\/06\/ar-echarpe-coton-orange-butterfly-1351-300x300.png 300w, https:\/\/www.lafabriquedecharpe.fr\/blog\/wp-content\/uploads\/2025\/06\/ar-echarpe-coton-orange-butterfly-1351-150x150.png 150w\" sizes=\"(max-width: 600px) 100vw, 600px\" \/><\/a><figcaption class=\"wp-element-caption\">Butterfly en coton\/modal\/soie<\/figcaption><\/figure>\n\n\n\n<figure class=\"wp-block-image size-large\"><a href=\"https:\/\/www.lafabriquedecharpe.fr\/art-etole-coton-soie-bleue-belle-de-nuit-1610.htm\"><img decoding=\"async\" width=\"600\" height=\"600\" data-id=\"2095\" src=\"https:\/\/www.lafabriquedecharpe.fr\/blog\/wp-content\/uploads\/2025\/06\/ar-etole-coton-soie-bleue-belle-de-nuit-1610.png\" alt=\"\" class=\"wp-image-2095\" srcset=\"https:\/\/www.lafabriquedecharpe.fr\/blog\/wp-content\/uploads\/2025\/06\/ar-etole-coton-soie-bleue-belle-de-nuit-1610.png 600w, https:\/\/www.lafabriquedecharpe.fr\/blog\/wp-content\/uploads\/2025\/06\/ar-etole-coton-soie-bleue-belle-de-nuit-1610-300x300.png 300w, https:\/\/www.lafabriquedecharpe.fr\/blog\/wp-content\/uploads\/2025\/06\/ar-etole-coton-soie-bleue-belle-de-nuit-1610-150x150.png 150w\" sizes=\"(max-width: 600px) 100vw, 600px\" \/><\/a><figcaption class=\"wp-element-caption\">Belle de nuit en coton\/soie<\/figcaption><\/figure>\n\n\n\n<figure class=\"wp-block-image size-large\"><a href=\"https:\/\/www.lafabriquedecharpe.fr\/art-cheche-coton-lin-bleu-logo-1747.htm\"><img decoding=\"async\" width=\"600\" height=\"600\" data-id=\"2096\" src=\"https:\/\/www.lafabriquedecharpe.fr\/blog\/wp-content\/uploads\/2025\/06\/ar-cheche-coton-lin-bleu-logo-1747.png\" alt=\"\" class=\"wp-image-2096\" srcset=\"https:\/\/www.lafabriquedecharpe.fr\/blog\/wp-content\/uploads\/2025\/06\/ar-cheche-coton-lin-bleu-logo-1747.png 600w, https:\/\/www.lafabriquedecharpe.fr\/blog\/wp-content\/uploads\/2025\/06\/ar-cheche-coton-lin-bleu-logo-1747-300x300.png 300w, https:\/\/www.lafabriquedecharpe.fr\/blog\/wp-content\/uploads\/2025\/06\/ar-cheche-coton-lin-bleu-logo-1747-150x150.png 150w\" sizes=\"(max-width: 600px) 100vw, 600px\" \/><\/a><figcaption class=\"wp-element-caption\">Logo en coton\/modal\/lin<\/figcaption><\/figure>\n<\/figure>\n\n\n\n<div style=\"height:30px\" aria-hidden=\"true\" class=\"wp-block-spacer\"><\/div>\n\n\n\n<h2 class=\"wp-block-heading\">Choisir une \u00e9charpe l\u00e9g\u00e8re en fonction du style de soir\u00e9e<\/h2>\n\n\n\n<div style=\"height:30px\" aria-hidden=\"true\" class=\"wp-block-spacer\"><\/div>\n\n\n\n<p>Avec les \u00e9charpes, c&#8217;est qu&#8217;elles ne se cantonnent pas \u00e0 une seule utilisation, elles passent souvent tr\u00e8s bien pour diverses occasions. Pour cela, on choisit des mod\u00e8les au coloris neutre pour <strong>un style intemporel<\/strong> mais toujours \u00e9l\u00e9gant. Par exemple, <a href=\"https:\/\/www.lafabriquedecharpe.fr\/art-etole-soie-unie-rose-poudre-228.htm\">l&#8217;\u00e9tole 100%soie unie Rose poudr\u00e9<\/a> se marie avec toutes vos tenues, c&#8217;est une valeur s\u00fbre \u00e0 porter en toutes occasions. <\/p>\n\n\n\n<div style=\"height:30px\" aria-hidden=\"true\" class=\"wp-block-spacer\"><\/div>\n\n\n\n<figure class=\"wp-block-image size-full is-resized\"><a href=\"https:\/\/www.lafabriquedecharpe.fr\/art-etole-soie-unie-rose-poudre-228.htm\"><img decoding=\"async\" width=\"600\" height=\"600\" src=\"https:\/\/www.lafabriquedecharpe.fr\/blog\/wp-content\/uploads\/2025\/06\/ar-etole-soie-unie-rose-poudre-228_3825-1.png\" alt=\"\" class=\"wp-image-2097\" style=\"aspect-ratio:1;width:841px;height:auto\" srcset=\"https:\/\/www.lafabriquedecharpe.fr\/blog\/wp-content\/uploads\/2025\/06\/ar-etole-soie-unie-rose-poudre-228_3825-1.png 600w, https:\/\/www.lafabriquedecharpe.fr\/blog\/wp-content\/uploads\/2025\/06\/ar-etole-soie-unie-rose-poudre-228_3825-1-300x300.png 300w, https:\/\/www.lafabriquedecharpe.fr\/blog\/wp-content\/uploads\/2025\/06\/ar-etole-soie-unie-rose-poudre-228_3825-1-150x150.png 150w\" sizes=\"(max-width: 600px) 100vw, 600px\" \/><\/a><figcaption class=\"wp-element-caption\">Etole 100% soie Rose poudr\u00e9<\/figcaption><\/figure>\n\n\n\n<div style=\"height:30px\" aria-hidden=\"true\" class=\"wp-block-spacer\"><\/div>\n\n\n\n<p>Cependant, <strong>choisir votre \u00e9charpe en fonction du style de soir\u00e9e<\/strong> est la bonne id\u00e9e mode. C&#8217;est le genre de d\u00e9tail qui impacte et vous d\u00e9marque. De plus, certaines tenues exigent une touche de sophistication, qu&#8217;une \u00e9charpe peut facilement apporter. <\/p>\n\n\n\n<p><strong>S&#8217;il s&#8217;agit d&#8217;une soir\u00e9e d&#8217;\u00e9t\u00e9 entre amis en ville<\/strong>, optez pour une \u00e9charpe chic et classique en soie, ou en coton\/soie, choisissez-la unie ou avec une l\u00e9g\u00e8re impression, les coloris doivent se marier parfaitement \u00e0 votre tenue.<\/p>\n\n\n\n<p><strong>Pour une soir\u00e9e d&#8217;\u00e9t\u00e9 d\u00e9contract\u00e9e \u00e0 la campagne<\/strong>, privil\u00e9giez les mati\u00e8res coton, lin ou des m\u00e9langes coton\/lin, coton\/modal, ces mati\u00e8res naturelles transmettent une id\u00e9e plus rustique, plus nature et restent tr\u00e8s confortables au cours de ce style de soir\u00e9es. Des coloris brun terre, \u00e9cru, chocolat, vert olive ou vert kaki peuvent \u00eatre retenus pour affirmer un look d\u00e9contract\u00e9.<\/p>\n\n\n\n<p><strong>Et pour une soir\u00e9e habill\u00e9e<\/strong>, une c\u00e9r\u00e9monie, un mariage, un bapt\u00eame&#8230;. il faut trouver l&#8217;accessoire de mode parfait pour sublimer votre look. Si votre tenue est sobre, trouvez un carr\u00e9 en soie avec une impression originale, des coloris parfaitement assortis \u00e0 votre ensemble. Porter une pi\u00e8ce \u00e9labor\u00e9e permet de vous distinguez, de montrer votre attachement aux beaux objets, et d&#8217;embellir votre tenue. Si votre ensemble est d\u00e9j\u00e0 charg\u00e9, optez pour un foulard unie en soie et jouez la transparence et la l\u00e9g\u00e8ret\u00e9 en ajoutant une touche raffin\u00e9e \u00e0 votre look.<\/p>\n\n\n\n<div style=\"height:30px\" aria-hidden=\"true\" class=\"wp-block-spacer\"><\/div>\n\n\n\n<h2 class=\"wp-block-heading\">Les couleurs et les motifs tendances pour les soir\u00e9es d&#8217;\u00e9t\u00e9<\/h2>\n\n\n\n<div style=\"height:30px\" aria-hidden=\"true\" class=\"wp-block-spacer\"><\/div>\n\n\n\n<p>D\u00e9couvrez notre blog sur les couleurs tendances de la saison de printemps-\u00e9t\u00e9: <a href=\"https:\/\/www.lafabriquedecharpe.fr\/blog\/accessoiriser-une-tenue-printaniere-avec-une-echarpe-inspirations-et-idees-de-looks\/\">Accessoirisez une tenue printani\u00e8re avec une \u00e9charpe.<\/a> <\/p>\n\n\n\n<p>En ce qui concerne les coloris tendances de la saison de printemps-\u00e9t\u00e9, 5 teintes se d\u00e9marquent particuli\u00e8rement:<\/p>\n\n\n\n<div style=\"height:30px\" aria-hidden=\"true\" class=\"wp-block-spacer\"><\/div>\n\n\n\n<p><strong>Le bleu ciel<\/strong> pour sa capacit\u00e9 \u00e0 apaiser les esprits les plus agit\u00e9s: une dose de s\u00e9r\u00e9nit\u00e9. Cette teinte c\u00e9leste flatte absolument toutes les carnations, vous pouvez l&#8217;adopter facilement pour vos soir\u00e9es d&#8217;\u00e9t\u00e9 et l&#8217;assortir avec vos diff\u00e9rentes tenues. Pour une soir\u00e9es d\u00e9contract\u00e9e, associez une \u00e9charpe bleu ciel \u00e0 un ensemble tee-shirt\/jean, d\u00e9couvrez <a href=\"https:\/\/www.lafabriquedecharpe.fr\/art-etole-coton-bleu-et-blanc-arum-1346.htm\">le mod\u00e8le Arum<\/a> motif in\u00e9dit de La Fabrique d&#8217;\u00e9charpe.<\/p>\n\n\n\n<div style=\"height:30px\" aria-hidden=\"true\" class=\"wp-block-spacer\"><\/div>\n\n\n\n<figure class=\"wp-block-image size-full is-resized\"><a href=\"https:\/\/www.lafabriquedecharpe.fr\/art-etole-coton-bleu-et-blanc-arum-1346.htm\"><img decoding=\"async\" width=\"600\" height=\"600\" src=\"https:\/\/www.lafabriquedecharpe.fr\/blog\/wp-content\/uploads\/2025\/06\/ar-etole-coton-bleu-et-blanc-arum-1346.png\" alt=\"\" class=\"wp-image-2099\" style=\"aspect-ratio:1;width:841px;height:auto\" srcset=\"https:\/\/www.lafabriquedecharpe.fr\/blog\/wp-content\/uploads\/2025\/06\/ar-etole-coton-bleu-et-blanc-arum-1346.png 600w, https:\/\/www.lafabriquedecharpe.fr\/blog\/wp-content\/uploads\/2025\/06\/ar-etole-coton-bleu-et-blanc-arum-1346-300x300.png 300w, https:\/\/www.lafabriquedecharpe.fr\/blog\/wp-content\/uploads\/2025\/06\/ar-etole-coton-bleu-et-blanc-arum-1346-150x150.png 150w\" sizes=\"(max-width: 600px) 100vw, 600px\" \/><\/a><figcaption class=\"wp-element-caption\">Arum grand ch\u00e8che coton\/modal pour les soir\u00e9es d&#8217;\u00e9t\u00e9 d\u00e9contract\u00e9e.<\/figcaption><\/figure>\n\n\n\n<div style=\"height:30px\" aria-hidden=\"true\" class=\"wp-block-spacer\"><\/div>\n\n\n\n<p><strong>Le rose poudr\u00e9<\/strong>, \u00e0 ne pas confondre avec le rose bonbon, cette ann\u00e9e le rose poudr\u00e9 est sophistiqu\u00e9, r\u00e9invent\u00e9, un coloris qui se place entre le rose pastel et l&#8217;abricot. Il se porte l&#8217;\u00e9t\u00e9 avec du blanc, du noir, tous les beige, camel, chocolat. <\/p>\n\n\n\n<div style=\"height:30px\" aria-hidden=\"true\" class=\"wp-block-spacer\"><\/div>\n\n\n\n<p><strong>Le jaune beurre<\/strong>, pour illuminer votre look, il s&#8217;impose comme le rayon de soleil de la saison. Vous pourrez composer de beaux ensembles en le mariant \u00e0 l&#8217;\u00e9cru, le beige clair ou le terracotta.<\/p>\n\n\n\n<div style=\"height:30px\" aria-hidden=\"true\" class=\"wp-block-spacer\"><\/div>\n\n\n\n<p><strong>Le terracotta,<\/strong> une teinte nature qui r\u00e9v\u00e8le notre conscience \u00e9cologique tout en flattant notre silhouette. Cette couleur symbolisant notre engagement environnemental s&#8217;installe parfaitement dans les collections printemps-\u00e9t\u00e9 2025. D\u00e9couvrez <a href=\"https:\/\/www.lafabriquedecharpe.fr\/art-etole-laine-roux-ecru-montreal-751.htm\">notre grande \u00e9tole Montr\u00e9al,<\/a> parfaite pour se prot\u00e9ger de la fra\u00eecheur les soirs d&#8217;\u00e9t\u00e9.<\/p>\n\n\n\n<div style=\"height:30px\" aria-hidden=\"true\" class=\"wp-block-spacer\"><\/div>\n\n\n\n<figure class=\"wp-block-image size-full is-resized\"><a href=\"https:\/\/www.lafabriquedecharpe.fr\/art-etole-laine-roux-ecru-montreal-751.htm\"><img decoding=\"async\" width=\"600\" height=\"600\" src=\"https:\/\/www.lafabriquedecharpe.fr\/blog\/wp-content\/uploads\/2025\/06\/ar-etole-laine-roux-ecru-montreal-751.png\" alt=\"\" class=\"wp-image-2100\" style=\"aspect-ratio:1;width:841px;height:auto\" srcset=\"https:\/\/www.lafabriquedecharpe.fr\/blog\/wp-content\/uploads\/2025\/06\/ar-etole-laine-roux-ecru-montreal-751.png 600w, https:\/\/www.lafabriquedecharpe.fr\/blog\/wp-content\/uploads\/2025\/06\/ar-etole-laine-roux-ecru-montreal-751-300x300.png 300w, https:\/\/www.lafabriquedecharpe.fr\/blog\/wp-content\/uploads\/2025\/06\/ar-etole-laine-roux-ecru-montreal-751-150x150.png 150w\" sizes=\"(max-width: 600px) 100vw, 600px\" \/><\/a><\/figure>\n\n\n\n<div style=\"height:30px\" aria-hidden=\"true\" class=\"wp-block-spacer\"><\/div>\n\n\n\n<p><strong>Le marron gourmand<\/strong>, qui suit le marron chocolat, couleur tendance de l&#8217;hiver, se r\u00e9invente cet \u00e9t\u00e9. Mariez-le avec des beiges profonds et des bruns pour cr\u00e9er un cama\u00efeu qui r\u00e9chauffera votre look les jours de mauvais temps.<\/p>\n\n\n\n<div style=\"height:30px\" aria-hidden=\"true\" class=\"wp-block-spacer\"><\/div>\n\n\n\n<p>A vous de choisir, la teinte qui vous plaira pour accessoiriser votre look. Le terracotta et le marron gourmand, ces tons neutres seront \u00e0 garder pour des accessoires de mode du tout d\u00e9but de printemps, tandis que les teintes pastel, le bleu ciel, le rose poudr\u00e9 et le jaune beurre, sont parfaites pour le plein \u00e9t\u00e9.  <\/p>\n\n\n\n<div style=\"height:30px\" aria-hidden=\"true\" class=\"wp-block-spacer\"><\/div>\n\n\n\n<h3 class=\"wp-block-heading\">Et les motifs ?<\/h3>\n\n\n\n<p>Pour les soir\u00e9es d&#8217;\u00e9t\u00e9, vous avez un choix multiple de motifs, des dessins floraux, des rayures l\u00e9g\u00e8res ou fines, des pois en semi ou en composition avec des fleurs, des feuillages, des palmes. Choisissez un motif original et qui vous ressemble, pour ajouter la touche personnelle \u00e0 votre look.<\/p>\n\n\n\n<div style=\"height:30px\" aria-hidden=\"true\" class=\"wp-block-spacer\"><\/div>\n\n\n\n<h2 class=\"wp-block-heading\">Comment porter et nouer son \u00e9charpe pour un look styl\u00e9 et pratique?<\/h2>\n\n\n\n<p> <\/p>\n\n\n\n<p>En apprenant quelques n\u0153uds d&#8217;\u00e9charpes traditionnels, vous aurez la possibilit\u00e9 de diversifier vos styles avec raffinement. <strong>Le n\u0153ud parisien<\/strong>, \u00e0 la fois simple et \u00e9l\u00e9gant, se confectionne en repliant l&#8217;\u00e9charpe sur elle-m\u00eame, en la drapant autour du cou puis en glissant les bouts dans le tour form\u00e9. Pour une touche contemporaine, tentez de le porter de fa\u00e7on asym\u00e9trique, avec un pan qui d\u00e9passe l&#8217;autre.<\/p>\n\n\n\n<p>Quant au <strong>drap\u00e9 simple<\/strong>, il s&#8217;agit de laisser simplement l&#8217;\u00e9charpe tomber sur vos \u00e9paules. Pour lui donner une touche moderne, optez pour un contraste en associant une \u00e9charpe \u00e0 motifs \u00e0 une tenue unicolore, ou l&#8217;inverse.<\/p>\n\n\n\n<p>Pour innover, optez pour <strong>le look cape<\/strong> associ\u00e9 \u00e0 une \u00e9charpe de grande taille. Placez-la sur vos \u00e9paules et maintenez-la en place avec une ceinture \u00e9troite pour obtenir une silhouette structur\u00e9e. Cette m\u00e9thode est particuli\u00e8rement efficace pour les \u00e9charpes de grandes dimensions, apportant une touche d&#8217;\u00e9l\u00e9gance \u00e0 votre look. <\/p>\n\n\n\n<p>L&#8217;option<strong> du n\u0153ud asym\u00e9trique<\/strong> est \u00e9galement \u00e0 la mode. Posez l&#8217;\u00e9charpe autour de votre cou, en laissant une partie plus longue que l&#8217;autre, puis nouer l&#8217;\u00e9charpe sur le c\u00f4t\u00e9. Cette technique apporte une note d&#8217;originalit\u00e9 \u00e0 votre ensemble vestimentaire tout en restant chic et \u00e9l\u00e9gant. <\/p>\n\n\n\n<p>Pour les foulards de grande taille, optez pour <strong>le n\u0153ud twist\u00e9<\/strong> : drapez le foulard autour de votre cou en le torsadant un peu \u00e0 chaque tour afin d&#8217;obtenir une apparence massive et textur\u00e9e. N&#8217;h\u00e9sitez pas \u00e0 jouer les superpositions.<\/p>\n\n\n\n<p>Pour un <strong>look styl\u00e9<\/strong>, d&#8217;autres accessoires mode peuvent vous \u00eatre utiles cet \u00e9t\u00e9, par exemple un sac \u00e0 main, un sac cabas,  une ceinture, un chapeau de paille ou une casquette, des lunettes de soleil&#8230;&#8230;.etc <\/p>\n\n\n\n<div style=\"height:30px\" aria-hidden=\"true\" class=\"wp-block-spacer\"><\/div>\n\n\n\n<p><a href=\"https:\/\/www.lafabriquedecharpe.fr\/\">Le Fabrique d&#8217;\u00e9charpe<\/a> vous propose des nouages simples, classiques ou sophistiqu\u00e9s, pleins de fa\u00e7ons styl\u00e9es pour personnaliser votre look, voil\u00e0 quelques astuces tendance :<\/p>\n\n\n\n<div style=\"height:30px\" aria-hidden=\"true\" class=\"wp-block-spacer\"><\/div>\n\n\n\n<figure class=\"wp-block-gallery has-nested-images columns-default is-cropped wp-block-gallery-3 is-layout-flex wp-block-gallery-is-layout-flex\">\n<figure class=\"wp-block-image size-large\"><a href=\"https:\/\/www.lafabriquedecharpe.fr\/art-grand-carre-laine-bleu-pois-1556.htm\"><img decoding=\"async\" width=\"600\" height=\"600\" data-id=\"2104\" src=\"https:\/\/www.lafabriquedecharpe.fr\/blog\/wp-content\/uploads\/2025\/06\/ar-grand-carre-laine-bleu-pois-1556.png\" alt=\"\" class=\"wp-image-2104\" srcset=\"https:\/\/www.lafabriquedecharpe.fr\/blog\/wp-content\/uploads\/2025\/06\/ar-grand-carre-laine-bleu-pois-1556.png 600w, https:\/\/www.lafabriquedecharpe.fr\/blog\/wp-content\/uploads\/2025\/06\/ar-grand-carre-laine-bleu-pois-1556-300x300.png 300w, https:\/\/www.lafabriquedecharpe.fr\/blog\/wp-content\/uploads\/2025\/06\/ar-grand-carre-laine-bleu-pois-1556-150x150.png 150w\" sizes=\"(max-width: 600px) 100vw, 600px\" \/><\/a><figcaption class=\"wp-element-caption\">Grand carr\u00e9 &#8220;POIS&#8221;<\/figcaption><\/figure>\n\n\n\n<figure class=\"wp-block-image size-large\"><a href=\"https:\/\/www.lafabriquedecharpe.fr\/art-etole-cachemire-rouille-serenade-1118.htm\"><img decoding=\"async\" width=\"600\" height=\"600\" data-id=\"2107\" src=\"https:\/\/www.lafabriquedecharpe.fr\/blog\/wp-content\/uploads\/2025\/06\/ar-etole-cachemire-rouille-serenade-1118.png\" alt=\"\" class=\"wp-image-2107\" srcset=\"https:\/\/www.lafabriquedecharpe.fr\/blog\/wp-content\/uploads\/2025\/06\/ar-etole-cachemire-rouille-serenade-1118.png 600w, https:\/\/www.lafabriquedecharpe.fr\/blog\/wp-content\/uploads\/2025\/06\/ar-etole-cachemire-rouille-serenade-1118-300x300.png 300w, https:\/\/www.lafabriquedecharpe.fr\/blog\/wp-content\/uploads\/2025\/06\/ar-etole-cachemire-rouille-serenade-1118-150x150.png 150w\" sizes=\"(max-width: 600px) 100vw, 600px\" \/><\/a><figcaption class=\"wp-element-caption\">Etole &#8220;SERENADE&#8221;<\/figcaption><\/figure>\n\n\n\n<figure class=\"wp-block-image size-large\"><a href=\"https:\/\/www.lafabriquedecharpe.fr\/art-foulard-coton-soie-rouge-jardin-1595.htm\"><img decoding=\"async\" width=\"600\" height=\"600\" data-id=\"2105\" src=\"https:\/\/www.lafabriquedecharpe.fr\/blog\/wp-content\/uploads\/2025\/06\/ar-foulard-coton-soie-rouge-jardin-1595.png\" alt=\"\" class=\"wp-image-2105\" srcset=\"https:\/\/www.lafabriquedecharpe.fr\/blog\/wp-content\/uploads\/2025\/06\/ar-foulard-coton-soie-rouge-jardin-1595.png 600w, https:\/\/www.lafabriquedecharpe.fr\/blog\/wp-content\/uploads\/2025\/06\/ar-foulard-coton-soie-rouge-jardin-1595-300x300.png 300w, https:\/\/www.lafabriquedecharpe.fr\/blog\/wp-content\/uploads\/2025\/06\/ar-foulard-coton-soie-rouge-jardin-1595-150x150.png 150w\" sizes=\"(max-width: 600px) 100vw, 600px\" \/><\/a><figcaption class=\"wp-element-caption\">Foulard &#8220;JARDIN&#8221;<\/figcaption><\/figure>\n\n\n\n<figure class=\"wp-block-image size-large\"><a href=\"https:\/\/www.lafabriquedecharpe.fr\/art-etole-soie-unie-ivoire-248.htm\"><img decoding=\"async\" width=\"600\" height=\"600\" data-id=\"2108\" src=\"https:\/\/www.lafabriquedecharpe.fr\/blog\/wp-content\/uploads\/2025\/06\/ar-etole-soie-unie-ivoire-248.png\" alt=\"\" class=\"wp-image-2108\" srcset=\"https:\/\/www.lafabriquedecharpe.fr\/blog\/wp-content\/uploads\/2025\/06\/ar-etole-soie-unie-ivoire-248.png 600w, https:\/\/www.lafabriquedecharpe.fr\/blog\/wp-content\/uploads\/2025\/06\/ar-etole-soie-unie-ivoire-248-300x300.png 300w, https:\/\/www.lafabriquedecharpe.fr\/blog\/wp-content\/uploads\/2025\/06\/ar-etole-soie-unie-ivoire-248-150x150.png 150w\" sizes=\"(max-width: 600px) 100vw, 600px\" \/><\/a><figcaption class=\"wp-element-caption\">Etole soie Ivoire<\/figcaption><\/figure>\n\n\n\n<figure class=\"wp-block-image size-large\"><a href=\"https:\/\/www.lafabriquedecharpe.fr\/art-foulard-soie-rose-fleur-romantique-749.htm\"><img decoding=\"async\" width=\"600\" height=\"600\" data-id=\"2106\" src=\"https:\/\/www.lafabriquedecharpe.fr\/blog\/wp-content\/uploads\/2025\/06\/ar-foulard-soie-rose-fleur-romantique-749-1.png\" alt=\"\" class=\"wp-image-2106\" srcset=\"https:\/\/www.lafabriquedecharpe.fr\/blog\/wp-content\/uploads\/2025\/06\/ar-foulard-soie-rose-fleur-romantique-749-1.png 600w, https:\/\/www.lafabriquedecharpe.fr\/blog\/wp-content\/uploads\/2025\/06\/ar-foulard-soie-rose-fleur-romantique-749-1-300x300.png 300w, https:\/\/www.lafabriquedecharpe.fr\/blog\/wp-content\/uploads\/2025\/06\/ar-foulard-soie-rose-fleur-romantique-749-1-150x150.png 150w\" sizes=\"(max-width: 600px) 100vw, 600px\" \/><\/a><figcaption class=\"wp-element-caption\">Foulard &#8220;FLEUR ROMANTIQUE&#8221;<\/figcaption><\/figure>\n<\/figure>\n\n\n\n<div style=\"height:30px\" aria-hidden=\"true\" class=\"wp-block-spacer\"><\/div>\n\n\n\n<p>Ne manquez pas aussi notre blog: <a href=\"https:\/\/www.lafabriquedecharpe.fr\/blog\/comment-nouer-son-echarpe-en-5-facons-pour-rester-style-et-au-chaud\/\">Comment nouer son \u00e9charpe en 5 fa\u00e7ons pour rester styl\u00e9 au chaud<\/a><\/p>\n\n\n\n<div style=\"height:100px\" aria-hidden=\"true\" class=\"wp-block-spacer\"><\/div>\n","protected":false},"excerpt":{"rendered":"<p>Les soir\u00e9es fra\u00eeches de l&#8217;\u00e9t\u00e9 n\u00e9cessitent une \u00e9charpe l\u00e9g\u00e8re mais chic. D\u00e9couvrez quelles mati\u00e8res privil\u00e9gier, les couleurs et motifs tendances, et comment porter votre \u00e9charpe pour \u00eatre \u00e0 la fois styl\u00e9 et confortable pendant ces soir\u00e9es estivales.<\/p>\n","protected":false},"author":3,"featured_media":2118,"comment_status":"open","ping_status":"open","sticky":false,"template":"","format":"standard","meta":{"footnotes":""},"categories":[1],"tags":[23,414,394,112,416,22,418,417],"yoast_head":"<!-- This site is optimized with the Yoast SEO plugin v19.9 - https:\/\/yoast.com\/wordpress\/plugins\/seo\/ -->\n<title>Les \u00e9charpes l\u00e9g\u00e8res pour les soir\u00e9es fra\u00eeches de l&#039;\u00e9t\u00e9. - La fabrique d&#039;\u00e9charpe<\/title>\n<meta name=\"description\" content=\"Les soir\u00e9es fra\u00eeches de l&#039;\u00e9t\u00e9 n\u00e9cessitent une \u00e9charpe l\u00e9g\u00e8re mais chic. D\u00e9couvrez quelles mati\u00e8res privil\u00e9gier, les couleurs et motifs tendances, et comment porter votre \u00e9charpe pour \u00eatre \u00e0 la fois styl\u00e9 et confortable pendant ces soir\u00e9es estivales.\" \/>\n<meta name=\"robots\" content=\"index, follow, max-snippet:-1, max-image-preview:large, max-video-preview:-1\" \/>\n<link rel=\"canonical\" href=\"https:\/\/www.lafabriquedecharpe.fr\/blog\/les-echarpes-legeres-pour-les-soirees-fraiches-de-lete\/\" \/>\n<meta property=\"og:locale\" content=\"fr_FR\" \/>\n<meta property=\"og:type\" content=\"article\" \/>\n<meta property=\"og:title\" content=\"Les \u00e9charpes l\u00e9g\u00e8res pour les soir\u00e9es fra\u00eeches de l&#039;\u00e9t\u00e9. - La fabrique d&#039;\u00e9charpe\" \/>\n<meta property=\"og:description\" content=\"Les soir\u00e9es fra\u00eeches de l&#039;\u00e9t\u00e9 n\u00e9cessitent une \u00e9charpe l\u00e9g\u00e8re mais chic. D\u00e9couvrez quelles mati\u00e8res privil\u00e9gier, les couleurs et motifs tendances, et comment porter votre \u00e9charpe pour \u00eatre \u00e0 la fois styl\u00e9 et confortable pendant ces soir\u00e9es estivales.\" \/>\n<meta property=\"og:url\" content=\"https:\/\/www.lafabriquedecharpe.fr\/blog\/les-echarpes-legeres-pour-les-soirees-fraiches-de-lete\/\" \/>\n<meta property=\"og:site_name\" content=\"La fabrique d&#039;\u00e9charpe\" \/>\n<meta property=\"article:published_time\" content=\"2025-06-13T12:26:50+00:00\" \/>\n<meta property=\"article:modified_time\" content=\"2025-06-13T14:29:07+00:00\" \/>\n<meta property=\"og:image\" content=\"https:\/\/www.lafabriquedecharpe.fr\/blog\/wp-content\/uploads\/2025\/06\/Bandeau-echarpes-legeres-pour-les-soirees-fraiches.jpg\" \/>\n\t<meta property=\"og:image:width\" content=\"2111\" \/>\n\t<meta property=\"og:image:height\" content=\"756\" \/>\n\t<meta property=\"og:image:type\" content=\"image\/jpeg\" \/>\n<meta name=\"author\" content=\"Christine DEGURSE\" \/>\n<meta name=\"twitter:card\" content=\"summary_large_image\" \/>\n<meta name=\"twitter:label1\" content=\"\u00c9crit par\" \/>\n\t<meta name=\"twitter:data1\" content=\"Christine DEGURSE\" \/>\n\t<meta name=\"twitter:label2\" content=\"Dur\u00e9e de lecture estim\u00e9e\" \/>\n\t<meta name=\"twitter:data2\" content=\"8 minutes\" \/>\n<!-- \/ Yoast SEO plugin. -->","yoast_head_json":{"title":"Les \u00e9charpes l\u00e9g\u00e8res pour les soir\u00e9es fra\u00eeches de l'\u00e9t\u00e9. - La fabrique d&#039;\u00e9charpe","description":"Les soir\u00e9es fra\u00eeches de l'\u00e9t\u00e9 n\u00e9cessitent une \u00e9charpe l\u00e9g\u00e8re mais chic. D\u00e9couvrez quelles mati\u00e8res privil\u00e9gier, les couleurs et motifs tendances, et comment porter votre \u00e9charpe pour \u00eatre \u00e0 la fois styl\u00e9 et confortable pendant ces soir\u00e9es estivales.","robots":{"index":"index","follow":"follow","max-snippet":"max-snippet:-1","max-image-preview":"max-image-preview:large","max-video-preview":"max-video-preview:-1"},"canonical":"https:\/\/www.lafabriquedecharpe.fr\/blog\/les-echarpes-legeres-pour-les-soirees-fraiches-de-lete\/","og_locale":"fr_FR","og_type":"article","og_title":"Les \u00e9charpes l\u00e9g\u00e8res pour les soir\u00e9es fra\u00eeches de l'\u00e9t\u00e9. - La fabrique d&#039;\u00e9charpe","og_description":"Les soir\u00e9es fra\u00eeches de l'\u00e9t\u00e9 n\u00e9cessitent une \u00e9charpe l\u00e9g\u00e8re mais chic. D\u00e9couvrez quelles mati\u00e8res privil\u00e9gier, les couleurs et motifs tendances, et comment porter votre \u00e9charpe pour \u00eatre \u00e0 la fois styl\u00e9 et confortable pendant ces soir\u00e9es estivales.","og_url":"https:\/\/www.lafabriquedecharpe.fr\/blog\/les-echarpes-legeres-pour-les-soirees-fraiches-de-lete\/","og_site_name":"La fabrique d&#039;\u00e9charpe","article_published_time":"2025-06-13T12:26:50+00:00","article_modified_time":"2025-06-13T14:29:07+00:00","og_image":[{"width":2111,"height":756,"url":"https:\/\/www.lafabriquedecharpe.fr\/blog\/wp-content\/uploads\/2025\/06\/Bandeau-echarpes-legeres-pour-les-soirees-fraiches.jpg","type":"image\/jpeg"}],"author":"Christine DEGURSE","twitter_card":"summary_large_image","twitter_misc":{"\u00c9crit par":"Christine DEGURSE","Dur\u00e9e de lecture estim\u00e9e":"8 minutes"},"schema":{"@context":"https:\/\/schema.org","@graph":[{"@type":"WebPage","@id":"https:\/\/www.lafabriquedecharpe.fr\/blog\/les-echarpes-legeres-pour-les-soirees-fraiches-de-lete\/","url":"https:\/\/www.lafabriquedecharpe.fr\/blog\/les-echarpes-legeres-pour-les-soirees-fraiches-de-lete\/","name":"Les \u00e9charpes l\u00e9g\u00e8res pour les soir\u00e9es fra\u00eeches de l'\u00e9t\u00e9. - La fabrique d&#039;\u00e9charpe","isPartOf":{"@id":"https:\/\/www.lafabriquedecharpe.fr\/blog\/#website"},"datePublished":"2025-06-13T12:26:50+00:00","dateModified":"2025-06-13T14:29:07+00:00","author":{"@id":"https:\/\/www.lafabriquedecharpe.fr\/blog\/#\/schema\/person\/1c703babc8565e57bc1ca3ba0698dabf"},"description":"Les soir\u00e9es fra\u00eeches de l'\u00e9t\u00e9 n\u00e9cessitent une \u00e9charpe l\u00e9g\u00e8re mais chic. D\u00e9couvrez quelles mati\u00e8res privil\u00e9gier, les couleurs et motifs tendances, et comment porter votre \u00e9charpe pour \u00eatre \u00e0 la fois styl\u00e9 et confortable pendant ces soir\u00e9es estivales.","breadcrumb":{"@id":"https:\/\/www.lafabriquedecharpe.fr\/blog\/les-echarpes-legeres-pour-les-soirees-fraiches-de-lete\/#breadcrumb"},"inLanguage":"fr-FR","potentialAction":[{"@type":"ReadAction","target":["https:\/\/www.lafabriquedecharpe.fr\/blog\/les-echarpes-legeres-pour-les-soirees-fraiches-de-lete\/"]}]},{"@type":"BreadcrumbList","@id":"https:\/\/www.lafabriquedecharpe.fr\/blog\/les-echarpes-legeres-pour-les-soirees-fraiches-de-lete\/#breadcrumb","itemListElement":[{"@type":"ListItem","position":1,"name":"Accueil","item":"https:\/\/www.lafabriquedecharpe.fr\/blog\/"},{"@type":"ListItem","position":2,"name":"Les \u00e9charpes l\u00e9g\u00e8res pour les soir\u00e9es fra\u00eeches de l&#8217;\u00e9t\u00e9."}]},{"@type":"WebSite","@id":"https:\/\/www.lafabriquedecharpe.fr\/blog\/#website","url":"https:\/\/www.lafabriquedecharpe.fr\/blog\/","name":"La fabrique d&#039;\u00e9charpe","description":"Le blog","potentialAction":[{"@type":"SearchAction","target":{"@type":"EntryPoint","urlTemplate":"https:\/\/www.lafabriquedecharpe.fr\/blog\/?s={search_term_string}"},"query-input":"required name=search_term_string"}],"inLanguage":"fr-FR"},{"@type":"Person","@id":"https:\/\/www.lafabriquedecharpe.fr\/blog\/#\/schema\/person\/1c703babc8565e57bc1ca3ba0698dabf","name":"Christine DEGURSE","image":{"@type":"ImageObject","inLanguage":"fr-FR","@id":"https:\/\/www.lafabriquedecharpe.fr\/blog\/#\/schema\/person\/image\/","url":"https:\/\/secure.gravatar.com\/avatar\/e41c40d8cae9026978cb106fc14af946?s=96&d=mm&r=g","contentUrl":"https:\/\/secure.gravatar.com\/avatar\/e41c40d8cae9026978cb106fc14af946?s=96&d=mm&r=g","caption":"Christine DEGURSE"},"url":"https:\/\/www.lafabriquedecharpe.fr\/blog\/author\/christine-degursewanadoo-fr\/"}]}},"_links":{"self":[{"href":"https:\/\/www.lafabriquedecharpe.fr\/blog\/wp-json\/wp\/v2\/posts\/2093"}],"collection":[{"href":"https:\/\/www.lafabriquedecharpe.fr\/blog\/wp-json\/wp\/v2\/posts"}],"about":[{"href":"https:\/\/www.lafabriquedecharpe.fr\/blog\/wp-json\/wp\/v2\/types\/post"}],"author":[{"embeddable":true,"href":"https:\/\/www.lafabriquedecharpe.fr\/blog\/wp-json\/wp\/v2\/users\/3"}],"replies":[{"embeddable":true,"href":"https:\/\/www.lafabriquedecharpe.fr\/blog\/wp-json\/wp\/v2\/comments?post=2093"}],"version-history":[{"count":8,"href":"https:\/\/www.lafabriquedecharpe.fr\/blog\/wp-json\/wp\/v2\/posts\/2093\/revisions"}],"predecessor-version":[{"id":2113,"href":"https:\/\/www.lafabriquedecharpe.fr\/blog\/wp-json\/wp\/v2\/posts\/2093\/revisions\/2113"}],"wp:featuredmedia":[{"embeddable":true,"href":"https:\/\/www.lafabriquedecharpe.fr\/blog\/wp-json\/wp\/v2\/media\/2118"}],"wp:attachment":[{"href":"https:\/\/www.lafabriquedecharpe.fr\/blog\/wp-json\/wp\/v2\/media?parent=2093"}],"wp:term":[{"taxonomy":"category","embeddable":true,"href":"https:\/\/www.lafabriquedecharpe.fr\/blog\/wp-json\/wp\/v2\/categories?post=2093"},{"taxonomy":"post_tag","embeddable":true,"href":"https:\/\/www.lafabriquedecharpe.fr\/blog\/wp-json\/wp\/v2\/tags?post=2093"}],"curies":[{"name":"wp","href":"https:\/\/api.w.org\/{rel}","templated":true}]}}