{"id":2213,"date":"2025-08-06T17:11:07","date_gmt":"2025-08-06T15:11:07","guid":{"rendered":"https:\/\/www.lafabriquedecharpe.fr\/blog\/?p=2213"},"modified":"2025-10-01T09:49:16","modified_gmt":"2025-10-01T07:49:16","slug":"echarpe-ete-femme","status":"publish","type":"post","link":"https:\/\/www.lafabriquedecharpe.fr\/blog\/echarpe-ete-femme\/","title":{"rendered":"Echarpe \u00e9t\u00e9 femme: guide d&#8217;achat"},"content":{"rendered":"\n<div style=\"height:100px\" aria-hidden=\"true\" class=\"wp-block-spacer\"><\/div>\n\n\n\n<p>Ca y est, l&#8217;\u00e9t\u00e9 est bien l\u00e0, avec ses longues journ\u00e9es ensoleill\u00e9es, et <strong>l&#8217;\u00e9charpe \u00e9t\u00e9 est l&#8217;accessoire incontournable<\/strong> \u2026 je sais que \u00e7a peut para\u00eetre invraisemblable dit comme \u00e7a, pourquoi rajouter des couches alors qu&#8217;on a d\u00e9j\u00e0 tr\u00e8s chaud ? Pourtant <a href=\"https:\/\/www.lafabriquedecharpe.fr\/cat-les-echarpes-83.htm?matiere=coton&amp;f=1\">cet accessoire \u00e9t\u00e9<\/a> vous permettra de sublimer votre look. Il faut s\u00e9lectionner des mod\u00e8les travaill\u00e9s dans <strong>des mati\u00e8res adapt\u00e9es pour la saison estivale<\/strong> et utiliser leur couleur et leur design pour affirmer votre style. Ce sera <a href=\"https:\/\/www.lafabriquedecharpe.fr\/cat-les-echarpes-83.htm?matiere=soie&amp;sensation=tres-leger&amp;f=1&amp;pagenumber=1\">des foulards l\u00e9gers<\/a>, <a href=\"https:\/\/www.lafabriquedecharpe.fr\/cat-les-echarpes-83.htm?format=cheche&amp;matiere=coton&amp;f=1&amp;pagenumber=1\">des ch\u00e8ches coton <\/a>ou bien <a href=\"https:\/\/www.lafabriquedecharpe.fr\/cat-les-echarpes-83.htm?matiere=cachemire&amp;sensation=mi-saison,leger&amp;f=1&amp;pagenumber=1\">de fines \u00e9toles cachemire<\/a>&#8230;.. <\/p>\n\n\n\n<div style=\"height:30px\" aria-hidden=\"true\" class=\"wp-block-spacer\"><\/div>\n\n\n\n<figure class=\"wp-block-image size-large\"><a href=\"https:\/\/www.lafabriquedecharpe.fr\/art-foulard-coton-soie-bleu-jardin-1596.htm\"><img decoding=\"async\" width=\"683\" height=\"1024\" src=\"https:\/\/www.lafabriquedecharpe.fr\/blog\/wp-content\/uploads\/2025\/07\/annesophiebenoit-lafabriquedecharpe-41-683x1024.jpg\" alt=\"\" class=\"wp-image-2217\" srcset=\"https:\/\/www.lafabriquedecharpe.fr\/blog\/wp-content\/uploads\/2025\/07\/annesophiebenoit-lafabriquedecharpe-41-683x1024.jpg 683w, https:\/\/www.lafabriquedecharpe.fr\/blog\/wp-content\/uploads\/2025\/07\/annesophiebenoit-lafabriquedecharpe-41-200x300.jpg 200w, https:\/\/www.lafabriquedecharpe.fr\/blog\/wp-content\/uploads\/2025\/07\/annesophiebenoit-lafabriquedecharpe-41-768x1152.jpg 768w, https:\/\/www.lafabriquedecharpe.fr\/blog\/wp-content\/uploads\/2025\/07\/annesophiebenoit-lafabriquedecharpe-41-1024x1536.jpg 1024w, https:\/\/www.lafabriquedecharpe.fr\/blog\/wp-content\/uploads\/2025\/07\/annesophiebenoit-lafabriquedecharpe-41.jpg 1067w\" sizes=\"(max-width: 683px) 100vw, 683px\" \/><\/a><figcaption class=\"wp-element-caption\">Foulard coton\/soie imprim\u00e9 &#8220;Jardin&#8221;<\/figcaption><\/figure>\n\n\n\n<div style=\"height:30px\" aria-hidden=\"true\" class=\"wp-block-spacer\"><\/div>\n\n\n\n<p class=\"has-large-font-size\"><strong>D\u00e9couvrez notre guide d&#8217;achat pour vous aider \u00e0 choisir votre \u00e9charpe \u00e9t\u00e9 femme :<\/strong><\/p>\n\n\n\n<div style=\"height:30px\" aria-hidden=\"true\" class=\"wp-block-spacer\"><\/div>\n\n\n\n<h2 class=\"wp-block-heading\">Pourquoi porter une \u00e9charpe en \u00e9t\u00e9 ?<\/h2>\n\n\n\n<div style=\"height:30px\" aria-hidden=\"true\" class=\"wp-block-spacer\"><\/div>\n\n\n\n<p>Porter un foulard ou une \u00e9charpe en \u00e9t\u00e9 offre de nombreux avantages qui vont au-del\u00e0 du cot\u00e9 esth\u00e9tique et d\u00e9coratif. Cet accessoire tr\u00e8s pratique, souvent n\u00e9glig\u00e9 en \u00e9t\u00e9, peut jouer en r\u00f4le essentiel dans<strong> la protection de la peau contre le soleil<\/strong>, apporter <strong>confort et fra\u00eecheur<\/strong>, tout en ajoutant <strong>une touche styl\u00e9e<\/strong> \u00e0 votre tenue.<\/p>\n\n\n\n<div style=\"height:30px\" aria-hidden=\"true\" class=\"wp-block-spacer\"><\/div>\n\n\n\n<ul>\n<li> <strong>Une protection solaire efficace<\/strong> : Une bonne raison de porter un foulard l&#8217;\u00e9t\u00e9 est sa capacit\u00e9 \u00e0 prot\u00e9ger la peau contre le soleil. Il est une protection solaire efficace contre les rayons UV nocifs, r\u00e9duisant ainsi les &#8220;coups de soleil&#8221;. Exposez r\u00e9guli\u00e8rement la peau au soleil sans protection entra\u00eene l&#8217;apparition de rides pr\u00e9matur\u00e9es, et t\u00e2ches solaire. <a href=\"https:\/\/www.lafabriquedecharpe.fr\/cat-les-echarpes-83.htm?format=foulard&amp;matiere=soie&amp;f=1&amp;pagenumber=1\">Une petite \u00e9charpe \u00e9t\u00e9<\/a> sera tr\u00e8s utile pour pr\u00e9server la jeunesse de votre peau. Elle peut \u00eatre aussi une alternative naturelle aux cr\u00e8mes solaires chimiques, facile \u00e0 ajuster pour couvrir les zones les plus expos\u00e9es comme les \u00e9paules, le d\u00e9collet\u00e9 et les bras.<\/li>\n<\/ul>\n\n\n\n<div style=\"height:30px\" aria-hidden=\"true\" class=\"wp-block-spacer\"><\/div>\n\n\n\n<ul>\n<li> <strong>Confort et fra\u00eecheur pour l&#8217;\u00e9t\u00e9<\/strong> : en d\u00e9pit de la chaleur, <a href=\"https:\/\/www.lafabriquedecharpe.fr\/cat-les-echarpes-83.htm?format=foulard&amp;matiere=coton,soie&amp;sensation=tres-leger&amp;f=1&amp;pagenumber=1\">un foulard ou \u00e9charpe d&#8217;\u00e9t\u00e9<\/a> vous offrira une sensation rafra\u00eechissante si vous choisissez des mati\u00e8res l\u00e9g\u00e8res thermor\u00e9gulatrice et a\u00e9r\u00e9es comme le coton, le lin ou la soie.<\/li>\n<\/ul>\n\n\n\n<div style=\"height:30px\" aria-hidden=\"true\" class=\"wp-block-spacer\"><\/div>\n\n\n\n<ul>\n<li><strong>Une touche styl\u00e9e <\/strong>: le foulard est un accessoire de mode extr\u00eamement polyvalent permettant de sublimer votre look estival avec simplicit\u00e9. Son usage ne se limite pas \u00e0 l&#8217;enrouler autour du cou, mais vous pouvez varier les fa\u00e7ons de le nouer. Au del\u00e0 du n\u0153ud classique autour du cou, essayez de le porter en bandeau autour de la t\u00eate, en ceinture autour de la taille, en pochette dans la poche d&#8217;une veste, en bracelet, attach\u00e9 au sac \u00e0 main&#8230;Un foulard bien choisi compl\u00e8te \u00e0 merveille une large gamme de tenues estivales.<\/li>\n<\/ul>\n\n\n\n<div style=\"height:30px\" aria-hidden=\"true\" class=\"wp-block-spacer\"><\/div>\n\n\n\n<figure class=\"wp-block-image size-large\"><a href=\"https:\/\/www.lafabriquedecharpe.fr\/art-etole-soie-unie-jaune-safran-1331.htm\"><img decoding=\"async\" width=\"683\" height=\"1024\" src=\"https:\/\/www.lafabriquedecharpe.fr\/blog\/wp-content\/uploads\/2025\/07\/annesophiebenoit-lafabriquedecharpe-63-683x1024.jpg\" alt=\"\" class=\"wp-image-2222\" srcset=\"https:\/\/www.lafabriquedecharpe.fr\/blog\/wp-content\/uploads\/2025\/07\/annesophiebenoit-lafabriquedecharpe-63-683x1024.jpg 683w, https:\/\/www.lafabriquedecharpe.fr\/blog\/wp-content\/uploads\/2025\/07\/annesophiebenoit-lafabriquedecharpe-63-200x300.jpg 200w, https:\/\/www.lafabriquedecharpe.fr\/blog\/wp-content\/uploads\/2025\/07\/annesophiebenoit-lafabriquedecharpe-63-768x1152.jpg 768w, https:\/\/www.lafabriquedecharpe.fr\/blog\/wp-content\/uploads\/2025\/07\/annesophiebenoit-lafabriquedecharpe-63-1024x1536.jpg 1024w, https:\/\/www.lafabriquedecharpe.fr\/blog\/wp-content\/uploads\/2025\/07\/annesophiebenoit-lafabriquedecharpe-63.jpg 1067w\" sizes=\"(max-width: 683px) 100vw, 683px\" \/><\/a><figcaption class=\"wp-element-caption\">Etole \u00e9t\u00e9 100%soie jaune safran<\/figcaption><\/figure>\n\n\n\n<div style=\"height:30px\" aria-hidden=\"true\" class=\"wp-block-spacer\"><\/div>\n\n\n\n<h2 class=\"wp-block-heading\">Quelles mati\u00e8res privil\u00e9gier pour l&#8217;\u00e9t\u00e9 ?<\/h2>\n\n\n\n<div style=\"height:30px\" aria-hidden=\"true\" class=\"wp-block-spacer\"><\/div>\n\n\n\n<p>Les mati\u00e8res id\u00e9ales \u00e0 privil\u00e9gier pour affronter les chaleurs sont<strong> les mati\u00e8res naturelles<\/strong> comme le coton, le lin ou la soie. Ce sont <strong>des mati\u00e8res respirantes<\/strong> particuli\u00e8rement adapt\u00e9es pour l&#8217;\u00e9t\u00e9. Leur texture l\u00e9g\u00e8re \u00e9vite de garder la chaleur pr\u00e8s de la peau. Et ajout\u00e9 \u00e0 un toucher ultra doux, elles offrent un <strong>confort optimum<\/strong>. Saviez-vous que la soie, gr\u00e2ce \u00e0 ses propri\u00e9t\u00e9s isothermiques, isole en hiver et rafra\u00eechit en \u00e9t\u00e9?<\/p>\n\n\n\n<div style=\"height:30px\" aria-hidden=\"true\" class=\"wp-block-spacer\"><\/div>\n\n\n\n<p>De plus, ces mati\u00e8res naturelles sont <strong>absorbantes<\/strong>. Port\u00e9e autour du cou ou en bandeau autour de la t\u00eate, elles absorbent la transpiration pour garder la peau s\u00e8che.<\/p>\n\n\n\n<div style=\"height:30px\" aria-hidden=\"true\" class=\"wp-block-spacer\"><\/div>\n\n\n\n<p>Aujourd&#8217;hui, la r\u00e9duction de notre impact environnemental est un vrai sujet de soci\u00e9t\u00e9. Un foulard en mati\u00e8re naturelle et durable est <strong>un choix \u00e9cologique <\/strong>et refl\u00e8te un esprit engag\u00e9. <\/p>\n\n\n\n<div style=\"height:30px\" aria-hidden=\"true\" class=\"wp-block-spacer\"><\/div>\n\n\n\n<p>Pour finir, acheter ou offrir <a href=\"https:\/\/www.lafabriquedecharpe.fr\/cat-les-echarpes-83.htm?format=foulard&amp;f=1&amp;pagenumber=1\">un foulard \u00e9t\u00e9 de qualit\u00e9<\/a>, c&#8217;est-\u00e0-dire avec une dur\u00e9e de vie sup\u00e9rieure, favorise la r\u00e9duction de la consommation de v\u00eatements. De m\u00eame l\u2019utilisation strat\u00e9gique des accessoires comme les foulards peut prolonger la dur\u00e9e de vie de votre garde-robe en ajoutant de la vari\u00e9t\u00e9 sans n\u00e9cessairement acheter constamment de nouvelles pi\u00e8ces; <strong>un geste \u00e9cologique pour la plan\u00e8te<\/strong>.<\/p>\n\n\n\n<div style=\"height:30px\" aria-hidden=\"true\" class=\"wp-block-spacer\"><\/div>\n\n\n\n<figure class=\"wp-block-gallery has-nested-images columns-default is-cropped wp-block-gallery-1 is-layout-flex wp-block-gallery-is-layout-flex\">\n<figure class=\"wp-block-image size-large\"><a href=\"https:\/\/www.lafabriquedecharpe.fr\/art-cheche-coton-bio-bleu-jean-jardin-1757.htm\"><img decoding=\"async\" width=\"600\" height=\"600\" data-id=\"2219\" src=\"https:\/\/www.lafabriquedecharpe.fr\/blog\/wp-content\/uploads\/2025\/07\/ar-cheche-coton-bio-bleu-jean-jardin-1757_7371.png\" alt=\"\" class=\"wp-image-2219\" srcset=\"https:\/\/www.lafabriquedecharpe.fr\/blog\/wp-content\/uploads\/2025\/07\/ar-cheche-coton-bio-bleu-jean-jardin-1757_7371.png 600w, https:\/\/www.lafabriquedecharpe.fr\/blog\/wp-content\/uploads\/2025\/07\/ar-cheche-coton-bio-bleu-jean-jardin-1757_7371-300x300.png 300w, https:\/\/www.lafabriquedecharpe.fr\/blog\/wp-content\/uploads\/2025\/07\/ar-cheche-coton-bio-bleu-jean-jardin-1757_7371-150x150.png 150w\" sizes=\"(max-width: 600px) 100vw, 600px\" \/><\/a><figcaption class=\"wp-element-caption\">Bio Jardin<\/figcaption><\/figure>\n\n\n\n<figure class=\"wp-block-image size-large\"><a href=\"https:\/\/www.lafabriquedecharpe.fr\/art-cheche-coton-bio-bleu-marine-life-987.htm\"><img decoding=\"async\" width=\"600\" height=\"600\" data-id=\"2221\" src=\"https:\/\/www.lafabriquedecharpe.fr\/blog\/wp-content\/uploads\/2025\/07\/ar-cheche-coton-bio-bleu-marine-life-987.png\" alt=\"\" class=\"wp-image-2221\" srcset=\"https:\/\/www.lafabriquedecharpe.fr\/blog\/wp-content\/uploads\/2025\/07\/ar-cheche-coton-bio-bleu-marine-life-987.png 600w, https:\/\/www.lafabriquedecharpe.fr\/blog\/wp-content\/uploads\/2025\/07\/ar-cheche-coton-bio-bleu-marine-life-987-300x300.png 300w, https:\/\/www.lafabriquedecharpe.fr\/blog\/wp-content\/uploads\/2025\/07\/ar-cheche-coton-bio-bleu-marine-life-987-150x150.png 150w\" sizes=\"(max-width: 600px) 100vw, 600px\" \/><\/a><figcaption class=\"wp-element-caption\">Bio Life<\/figcaption><\/figure>\n\n\n\n<figure class=\"wp-block-image size-large\"><a href=\"https:\/\/www.lafabriquedecharpe.fr\/art-cheche-coton-bio-modal-bleu-egypte-978.htm\"><img decoding=\"async\" width=\"600\" height=\"600\" data-id=\"2220\" src=\"https:\/\/www.lafabriquedecharpe.fr\/blog\/wp-content\/uploads\/2025\/07\/ar-cheche-coton-bio-modal-bleu-egypte-978_7380.png\" alt=\"\" class=\"wp-image-2220\" srcset=\"https:\/\/www.lafabriquedecharpe.fr\/blog\/wp-content\/uploads\/2025\/07\/ar-cheche-coton-bio-modal-bleu-egypte-978_7380.png 600w, https:\/\/www.lafabriquedecharpe.fr\/blog\/wp-content\/uploads\/2025\/07\/ar-cheche-coton-bio-modal-bleu-egypte-978_7380-300x300.png 300w, https:\/\/www.lafabriquedecharpe.fr\/blog\/wp-content\/uploads\/2025\/07\/ar-cheche-coton-bio-modal-bleu-egypte-978_7380-150x150.png 150w\" sizes=\"(max-width: 600px) 100vw, 600px\" \/><\/a><figcaption class=\"wp-element-caption\">Bio Egypte<\/figcaption><\/figure>\n<figcaption class=\"blocks-gallery-caption wp-element-caption\"> des mod\u00e8les de foulards \u00e9t\u00e9 en coton BIO et modal <\/figcaption><\/figure>\n\n\n\n<div style=\"height:30px\" aria-hidden=\"true\" class=\"wp-block-spacer\"><\/div>\n\n\n\n<h2 class=\"wp-block-heading\">Formes, tailles et style : comment choisir son \u00e9charpe d&#8217;\u00e9t\u00e9 ?<\/h2>\n\n\n\n<div style=\"height:30px\" aria-hidden=\"true\" class=\"wp-block-spacer\"><\/div>\n\n\n\n<p>Si la mati\u00e8re est l\u00e9g\u00e8re confortable et a\u00e9r\u00e9e, la forme et la taille importent peu, c&#8217;est une histoire de go\u00fbt, de tendance et de style.<\/p>\n\n\n\n<p>Le foulard est un excellent moyen de montrer <strong>sa cr\u00e9ativit\u00e9<\/strong> en mati\u00e8re de mode. Une multitude de motifs de couleurs, de tailles, et suivant comme vous le porter, un foulard refl\u00e8te votre humeur et votre personnalit\u00e9 chaque jour, exprimant <strong>votre style personnel et unique<\/strong>.<\/p>\n\n\n\n<div style=\"height:30px\" aria-hidden=\"true\" class=\"wp-block-spacer\"><\/div>\n\n\n\n<h3 class=\"wp-block-heading\">La forme et la taille:<\/h3>\n\n\n\n<div style=\"height:30px\" aria-hidden=\"true\" class=\"wp-block-spacer\"><\/div>\n\n\n\n<ul>\n<li><strong>Les grandes \u00e9toles ou \u00e9charpes longues<\/strong>: pour l&#8217;\u00e9t\u00e9, choisissez des \u00e9toles en soie l\u00e9g\u00e8res et vaporeuses qui voleront autour de votre silhouette pour un style chic et \u00e9l\u00e9gant. Dans un tout autre style, plus d\u00e9contract\u00e9, vous aimerez les \u00e9toles \u00e0 base de coton, de lin qu&#8217;on appelle <a href=\"https:\/\/www.lafabriquedecharpe.fr\/cat-les-echarpes-83.htm?format=cheche&amp;sensation=leger&amp;f=1&amp;pagenumber=1\">ch\u00e8ches<\/a>. Id\u00e9al pour vous prot\u00e9ger du soleil aussi bien que de la fra\u00eecheur du soir, ils se portent pr\u00e8s du cou mais aussi simplement en ch\u00e2le sur les \u00e9paules. Dimensions parfaites pour mettre en valeur un style boh\u00e8me.<\/li>\n<\/ul>\n\n\n\n<div style=\"height:30px\" aria-hidden=\"true\" class=\"wp-block-spacer\"><\/div>\n\n\n\n<ul>\n<li><strong>Les plus petits formats<\/strong> en soie ou en coton sont pratiques pour glisser dans votre valise. C&#8217;est un autre avantage <a href=\"https:\/\/www.lafabriquedecharpe.fr\/cat-les-echarpes-83.htm?format=foulard&amp;sensation=leger&amp;f=1&amp;pagenumber=1\">des foulards<\/a>, ils peuvent \u00eatre emport\u00e9e partout et lav\u00e9s rapidement, toujours pr\u00eats pour une nouvelle aventure estivale.<\/li>\n<\/ul>\n\n\n\n<div style=\"height:30px\" aria-hidden=\"true\" class=\"wp-block-spacer\"><\/div>\n\n\n\n<ul>\n<li><strong>Les foulards carr\u00e9s<\/strong> sont tr\u00e8s appr\u00e9ci\u00e9es aussi. Le carr\u00e9 90x90cm classique en twill de soie imprim\u00e9 est une pi\u00e8ce polyvalente, un incontournable dans votre dressing. Avec multiple fa\u00e7ons de le porter, il se pare de motifs originaux aux coloris flamboyants pour apporter <strong>une touche de fantaisie \u00e0 votre look<\/strong>.<\/li>\n<\/ul>\n\n\n\n<div style=\"height:30px\" aria-hidden=\"true\" class=\"wp-block-spacer\"><\/div>\n\n\n\n<figure class=\"wp-block-gallery has-nested-images columns-default is-cropped wp-block-gallery-3 is-layout-flex wp-block-gallery-is-layout-flex\">\n<figure class=\"wp-block-image size-large\"><a href=\"https:\/\/www.lafabriquedecharpe.fr\/art-cheche-coton-lin-rose-versailles-1736.htm\"><img decoding=\"async\" width=\"600\" height=\"600\" data-id=\"2223\" src=\"https:\/\/www.lafabriquedecharpe.fr\/blog\/wp-content\/uploads\/2025\/07\/ar-cheche-coton-lin-rose-versailles-1736.png\" alt=\"\" class=\"wp-image-2223\" srcset=\"https:\/\/www.lafabriquedecharpe.fr\/blog\/wp-content\/uploads\/2025\/07\/ar-cheche-coton-lin-rose-versailles-1736.png 600w, https:\/\/www.lafabriquedecharpe.fr\/blog\/wp-content\/uploads\/2025\/07\/ar-cheche-coton-lin-rose-versailles-1736-300x300.png 300w, https:\/\/www.lafabriquedecharpe.fr\/blog\/wp-content\/uploads\/2025\/07\/ar-cheche-coton-lin-rose-versailles-1736-150x150.png 150w\" sizes=\"(max-width: 600px) 100vw, 600px\" \/><\/a><figcaption class=\"wp-element-caption\">Ch\u00e8che coton\/lin &#8220;Versailles&#8221;<\/figcaption><\/figure>\n\n\n\n<figure class=\"wp-block-image size-large\"><a href=\"https:\/\/www.lafabriquedecharpe.fr\/art-duo-de-soie-jaune-fleur-solaire-1253.htm\"><img decoding=\"async\" width=\"600\" height=\"600\" data-id=\"2224\" src=\"https:\/\/www.lafabriquedecharpe.fr\/blog\/wp-content\/uploads\/2025\/07\/ar-duo-de-soie-jaune-fleur-solaire-1253.png\" alt=\"\" class=\"wp-image-2224\" srcset=\"https:\/\/www.lafabriquedecharpe.fr\/blog\/wp-content\/uploads\/2025\/07\/ar-duo-de-soie-jaune-fleur-solaire-1253.png 600w, https:\/\/www.lafabriquedecharpe.fr\/blog\/wp-content\/uploads\/2025\/07\/ar-duo-de-soie-jaune-fleur-solaire-1253-300x300.png 300w, https:\/\/www.lafabriquedecharpe.fr\/blog\/wp-content\/uploads\/2025\/07\/ar-duo-de-soie-jaune-fleur-solaire-1253-150x150.png 150w\" sizes=\"(max-width: 600px) 100vw, 600px\" \/><\/a><figcaption class=\"wp-element-caption\">Duo de soie fleurs solaires<\/figcaption><\/figure>\n<\/figure>\n\n\n\n<div style=\"height:30px\" aria-hidden=\"true\" class=\"wp-block-spacer\"><\/div>\n\n\n\n<h2 class=\"wp-block-heading\">Ou acheter une \u00e9charpe d&#8217;\u00e9t\u00e9 pour femme ?<\/h2>\n\n\n\n<div style=\"height:30px\" aria-hidden=\"true\" class=\"wp-block-spacer\"><\/div>\n\n\n\n<h3 class=\"wp-block-heading\">Les magasins de pr\u00eat-\u00e0-porter<\/h3>\n\n\n\n<p>Vous pouvez trouver des \u00e9charpes \u00e9t\u00e9 pour femme <strong>dans vos magasins de pr\u00eat-\u00e0-porter<\/strong>, mais le choix est tr\u00e8s limit\u00e9, il n&#8217;y aura que 4\/5 mod\u00e8les d\u00e9clin\u00e9s en 2\/3 coloris. Et g\u00e9n\u00e9ralement des mod\u00e8les qui s&#8217;assortissent aux v\u00eatements propos\u00e9s.<\/p>\n\n\n\n<div style=\"height:30px\" aria-hidden=\"true\" class=\"wp-block-spacer\"><\/div>\n\n\n\n<h3 class=\"wp-block-heading\">Les magasins d&#8217;accessoires<\/h3>\n\n\n\n<p>Ensuite vous avez <strong>des magasins d&#8217;accessoires<\/strong>, magasins tr\u00e8s sp\u00e9cialis\u00e9s multimarques, qui aujourd&#8217;hui disparaissent les uns apr\u00e8s les autres. Bien s\u00fbrs, le choix est plus int\u00e9ressant dans ces boutiques. Vous trouverez des accessoires dans tous les coloris, des dimensions et mati\u00e8res diff\u00e9rentes. Mais g\u00e9n\u00e9ralement, il vous sera propos\u00e9 des \u00e9charpes unies, ou \u00e0 motifs &#8220;classique&#8221; dans des coloris ordinaires, \u00e0 des prix parfois au-dessus du march\u00e9. <\/p>\n\n\n\n<div style=\"height:30px\" aria-hidden=\"true\" class=\"wp-block-spacer\"><\/div>\n\n\n\n<h3 class=\"wp-block-heading\">Les boutiques en ligne<\/h3>\n\n\n\n<p>Cependant si vous recherchez un style personnel, un design original et des coloris particuliers, il faudra vous rendre <strong>sur le net<\/strong>. Le choix sera abondant, peut-\u00eatre un peu trop !!! Le conseil que nous avons envie de vous donner, c&#8217;est de rep\u00e9rer les marques \u00e9thiques qui travaillent les mat\u00e9riaux naturels uniquement. Apr\u00e8s, ce n&#8217;est qu&#8217;une question de go\u00fbt,  elles se diff\u00e9rencient par le design, les couleurs et les formes.<\/p>\n\n\n\n<div style=\"height:30px\" aria-hidden=\"true\" class=\"wp-block-spacer\"><\/div>\n\n\n\n<h3 class=\"wp-block-heading\">La Fabrique d&#8217;\u00e9charpe: boutique en ligne sp\u00e9cialis\u00e9e<\/h3>\n\n\n\n<p><a href=\"https:\/\/www.lafabriquedecharpe.fr\/cat-les-echarpes-83.htm\">La Fabrique d&#8217;\u00e9charpe.fr<\/a>  est <strong>la boutique en ligne de r\u00e9f\u00e9rence<\/strong>. Elle est sp\u00e9cialis\u00e9e dans <a href=\"https:\/\/www.lafabriquedecharpe.fr\/fabrique.htm\">la fabrication <\/a>d&#8217;\u00e9charpes, de foulards, d&#8217;\u00e9toles exclusivement en mati\u00e8res naturelles, <a href=\"https:\/\/www.lafabriquedecharpe.fr\/cat-les-echarpes-83.htm?matiere=laine&amp;f=1\">laine M\u00e9rinos<\/a>, <a href=\"https:\/\/www.lafabriquedecharpe.fr\/cat-les-echarpes-83.htm?matiere=soie&amp;f=1\">soie<\/a>, soie BIO, cachemire, <a href=\"https:\/\/www.lafabriquedecharpe.fr\/cat-les-echarpes-83.htm?matiere=coton&amp;f=1\">coton,<\/a> coton BIO, lin, modal&#8230;.<strong>plus 600 mod\u00e8les diff\u00e9rents<\/strong> sont en stock avec des motifs jacquard ou imprim\u00e9s, des unis de toutes les couleurs, des petites \u00e9charpes jusqu&#8217;au grand carr\u00e9 cocooning&#8230; de tous les styles \u00e0 des prix directs fabricants. Vous trouverez forc\u00e9ment<a href=\"https:\/\/www.lafabriquedecharpe.fr\/cat-les-echarpes-83.htm?sensation=tres-leger,leger&amp;f=1&amp;pagenumber=1\"> l&#8217;\u00e9charpe \u00e9t\u00e9<\/a> qui vous convient, l&#8217;\u00e9charpe qui apportera <strong>la note originale, chic et \u00e9l\u00e9gante<\/strong> \u00e0 votre look. <\/p>\n\n\n\n<div style=\"height:30px\" aria-hidden=\"true\" class=\"wp-block-spacer\"><\/div>\n\n\n\n<figure class=\"wp-block-image size-full is-resized\"><a href=\"https:\/\/www.lafabriquedecharpe.fr\/art-etole-coton-soie-bleu-ciel-marina-1385.htm\"><img decoding=\"async\" width=\"600\" height=\"600\" src=\"https:\/\/www.lafabriquedecharpe.fr\/blog\/wp-content\/uploads\/2025\/07\/ar-etole-coton-soie-bleu-ciel-marina-1385.png\" alt=\"\" class=\"wp-image-2225\" style=\"aspect-ratio:1;width:840px;height:auto\" srcset=\"https:\/\/www.lafabriquedecharpe.fr\/blog\/wp-content\/uploads\/2025\/07\/ar-etole-coton-soie-bleu-ciel-marina-1385.png 600w, https:\/\/www.lafabriquedecharpe.fr\/blog\/wp-content\/uploads\/2025\/07\/ar-etole-coton-soie-bleu-ciel-marina-1385-300x300.png 300w, https:\/\/www.lafabriquedecharpe.fr\/blog\/wp-content\/uploads\/2025\/07\/ar-etole-coton-soie-bleu-ciel-marina-1385-150x150.png 150w\" sizes=\"(max-width: 600px) 100vw, 600px\" \/><\/a><figcaption class=\"wp-element-caption\">Etole coton\/soie Marina de La Fabrique d&#8217;\u00e9charpe<\/figcaption><\/figure>\n\n\n\n<div style=\"height:30px\" aria-hidden=\"true\" class=\"wp-block-spacer\"><\/div>\n\n\n\n<p>D\u00e9couvrez nos blogs:<\/p>\n\n\n\n<div style=\"height:30px\" aria-hidden=\"true\" class=\"wp-block-spacer\"><\/div>\n\n\n\n<p><a href=\"http:\/\/La fen\u00eatre oscillo-battante s'ouvre de deux mani\u00e8res diff\u00e9rentes. Si vous souhaitez ouvrir la menuiserie \u00e0 la fran\u00e7aise \u2014 lat\u00e9ralement et dans le logement \u2014 tournez la poign\u00e9e \u00e0 l'horizontale. Si vous pr\u00e9f\u00e9rez simplement ouvrir le vantail en hauteur, tournez la poign\u00e9e vers le haut, \u00e0 la verticale.\">Accessoiriser une tenue printani\u00e8re avec une \u00e9charpe: inspirations et id\u00e9es de looks<\/a>.<\/p>\n\n\n\n<p>ou<\/p>\n\n\n\n<p><a href=\"https:\/\/www.lafabriquedecharpe.fr\/blog\/echarpe-mi-saison\/\">Les couleurs d&#8217;\u00e9charpes \u00e0 adopter en mars pour anticiper le printemps<\/a><\/p>\n\n\n\n<p>ou<\/p>\n\n\n\n<p><a href=\"https:\/\/www.lafabriquedecharpe.fr\/blog\/echarpe-de-qualite\/\">Accessoires intemporels: pourquoi investir dans une \u00e9charpe de qualit\u00e9?<\/a><\/p>\n\n\n\n<div style=\"height:100px\" aria-hidden=\"true\" class=\"wp-block-spacer\"><\/div>\n","protected":false},"excerpt":{"rendered":"<p>L\u00e9g\u00e8re, styl\u00e9e et id\u00e9ale pour les beaux jours, l&#8217;\u00e9charpe d&#8217;\u00e9t\u00e9 pour femme est un incontournable. D\u00e9couvrez comment la choisir selon la mati\u00e8re, le style, les couleurs et o\u00f9 l&#8217;acheter au meilleur prix<\/p>\n","protected":false},"author":3,"featured_media":2298,"comment_status":"open","ping_status":"open","sticky":false,"template":"","format":"standard","meta":{"footnotes":""},"categories":[1],"tags":[23,90,304,429,431,119,430,112,156,22],"yoast_head":"<!-- This site is optimized with the Yoast SEO plugin v19.9 - https:\/\/yoast.com\/wordpress\/plugins\/seo\/ -->\n<title>Echarpe \u00e9t\u00e9 femme: guide d&#039;achat - La fabrique d&#039;\u00e9charpe<\/title>\n<meta name=\"description\" content=\"L\u00e9g\u00e8re, styl\u00e9e et id\u00e9ale pour les beaux jours, l&#039;\u00e9charpe d&#039;\u00e9t\u00e9 pour femme est un incontournable. D\u00e9couvrez comment la choisir selon la mati\u00e8re, le style, les couleurs et o\u00f9 l&#039;acheter au meilleur prix\" \/>\n<meta name=\"robots\" content=\"index, follow, max-snippet:-1, max-image-preview:large, max-video-preview:-1\" \/>\n<link rel=\"canonical\" href=\"https:\/\/www.lafabriquedecharpe.fr\/blog\/echarpe-ete-femme\/\" \/>\n<meta property=\"og:locale\" content=\"fr_FR\" \/>\n<meta property=\"og:type\" content=\"article\" \/>\n<meta property=\"og:title\" content=\"Echarpe \u00e9t\u00e9 femme: guide d&#039;achat - La fabrique d&#039;\u00e9charpe\" \/>\n<meta property=\"og:description\" content=\"L\u00e9g\u00e8re, styl\u00e9e et id\u00e9ale pour les beaux jours, l&#039;\u00e9charpe d&#039;\u00e9t\u00e9 pour femme est un incontournable. D\u00e9couvrez comment la choisir selon la mati\u00e8re, le style, les couleurs et o\u00f9 l&#039;acheter au meilleur prix\" \/>\n<meta property=\"og:url\" content=\"https:\/\/www.lafabriquedecharpe.fr\/blog\/echarpe-ete-femme\/\" \/>\n<meta property=\"og:site_name\" content=\"La fabrique d&#039;\u00e9charpe\" \/>\n<meta property=\"article:published_time\" content=\"2025-08-06T15:11:07+00:00\" \/>\n<meta property=\"article:modified_time\" content=\"2025-10-01T07:49:16+00:00\" \/>\n<meta property=\"og:image\" content=\"https:\/\/www.lafabriquedecharpe.fr\/blog\/wp-content\/uploads\/2025\/10\/Echarpe-ete-guide-achat.jpg\" \/>\n\t<meta property=\"og:image:width\" content=\"2111\" \/>\n\t<meta property=\"og:image:height\" content=\"756\" \/>\n\t<meta property=\"og:image:type\" content=\"image\/jpeg\" \/>\n<meta name=\"author\" content=\"Christine DEGURSE\" \/>\n<meta name=\"twitter:card\" content=\"summary_large_image\" \/>\n<meta name=\"twitter:label1\" content=\"\u00c9crit par\" \/>\n\t<meta name=\"twitter:data1\" content=\"Christine DEGURSE\" \/>\n\t<meta name=\"twitter:label2\" content=\"Dur\u00e9e de lecture estim\u00e9e\" \/>\n\t<meta name=\"twitter:data2\" content=\"7 minutes\" \/>\n<!-- \/ Yoast SEO plugin. -->","yoast_head_json":{"title":"Echarpe \u00e9t\u00e9 femme: guide d'achat - La fabrique d&#039;\u00e9charpe","description":"L\u00e9g\u00e8re, styl\u00e9e et id\u00e9ale pour les beaux jours, l'\u00e9charpe d'\u00e9t\u00e9 pour femme est un incontournable. D\u00e9couvrez comment la choisir selon la mati\u00e8re, le style, les couleurs et o\u00f9 l'acheter au meilleur prix","robots":{"index":"index","follow":"follow","max-snippet":"max-snippet:-1","max-image-preview":"max-image-preview:large","max-video-preview":"max-video-preview:-1"},"canonical":"https:\/\/www.lafabriquedecharpe.fr\/blog\/echarpe-ete-femme\/","og_locale":"fr_FR","og_type":"article","og_title":"Echarpe \u00e9t\u00e9 femme: guide d'achat - La fabrique d&#039;\u00e9charpe","og_description":"L\u00e9g\u00e8re, styl\u00e9e et id\u00e9ale pour les beaux jours, l'\u00e9charpe d'\u00e9t\u00e9 pour femme est un incontournable. D\u00e9couvrez comment la choisir selon la mati\u00e8re, le style, les couleurs et o\u00f9 l'acheter au meilleur prix","og_url":"https:\/\/www.lafabriquedecharpe.fr\/blog\/echarpe-ete-femme\/","og_site_name":"La fabrique d&#039;\u00e9charpe","article_published_time":"2025-08-06T15:11:07+00:00","article_modified_time":"2025-10-01T07:49:16+00:00","og_image":[{"width":2111,"height":756,"url":"https:\/\/www.lafabriquedecharpe.fr\/blog\/wp-content\/uploads\/2025\/10\/Echarpe-ete-guide-achat.jpg","type":"image\/jpeg"}],"author":"Christine DEGURSE","twitter_card":"summary_large_image","twitter_misc":{"\u00c9crit par":"Christine DEGURSE","Dur\u00e9e de lecture estim\u00e9e":"7 minutes"},"schema":{"@context":"https:\/\/schema.org","@graph":[{"@type":"WebPage","@id":"https:\/\/www.lafabriquedecharpe.fr\/blog\/echarpe-ete-femme\/","url":"https:\/\/www.lafabriquedecharpe.fr\/blog\/echarpe-ete-femme\/","name":"Echarpe \u00e9t\u00e9 femme: guide d'achat - La fabrique d&#039;\u00e9charpe","isPartOf":{"@id":"https:\/\/www.lafabriquedecharpe.fr\/blog\/#website"},"datePublished":"2025-08-06T15:11:07+00:00","dateModified":"2025-10-01T07:49:16+00:00","author":{"@id":"https:\/\/www.lafabriquedecharpe.fr\/blog\/#\/schema\/person\/1c703babc8565e57bc1ca3ba0698dabf"},"description":"L\u00e9g\u00e8re, styl\u00e9e et id\u00e9ale pour les beaux jours, l'\u00e9charpe d'\u00e9t\u00e9 pour femme est un incontournable. D\u00e9couvrez comment la choisir selon la mati\u00e8re, le style, les couleurs et o\u00f9 l'acheter au meilleur prix","breadcrumb":{"@id":"https:\/\/www.lafabriquedecharpe.fr\/blog\/echarpe-ete-femme\/#breadcrumb"},"inLanguage":"fr-FR","potentialAction":[{"@type":"ReadAction","target":["https:\/\/www.lafabriquedecharpe.fr\/blog\/echarpe-ete-femme\/"]}]},{"@type":"BreadcrumbList","@id":"https:\/\/www.lafabriquedecharpe.fr\/blog\/echarpe-ete-femme\/#breadcrumb","itemListElement":[{"@type":"ListItem","position":1,"name":"Accueil","item":"https:\/\/www.lafabriquedecharpe.fr\/blog\/"},{"@type":"ListItem","position":2,"name":"Echarpe \u00e9t\u00e9 femme: guide d&#8217;achat"}]},{"@type":"WebSite","@id":"https:\/\/www.lafabriquedecharpe.fr\/blog\/#website","url":"https:\/\/www.lafabriquedecharpe.fr\/blog\/","name":"La fabrique d&#039;\u00e9charpe","description":"Le blog","potentialAction":[{"@type":"SearchAction","target":{"@type":"EntryPoint","urlTemplate":"https:\/\/www.lafabriquedecharpe.fr\/blog\/?s={search_term_string}"},"query-input":"required name=search_term_string"}],"inLanguage":"fr-FR"},{"@type":"Person","@id":"https:\/\/www.lafabriquedecharpe.fr\/blog\/#\/schema\/person\/1c703babc8565e57bc1ca3ba0698dabf","name":"Christine DEGURSE","image":{"@type":"ImageObject","inLanguage":"fr-FR","@id":"https:\/\/www.lafabriquedecharpe.fr\/blog\/#\/schema\/person\/image\/","url":"https:\/\/secure.gravatar.com\/avatar\/e41c40d8cae9026978cb106fc14af946?s=96&d=mm&r=g","contentUrl":"https:\/\/secure.gravatar.com\/avatar\/e41c40d8cae9026978cb106fc14af946?s=96&d=mm&r=g","caption":"Christine DEGURSE"},"url":"https:\/\/www.lafabriquedecharpe.fr\/blog\/author\/christine-degursewanadoo-fr\/"}]}},"_links":{"self":[{"href":"https:\/\/www.lafabriquedecharpe.fr\/blog\/wp-json\/wp\/v2\/posts\/2213"}],"collection":[{"href":"https:\/\/www.lafabriquedecharpe.fr\/blog\/wp-json\/wp\/v2\/posts"}],"about":[{"href":"https:\/\/www.lafabriquedecharpe.fr\/blog\/wp-json\/wp\/v2\/types\/post"}],"author":[{"embeddable":true,"href":"https:\/\/www.lafabriquedecharpe.fr\/blog\/wp-json\/wp\/v2\/users\/3"}],"replies":[{"embeddable":true,"href":"https:\/\/www.lafabriquedecharpe.fr\/blog\/wp-json\/wp\/v2\/comments?post=2213"}],"version-history":[{"count":4,"href":"https:\/\/www.lafabriquedecharpe.fr\/blog\/wp-json\/wp\/v2\/posts\/2213\/revisions"}],"predecessor-version":[{"id":2227,"href":"https:\/\/www.lafabriquedecharpe.fr\/blog\/wp-json\/wp\/v2\/posts\/2213\/revisions\/2227"}],"wp:featuredmedia":[{"embeddable":true,"href":"https:\/\/www.lafabriquedecharpe.fr\/blog\/wp-json\/wp\/v2\/media\/2298"}],"wp:attachment":[{"href":"https:\/\/www.lafabriquedecharpe.fr\/blog\/wp-json\/wp\/v2\/media?parent=2213"}],"wp:term":[{"taxonomy":"category","embeddable":true,"href":"https:\/\/www.lafabriquedecharpe.fr\/blog\/wp-json\/wp\/v2\/categories?post=2213"},{"taxonomy":"post_tag","embeddable":true,"href":"https:\/\/www.lafabriquedecharpe.fr\/blog\/wp-json\/wp\/v2\/tags?post=2213"}],"curies":[{"name":"wp","href":"https:\/\/api.w.org\/{rel}","templated":true}]}}