{"id":2750,"date":"2026-04-13T16:05:45","date_gmt":"2026-04-13T14:05:45","guid":{"rendered":"https:\/\/www.lafabriquedecharpe.fr\/blog\/?p=2750"},"modified":"2026-04-13T16:05:46","modified_gmt":"2026-04-13T14:05:46","slug":"comment-porter-un-foulard-en-soie-avec-elegance-et-style","status":"publish","type":"post","link":"https:\/\/www.lafabriquedecharpe.fr\/blog\/comment-porter-un-foulard-en-soie-avec-elegance-et-style\/","title":{"rendered":"Comment porter un foulard en soie avec \u00e9l\u00e9gance et style"},"content":{"rendered":"\n<div style=\"height:100px\" aria-hidden=\"true\" class=\"wp-block-spacer\"><\/div>\n\n\n\n<p><strong>Le foulard en soie<\/strong> est un accessoire de mode raffin\u00e9, multifonctionnel et intemporel qui a le pouvoir de rehausser une tenue simple pour la rendre \u00e9l\u00e9gante et sophistiqu\u00e9e. <strong>Chaque saison<\/strong> propose diverses occasions de sublimer votre look par cet accessoire \u00e9l\u00e9gant. Qu&#8217;il s&#8217;agisse du printemps, de l&#8217;\u00e9t\u00e9, de l&#8217;automne ou de l&#8217;hiver, apprenez \u00e0 utiliser votre foulard en soie pour obtenir un effet visuel attrayant tout en suivant les tendances mode.<\/p>\n\n\n\n<div style=\"height:30px\" aria-hidden=\"true\" class=\"wp-block-spacer\"><\/div>\n\n\n\n<h2 class=\"wp-block-heading\">Au fil des saisons, comment porter votre foulard en soie ?<\/h2>\n\n\n\n<div style=\"height:30px\" aria-hidden=\"true\" class=\"wp-block-spacer\"><\/div>\n\n\n\n<h3 class=\"wp-block-heading\">LE PRINTEMPS<\/h3>\n\n\n\n<p>Avec l&#8217;arriv\u00e9e du printemps, l&#8217;ajout d&#8217;un foulard en soie \u00e0 vos tenues pour la saison apporte <strong>une note de fra\u00eecheur et de renouveau<\/strong>. Les motifs floraux et les teintes \u00e9clatantes conviennent tout particuli\u00e8rement \u00e0 cette p\u00e9riode de l&#8217;ann\u00e9e.<\/p>\n\n\n\n<div style=\"height:30px\" aria-hidden=\"true\" class=\"wp-block-spacer\"><\/div>\n\n\n\n<h4 class=\"wp-block-heading\">Porter votre foulard en soie autour du cou :<\/h4>\n\n\n\n<p>Ajoutez <strong>une touche de couleur<\/strong> \u00e0 votre blouse ou chemise blanche en nouant un foulard en soie autour du cou. Le foulard en soie se marie particuli\u00e8rement bien avec une tenue en mati\u00e8res naturelles telles que le coton ou le lin. Pour un style f\u00e9minin et \u00e9l\u00e9gant, associez-le \u00e0 un pantalon taille haute ou une jupe longue. Les composition coton\/soie sont tr\u00e8s agr\u00e9ables \u00e0 porter au printemps.<br>Cette ann\u00e9e, optez pour <strong>des nuances pastel<\/strong> telles que le rose clair, le bleu ciel ou le vert menthe. La Fabrique d&#8217;\u00e9charpe vous conseille<a href=\"https:\/\/www.lafabriquedecharpe.fr\/art-foulard-coton-soie-bleu-jardin-1596.htm\"> le mod\u00e8le &#8220;JARDIN&#8221;<\/a> en voile coton\/soie l\u00e9ger et confortable, il se d\u00e9cline en  coloris : <a href=\"https:\/\/www.lafabriquedecharpe.fr\/art-foulard-coton-soie-bleu-jardin-1596.htm\">cama\u00efeu de bleu<\/a>, teintes pastel <a href=\"https:\/\/www.lafabriquedecharpe.fr\/art-foulard-coton-soie-melon-jardin-1597.htm\">rose\/mandarine\/vert d&#8217;eau<\/a>, coloris neutre <a href=\"https:\/\/www.lafabriquedecharpe.fr\/art-foulard-coton-soie-noir-jardin-1598.htm\">gris\/marron<\/a> et cama\u00efeu de<a href=\"https:\/\/www.lafabriquedecharpe.fr\/art-foulard-coton-soie-rouge-jardin-1595.htm\"> rouge orange<\/a>. Plusieurs techniques de pliage et de nouage de votre foulard soie permettent de varier les styles, du style classique au style d\u00e9contract\u00e9 en passant par le style boh\u00e8me. Nous vous invitons \u00e0 consulter notre blogs :<\/p>\n\n\n\n<p> <a href=\"https:\/\/www.lafabriquedecharpe.fr\/blog\/les-differents-styles-decharpes-en-soie-et-comment-les-porter\/\">Les diff\u00e9rents styles d&#8217;\u00e9charpes en soie et comment les porter.<\/a><\/p>\n\n\n\n<div style=\"height:30px\" aria-hidden=\"true\" class=\"wp-block-spacer\"><\/div>\n\n\n\n<figure class=\"wp-block-gallery has-nested-images columns-default is-cropped wp-block-gallery-1 is-layout-flex wp-block-gallery-is-layout-flex\">\n<figure class=\"wp-block-image size-large\"><a href=\"https:\/\/www.lafabriquedecharpe.fr\/art-foulard-coton-soie-bleu-jardin-1596.htm\"><img decoding=\"async\" width=\"600\" height=\"600\" data-id=\"2760\" src=\"https:\/\/www.lafabriquedecharpe.fr\/blog\/wp-content\/uploads\/2026\/04\/ar-foulard-coton-soie-bleu-jardin-1596_6679.png\" alt=\"\" class=\"wp-image-2760\" srcset=\"https:\/\/www.lafabriquedecharpe.fr\/blog\/wp-content\/uploads\/2026\/04\/ar-foulard-coton-soie-bleu-jardin-1596_6679.png 600w, https:\/\/www.lafabriquedecharpe.fr\/blog\/wp-content\/uploads\/2026\/04\/ar-foulard-coton-soie-bleu-jardin-1596_6679-300x300.png 300w, https:\/\/www.lafabriquedecharpe.fr\/blog\/wp-content\/uploads\/2026\/04\/ar-foulard-coton-soie-bleu-jardin-1596_6679-150x150.png 150w\" sizes=\"(max-width: 600px) 100vw, 600px\" \/><\/a><\/figure>\n\n\n\n<figure class=\"wp-block-image size-large\"><a href=\"https:\/\/www.lafabriquedecharpe.fr\/art-foulard-coton-soie-melon-jardin-1597.htm\"><img decoding=\"async\" width=\"600\" height=\"600\" data-id=\"2761\" src=\"https:\/\/www.lafabriquedecharpe.fr\/blog\/wp-content\/uploads\/2026\/04\/ar-foulard-coton-soie-melon-jardin-1597.png\" alt=\"\" class=\"wp-image-2761\" srcset=\"https:\/\/www.lafabriquedecharpe.fr\/blog\/wp-content\/uploads\/2026\/04\/ar-foulard-coton-soie-melon-jardin-1597.png 600w, https:\/\/www.lafabriquedecharpe.fr\/blog\/wp-content\/uploads\/2026\/04\/ar-foulard-coton-soie-melon-jardin-1597-300x300.png 300w, https:\/\/www.lafabriquedecharpe.fr\/blog\/wp-content\/uploads\/2026\/04\/ar-foulard-coton-soie-melon-jardin-1597-150x150.png 150w\" sizes=\"(max-width: 600px) 100vw, 600px\" \/><\/a><\/figure>\n<\/figure>\n\n\n\n<div style=\"height:30px\" aria-hidden=\"true\" class=\"wp-block-spacer\"><\/div>\n\n\n\n<figure class=\"wp-block-gallery has-nested-images columns-default is-cropped wp-block-gallery-3 is-layout-flex wp-block-gallery-is-layout-flex\">\n<figure class=\"wp-block-image size-large\"><a href=\"https:\/\/www.lafabriquedecharpe.fr\/art-foulard-coton-soie-noir-jardin-1598.htm\"><img decoding=\"async\" width=\"600\" height=\"600\" data-id=\"2765\" src=\"https:\/\/www.lafabriquedecharpe.fr\/blog\/wp-content\/uploads\/2026\/04\/ar-foulard-coton-soie-noir-jardin-1598-2.png\" alt=\"\" class=\"wp-image-2765\" srcset=\"https:\/\/www.lafabriquedecharpe.fr\/blog\/wp-content\/uploads\/2026\/04\/ar-foulard-coton-soie-noir-jardin-1598-2.png 600w, https:\/\/www.lafabriquedecharpe.fr\/blog\/wp-content\/uploads\/2026\/04\/ar-foulard-coton-soie-noir-jardin-1598-2-300x300.png 300w, https:\/\/www.lafabriquedecharpe.fr\/blog\/wp-content\/uploads\/2026\/04\/ar-foulard-coton-soie-noir-jardin-1598-2-150x150.png 150w\" sizes=\"(max-width: 600px) 100vw, 600px\" \/><\/a><\/figure>\n\n\n\n<figure class=\"wp-block-image size-large\"><a href=\"https:\/\/www.lafabriquedecharpe.fr\/art-foulard-coton-soie-rouge-jardin-1595.htm\"><img decoding=\"async\" width=\"600\" height=\"600\" data-id=\"2766\" src=\"https:\/\/www.lafabriquedecharpe.fr\/blog\/wp-content\/uploads\/2026\/04\/ar-foulard-coton-soie-rouge-jardin-1595-1.png\" alt=\"\" class=\"wp-image-2766\" srcset=\"https:\/\/www.lafabriquedecharpe.fr\/blog\/wp-content\/uploads\/2026\/04\/ar-foulard-coton-soie-rouge-jardin-1595-1.png 600w, https:\/\/www.lafabriquedecharpe.fr\/blog\/wp-content\/uploads\/2026\/04\/ar-foulard-coton-soie-rouge-jardin-1595-1-300x300.png 300w, https:\/\/www.lafabriquedecharpe.fr\/blog\/wp-content\/uploads\/2026\/04\/ar-foulard-coton-soie-rouge-jardin-1595-1-150x150.png 150w\" sizes=\"(max-width: 600px) 100vw, 600px\" \/><\/a><\/figure>\n<\/figure>\n\n\n\n<div style=\"height:30px\" aria-hidden=\"true\" class=\"wp-block-spacer\"><\/div>\n\n\n\n<h4 class=\"wp-block-heading\">Le foulard de soie en accessoire de sac:<\/h4>\n\n\n\n<p>Transformez votre vieux sac \u00e0 main en y attachant un foulard en soie nou\u00e9 sur l&#8217;une de ses anses. Cela non seulement modernisera son look, mais apportera aussi <strong>une note d&#8217;\u00e9l\u00e9gance<\/strong> \u00e0 votre ensemble.<\/p>\n\n\n\n<div style=\"height:30px\" aria-hidden=\"true\" class=\"wp-block-spacer\"><\/div>\n\n\n\n<h3 class=\"wp-block-heading\">EN ETE,<\/h3>\n\n\n\n<p>Durant l&#8217;\u00e9t\u00e9, choisissez <strong>des \u00e9charpes en soie plus l\u00e9g\u00e8res <\/strong>pour garder un style \u00e9l\u00e9gant sans alourdir votre look. Les motifs g\u00e9om\u00e9triques et les teintes \u00e9clatantes accentuent votre bronzage et se marient parfaitement avec des habits d&#8217;\u00e9t\u00e9 casual.<\/p>\n\n\n\n<div style=\"height:30px\" aria-hidden=\"true\" class=\"wp-block-spacer\"><\/div>\n\n\n\n<h4 class=\"wp-block-heading\">En bandeau dans les cheveux, les derni\u00e8res tendances:<\/h4>\n\n\n\n<p>Pliez votre foulard ou votre \u00e9charpe en soie pour obtenir une bande  de soie et nouez-le comme un serre-t\u00eate pour maintenir vos cheveux. En un tour de main, vous cr\u00e9ez une coiffure simple, pratique originale et tendance. Cela s&#8217;accorde id\u00e9alement avec une robe estivale l\u00e9g\u00e8re ou un combo short et top sans manches. <\/p>\n\n\n\n<p>Astuces antid\u00e9rapantes pour le bandeau soie :<\/p>\n\n\n\n<ul>\n<li>utilisez des pinces invisibles pour stabiliser la soie sur les cheveux<\/li>\n\n\n\n<li>\u00e9vitez le glissement du bandeau en faisant un double n\u0153ud<\/li>\n<\/ul>\n\n\n\n<div style=\"height:30px\" aria-hidden=\"true\" class=\"wp-block-spacer\"><\/div>\n\n\n\n<p><strong>Une autre fa\u00e7on<\/strong>: un foulard soie carr\u00e9 se plie aussi en triangle et vous le portez en fichu sur votre t\u00eate soit nou\u00e9 derri\u00e8re, soit nou\u00e9 sous le menton: un style ann\u00e9e 60, effet garanti. C&#8217;est une option raffin\u00e9e pour se pr\u00e9munir du soleil tout en affichant un style chic. <\/p>\n\n\n\n<p>Pour l&#8217;\u00e9t\u00e9, certaines arrivent \u00e0 enrouler joliment un foulard autour de leur chignon, mais ce travail demande une certaine dext\u00e9rit\u00e9. Pour un bel effet plus facile \u00e0 r\u00e9aliser, int\u00e9grer un foulard dans votre tresse, ou placez-le en queue de cheval.<\/p>\n\n\n\n<p>D\u00e9couvrez <a href=\"https:\/\/www.lafabriquedecharpe.fr\/cat-les-echarpes-83.htm?matiere=coton-bio,soie&amp;f=1&amp;pagenumber=1\">notre collection de carr\u00e9s de twill de soie Bio<\/a><\/p>\n\n\n\n<div style=\"height:30px\" aria-hidden=\"true\" class=\"wp-block-spacer\"><\/div>\n\n\n\n<figure class=\"wp-block-gallery has-nested-images columns-default is-cropped wp-block-gallery-5 is-layout-flex wp-block-gallery-is-layout-flex\">\n<figure class=\"wp-block-image size-large\"><img decoding=\"async\" width=\"600\" height=\"600\" data-id=\"2689\" src=\"https:\/\/www.lafabriquedecharpe.fr\/blog\/wp-content\/uploads\/2026\/03\/ar-ruban-twill-soie-bio-rouge-cloudy-1853-1.png\" alt=\"\" class=\"wp-image-2689\" srcset=\"https:\/\/www.lafabriquedecharpe.fr\/blog\/wp-content\/uploads\/2026\/03\/ar-ruban-twill-soie-bio-rouge-cloudy-1853-1.png 600w, https:\/\/www.lafabriquedecharpe.fr\/blog\/wp-content\/uploads\/2026\/03\/ar-ruban-twill-soie-bio-rouge-cloudy-1853-1-300x300.png 300w, https:\/\/www.lafabriquedecharpe.fr\/blog\/wp-content\/uploads\/2026\/03\/ar-ruban-twill-soie-bio-rouge-cloudy-1853-1-150x150.png 150w\" sizes=\"(max-width: 600px) 100vw, 600px\" \/><figcaption class=\"wp-element-caption\">En bandeau pour retenir les cheveux<\/figcaption><\/figure>\n\n\n\n<figure class=\"wp-block-image size-large\"><a href=\"https:\/\/www.lafabriquedecharpe.fr\/art-carrE-imprime-soie-bio-beige-marin-1815.htm\"><img decoding=\"async\" width=\"600\" height=\"600\" data-id=\"2692\" src=\"https:\/\/www.lafabriquedecharpe.fr\/blog\/wp-content\/uploads\/2026\/03\/ar-carre-imprime-soie-bio-beige-marin-1815.png\" alt=\"\" class=\"wp-image-2692\" srcset=\"https:\/\/www.lafabriquedecharpe.fr\/blog\/wp-content\/uploads\/2026\/03\/ar-carre-imprime-soie-bio-beige-marin-1815.png 600w, https:\/\/www.lafabriquedecharpe.fr\/blog\/wp-content\/uploads\/2026\/03\/ar-carre-imprime-soie-bio-beige-marin-1815-300x300.png 300w, https:\/\/www.lafabriquedecharpe.fr\/blog\/wp-content\/uploads\/2026\/03\/ar-carre-imprime-soie-bio-beige-marin-1815-150x150.png 150w\" sizes=\"(max-width: 600px) 100vw, 600px\" \/><\/a><figcaption class=\"wp-element-caption\">en triangle renou\u00e9 \u00e0 l&#8217;arri\u00e8re<\/figcaption><\/figure>\n\n\n\n<figure class=\"wp-block-image size-large\"><img decoding=\"async\" width=\"267\" height=\"269\" data-id=\"1736\" src=\"https:\/\/www.lafabriquedecharpe.fr\/blog\/wp-content\/uploads\/2024\/09\/11-1.webp\" alt=\"\" class=\"wp-image-1736\" srcset=\"https:\/\/www.lafabriquedecharpe.fr\/blog\/wp-content\/uploads\/2024\/09\/11-1.webp 267w, https:\/\/www.lafabriquedecharpe.fr\/blog\/wp-content\/uploads\/2024\/09\/11-1-150x150.webp 150w\" sizes=\"(max-width: 267px) 100vw, 267px\" \/><figcaption class=\"wp-element-caption\">en triangle nou\u00e9 sous le menton.<\/figcaption><\/figure>\n<\/figure>\n\n\n\n<div style=\"height:30px\" aria-hidden=\"true\" class=\"wp-block-spacer\"><\/div>\n\n\n\n<h4 class=\"wp-block-heading\">En par\u00e9o pour les vacances:<\/h4>\n\n\n\n<p>Si vous avez un \u00e9tole de grande dimension, elle peut vous servir de <strong>par\u00e9o<\/strong> cet \u00e9t\u00e9. Vous la nouez autour de la taille sur votre maillot de bain, pour <strong>un look de plage<\/strong> mariant confort et sophistication. Pliez en triangle, vous obtenez un par\u00e9o plus court mais avec des pans plus long pour le nouage.<br>Optez pour des motifs de style tropical ou marin afin d&#8217;accentuer l&#8217;ambiance estivale.<\/p>\n\n\n\n<div style=\"height:30px\" aria-hidden=\"true\" class=\"wp-block-spacer\"><\/div>\n\n\n\n<h3 class=\"wp-block-heading\">A L&#8217;AUTOMNE:<\/h3>\n\n\n\n<p>Alors que les temp\u00e9ratures commencent \u00e0 chuter, le foulard en soie se transforme en un accessoire indispensable pour apporter une note \u00e0 la fois <strong>confortable et raffin\u00e9e<\/strong> \u00e0 vos ensembles d&#8217;automne. Le choix des couleurs \u00e9volue vers des nuances plus chaudes et terreuses. Les compositions avec de la laine ou du <strong>cachemire<\/strong> apportent le confort et la chaleur que nous avons besoin \u00e0 cette p\u00e9riode de l&#8217;ann\u00e9e.<\/p>\n\n\n\n<div style=\"height:30px\" aria-hidden=\"true\" class=\"wp-block-spacer\"><\/div>\n\n\n\n<h4 class=\"wp-block-heading\">A porter envelopp\u00e9 autour des \u00e9paules.<\/h4>\n\n\n\n<p>Pour se garantir des premiers froids, enroulez votre foulard en soie autour de vos \u00e9paules. Comme un v\u00eatement d\u00e9contract\u00e9, il est parfait pour les soir\u00e9es fra\u00eeches, offrant une couche additionnelle tout en pr\u00e9servant votre allure. Choisissez alors un foulard en soie de grand format compos\u00e9 de soie et de laine. Les \u00e9toles<a href=\"https:\/\/www.lafabriquedecharpe.fr\/art-grande-etole-laine-rouge-sentiment-1168.htm\"> &#8220;Sentiment&#8221;<\/a> et <a href=\"https:\/\/www.lafabriquedecharpe.fr\/art-etole-laine-verte-rosae-1632.htm\">Rosae&#8221;<\/a> de La Fabrique d&#8217;\u00e9charpe sont de grandes pi\u00e8ces parfaites \u00e0 porter en ch\u00e2le, elle vous apporte <strong>chaleur, confort et \u00e9l\u00e9gance<\/strong>. <\/p>\n\n\n\n<div style=\"height:30px\" aria-hidden=\"true\" class=\"wp-block-spacer\"><\/div>\n\n\n\n<figure class=\"wp-block-gallery has-nested-images columns-default is-cropped wp-block-gallery-7 is-layout-flex wp-block-gallery-is-layout-flex\">\n<figure class=\"wp-block-image size-large\"><a href=\"https:\/\/www.lafabriquedecharpe.fr\/art-grande-etole-laine-rouge-sentiment-1168.htm\"><img decoding=\"async\" width=\"600\" height=\"600\" data-id=\"2769\" src=\"https:\/\/www.lafabriquedecharpe.fr\/blog\/wp-content\/uploads\/2026\/04\/ar-grande-etole-laine-rouge-sentiment-1168_4782.png\" alt=\"\" class=\"wp-image-2769\" srcset=\"https:\/\/www.lafabriquedecharpe.fr\/blog\/wp-content\/uploads\/2026\/04\/ar-grande-etole-laine-rouge-sentiment-1168_4782.png 600w, https:\/\/www.lafabriquedecharpe.fr\/blog\/wp-content\/uploads\/2026\/04\/ar-grande-etole-laine-rouge-sentiment-1168_4782-300x300.png 300w, https:\/\/www.lafabriquedecharpe.fr\/blog\/wp-content\/uploads\/2026\/04\/ar-grande-etole-laine-rouge-sentiment-1168_4782-150x150.png 150w\" sizes=\"(max-width: 600px) 100vw, 600px\" \/><\/a><\/figure>\n\n\n\n<figure class=\"wp-block-image size-large\"><img decoding=\"async\" width=\"600\" height=\"600\" data-id=\"2768\" src=\"https:\/\/www.lafabriquedecharpe.fr\/blog\/wp-content\/uploads\/2026\/04\/ar-etole-laine-verte-rosae-1632.png\" alt=\"\" class=\"wp-image-2768\" srcset=\"https:\/\/www.lafabriquedecharpe.fr\/blog\/wp-content\/uploads\/2026\/04\/ar-etole-laine-verte-rosae-1632.png 600w, https:\/\/www.lafabriquedecharpe.fr\/blog\/wp-content\/uploads\/2026\/04\/ar-etole-laine-verte-rosae-1632-300x300.png 300w, https:\/\/www.lafabriquedecharpe.fr\/blog\/wp-content\/uploads\/2026\/04\/ar-etole-laine-verte-rosae-1632-150x150.png 150w\" sizes=\"(max-width: 600px) 100vw, 600px\" \/><\/figure>\n<figcaption class=\"blocks-gallery-caption wp-element-caption\">Etole Sentiment et Rosae \u00e0 porter sur les \u00e9paules<\/figcaption><\/figure>\n\n\n\n<div style=\"height:30px\" aria-hidden=\"true\" class=\"wp-block-spacer\"><\/div>\n\n\n\n<h4 class=\"wp-block-heading\">Le n\u0153ud simple<\/h4>\n\n\n\n<p>Portez votre foulard en soie attach\u00e9 avec <strong>un n\u0153ud simple<\/strong> sous un blazer ou une veste l\u00e9g\u00e8re. Cette m\u00e9thode d\u00e9licatement raffin\u00e9e s&#8217;av\u00e8re efficace pour aller au bureau. Un foulard de petites dimensions conviendra parfaitement pour ce nouage. <\/p>\n\n\n\n<p>Aussi bien pour les hommes, aujourd&#8217;hui<strong> le foulard remplace all\u00e8grement la cravate<\/strong>. Il se doit d&#8217;\u00eatre d\u00e9sinvolte et non mani\u00e9r\u00e9, nou\u00e9 simplement dans le col de chemise sans trop de volume est la meilleure fa\u00e7on d&#8217;\u00eatre classe, \u00e9l\u00e9gant et raffin\u00e9, notre mod\u00e8le en 100% soie <a href=\"https:\/\/www.lafabriquedecharpe.fr\/art-foulard-soie-homme-rouge-charles-336.htm\">&#8220;Charles&#8221; <\/a>rouge est id\u00e9al !<\/p>\n\n\n\n<p>Pour aller plus loin sur ce sujet, d\u00e9couvrez notre blog:<\/p>\n\n\n\n<p><a href=\"https:\/\/www.lafabriquedecharpe.fr\/blog\/lart-de-porter-le-foulard-en-soie-homme-avec-elegance\/\">L&#8217;art de porter le foulard en soie homme avec \u00e9l\u00e9gance<\/a><\/p>\n\n\n\n<div style=\"height:30px\" aria-hidden=\"true\" class=\"wp-block-spacer\"><\/div>\n\n\n\n<figure class=\"wp-block-gallery has-nested-images columns-default is-cropped wp-block-gallery-9 is-layout-flex wp-block-gallery-is-layout-flex\">\n<figure class=\"wp-block-image size-large\"><a href=\"https:\/\/www.lafabriquedecharpe.fr\/art-etole-laine-verte-romantique-1588.htm\"><img decoding=\"async\" width=\"600\" height=\"600\" data-id=\"2775\" src=\"https:\/\/www.lafabriquedecharpe.fr\/blog\/wp-content\/uploads\/2026\/04\/ar-etole-laine-rouge-romantique-366-1.png\" alt=\"\" class=\"wp-image-2775\" srcset=\"https:\/\/www.lafabriquedecharpe.fr\/blog\/wp-content\/uploads\/2026\/04\/ar-etole-laine-rouge-romantique-366-1.png 600w, https:\/\/www.lafabriquedecharpe.fr\/blog\/wp-content\/uploads\/2026\/04\/ar-etole-laine-rouge-romantique-366-1-300x300.png 300w, https:\/\/www.lafabriquedecharpe.fr\/blog\/wp-content\/uploads\/2026\/04\/ar-etole-laine-rouge-romantique-366-1-150x150.png 150w\" sizes=\"(max-width: 600px) 100vw, 600px\" \/><\/a><\/figure>\n\n\n\n<figure class=\"wp-block-image size-large\"><a href=\"https:\/\/www.lafabriquedecharpe.fr\/art-foulard-soie-homme-rouge-charles-336.htm\"><img decoding=\"async\" width=\"600\" height=\"600\" data-id=\"2776\" src=\"https:\/\/www.lafabriquedecharpe.fr\/blog\/wp-content\/uploads\/2026\/04\/ar-foulard-soie-homme-rouge-charles-336.png\" alt=\"\" class=\"wp-image-2776\" srcset=\"https:\/\/www.lafabriquedecharpe.fr\/blog\/wp-content\/uploads\/2026\/04\/ar-foulard-soie-homme-rouge-charles-336.png 600w, https:\/\/www.lafabriquedecharpe.fr\/blog\/wp-content\/uploads\/2026\/04\/ar-foulard-soie-homme-rouge-charles-336-300x300.png 300w, https:\/\/www.lafabriquedecharpe.fr\/blog\/wp-content\/uploads\/2026\/04\/ar-foulard-soie-homme-rouge-charles-336-150x150.png 150w\" sizes=\"(max-width: 600px) 100vw, 600px\" \/><\/a><\/figure>\n<\/figure>\n\n\n\n<div style=\"height:30px\" aria-hidden=\"true\" class=\"wp-block-spacer\"><\/div>\n\n\n\n<h3 class=\"wp-block-heading\">ET CET HIVER<\/h3>\n\n\n\n<p>Par temps froid, le foulard en soie apporte une touche luxueuse et un suppl\u00e9ment de douceur \u00e0 vos superpositions vestimentaires. Optez pour des \u00e9charpes en soie compos\u00e9es avec <strong>des fibres naturelles<\/strong> et chaudes. L&#8217;association <strong>du cachemire et de la laine <\/strong>avec la douceur de la soie cr\u00e9e une harmonie parfaite. Vous pourrez nouer votre foulard, \u00e9charpe ou \u00e9tole autour du cou de toutes les fa\u00e7ons possible. <\/p>\n\n\n\n<div style=\"height:30px\" aria-hidden=\"true\" class=\"wp-block-spacer\"><\/div>\n\n\n\n<h4 class=\"wp-block-heading\">Tr\u00e8s \u00e9l\u00e9gant sur un pull \u00e0 col roul\u00e9<\/h4>\n\n\n\n<p>Roulez un foulard en soie\/laine sur un col roul\u00e9 pour rehausser votre tenue de tous les jours. Les motifs \u00e9labor\u00e9s et les teintes riches offrent une note de luxe parfaitement adapt\u00e9e \u00e0 la saison hivernale.<\/p>\n\n\n\n<p>Choisissez des motifs traditionnels tels que les carreaux ou les pois, et des couleurs sombres et intense : bordeaux, bleu marine, \u00e9meraude.<\/p>\n\n\n\n<div style=\"height:30px\" aria-hidden=\"true\" class=\"wp-block-spacer\"><\/div>\n\n\n\n<h4 class=\"wp-block-heading\">Une \u00e9charpe en soie et laine sur un manteau uni<\/h4>\n\n\n\n<p>Pour un effet visuel \u00e9tonnant, nouez votre foulard en soie sur votre manteau uni, choisissez un motif original et des coloris forts qui d\u00e9voilent votre personnalit\u00e9, une mati\u00e8re moelleuse et chaude pour affronter le froid. L&#8217;\u00e9charpe devient alors la pi\u00e8ce maitresse de votre look! La Fabrique d&#8217;\u00e9charpe vous propose le mod\u00e8le <a href=\"https:\/\/www.lafabriquedecharpe.fr\/art-echarpe-coton-terracotta-amie-1455.htm\">&#8220;Amie&#8221;<\/a> pour femme, un grand motif floral plac\u00e9 dans des coloris chauds, terracotta, argile, gris \u00e0 porter sur un manteau camel, le mod\u00e8le <a href=\"https:\/\/www.lafabriquedecharpe.fr\/art-echarpe-laine-gris-noir-ride-544.htm\">&#8220;Ride&#8221;<\/a> pour homme; parfait sur un manteau taupe, ou le mod\u00e8le <a href=\"https:\/\/www.lafabriquedecharpe.fr\/art-etole-laine-kaki-turquoise-amour-360.htm\">&#8220;Amour&#8221;,<\/a> un motif graphique turquoise et ocre pour une touche de couleur sur un manteau noire.<\/p>\n\n\n\n<div style=\"height:30px\" aria-hidden=\"true\" class=\"wp-block-spacer\"><\/div>\n\n\n\n<figure class=\"wp-block-gallery has-nested-images columns-default is-cropped wp-block-gallery-11 is-layout-flex wp-block-gallery-is-layout-flex\">\n<figure class=\"wp-block-image size-large\"><a href=\"https:\/\/www.lafabriquedecharpe.fr\/art-echarpe-coton-terracotta-amie-1455.htm\"><img decoding=\"async\" width=\"600\" height=\"600\" data-id=\"2770\" src=\"https:\/\/www.lafabriquedecharpe.fr\/blog\/wp-content\/uploads\/2026\/04\/ar-echarpe-coton-terracotta-amie-1455.png\" alt=\"\" class=\"wp-image-2770\" srcset=\"https:\/\/www.lafabriquedecharpe.fr\/blog\/wp-content\/uploads\/2026\/04\/ar-echarpe-coton-terracotta-amie-1455.png 600w, https:\/\/www.lafabriquedecharpe.fr\/blog\/wp-content\/uploads\/2026\/04\/ar-echarpe-coton-terracotta-amie-1455-300x300.png 300w, https:\/\/www.lafabriquedecharpe.fr\/blog\/wp-content\/uploads\/2026\/04\/ar-echarpe-coton-terracotta-amie-1455-150x150.png 150w\" sizes=\"(max-width: 600px) 100vw, 600px\" \/><\/a><figcaption class=\"wp-element-caption\">Echarpe &#8220;Amie&#8221; <\/figcaption><\/figure>\n\n\n\n<figure class=\"wp-block-image size-large\"><a href=\"https:\/\/www.lafabriquedecharpe.fr\/art-echarpe-laine-gris-noir-ride-544.htm\"><img decoding=\"async\" width=\"600\" height=\"600\" data-id=\"2772\" src=\"https:\/\/www.lafabriquedecharpe.fr\/blog\/wp-content\/uploads\/2026\/04\/ar-echarpe-laine-gris-noir-ride-544_4876.png\" alt=\"\" class=\"wp-image-2772\" srcset=\"https:\/\/www.lafabriquedecharpe.fr\/blog\/wp-content\/uploads\/2026\/04\/ar-echarpe-laine-gris-noir-ride-544_4876.png 600w, https:\/\/www.lafabriquedecharpe.fr\/blog\/wp-content\/uploads\/2026\/04\/ar-echarpe-laine-gris-noir-ride-544_4876-300x300.png 300w, https:\/\/www.lafabriquedecharpe.fr\/blog\/wp-content\/uploads\/2026\/04\/ar-echarpe-laine-gris-noir-ride-544_4876-150x150.png 150w\" sizes=\"(max-width: 600px) 100vw, 600px\" \/><\/a><figcaption class=\"wp-element-caption\">Echarpe &#8220;Ride&#8221; pour homme<\/figcaption><\/figure>\n\n\n\n<figure class=\"wp-block-image size-large\"><a href=\"https:\/\/www.lafabriquedecharpe.fr\/art-etole-laine-kaki-turquoise-amour-360.htm\"><img decoding=\"async\" width=\"600\" height=\"600\" data-id=\"2771\" src=\"https:\/\/www.lafabriquedecharpe.fr\/blog\/wp-content\/uploads\/2026\/04\/ar-etole-laine-kaki-turquoise-amour-360_5793.png\" alt=\"\" class=\"wp-image-2771\" srcset=\"https:\/\/www.lafabriquedecharpe.fr\/blog\/wp-content\/uploads\/2026\/04\/ar-etole-laine-kaki-turquoise-amour-360_5793.png 600w, https:\/\/www.lafabriquedecharpe.fr\/blog\/wp-content\/uploads\/2026\/04\/ar-etole-laine-kaki-turquoise-amour-360_5793-300x300.png 300w, https:\/\/www.lafabriquedecharpe.fr\/blog\/wp-content\/uploads\/2026\/04\/ar-etole-laine-kaki-turquoise-amour-360_5793-150x150.png 150w\" sizes=\"(max-width: 600px) 100vw, 600px\" \/><\/a><figcaption class=\"wp-element-caption\">Echarpe &#8221; Amour&#8221;<\/figcaption><\/figure>\n<\/figure>\n\n\n\n<div style=\"height:30px\" aria-hidden=\"true\" class=\"wp-block-spacer\"><\/div>\n\n\n\n<h2 class=\"wp-block-heading\">Les techniques indispensables \u00e0 connaitre pour nouer son foulard:<\/h2>\n\n\n\n<div style=\"height:30px\" aria-hidden=\"true\" class=\"wp-block-spacer\"><\/div>\n\n\n\n<p>Pour vous faciliter la vie, nous avons d\u00e9cortiqu\u00e9s les techniques les plus courantes pour nouer et porter votre foulard avec \u00e9l\u00e9gance:<\/p>\n\n\n\n<div style=\"height:30px\" aria-hidden=\"true\" class=\"wp-block-spacer\"><\/div>\n\n\n\n<div class=\"wp-block-cover is-light\"><span aria-hidden=\"true\" class=\"wp-block-cover__background has-background-dim-0 has-background-dim\"><\/span><video class=\"wp-block-cover__video-background intrinsic-ignore\" autoplay muted loop playsinline src=\"https:\/\/www.lafabriquedecharpe.fr\/blog\/wp-content\/uploads\/2026\/04\/Jazz-Echarpes-1.mov\" style=\"object-position:54% 42%\" data-object-fit=\"cover\" data-object-position=\"54% 42%\"><\/video><div class=\"wp-block-cover__inner-container is-layout-constrained wp-block-cover-is-layout-constrained\">\n<p class=\"has-text-align-center has-large-font-size\"><\/p>\n<\/div><\/div>\n\n\n\n<div style=\"height:30px\" aria-hidden=\"true\" class=\"wp-block-spacer\"><\/div>\n\n\n\n<h3 class=\"wp-block-heading\">Le n\u0153ud Parisien en 3 \u00e9tapes:<\/h3>\n\n\n\n<p>Le n\u0153ud le plus courant et le plus facile est <strong>le n\u0153ud parisien<\/strong>: on plie en deux l&#8217;\u00e9charpe pour former une boucle, on place les deux pans sur la nuque, on passe ces deux pans dans la boucle, et on sert plus ou moins, ce nouage permet de porter l&#8217;\u00e9charpe pr\u00e8s du cou pour bien se prot\u00e9ger du froid o\u00f9 plus l\u00e2che pour un effet d\u00e9contract\u00e9.<\/p>\n\n\n\n<div style=\"height:30px\" aria-hidden=\"true\" class=\"wp-block-spacer\"><\/div>\n\n\n\n<figure class=\"wp-block-gallery has-nested-images columns-default is-cropped wp-block-gallery-14 is-layout-flex wp-block-gallery-is-layout-flex\">\n<figure class=\"wp-block-image size-large\"><img decoding=\"async\" width=\"480\" height=\"640\" data-id=\"672\" src=\"https:\/\/www.lafabriquedecharpe.fr\/blog\/wp-content\/uploads\/2023\/02\/IMG_3378-rotated.jpg\" alt=\"\" class=\"wp-image-672\" srcset=\"https:\/\/www.lafabriquedecharpe.fr\/blog\/wp-content\/uploads\/2023\/02\/IMG_3378-rotated.jpg 480w, https:\/\/www.lafabriquedecharpe.fr\/blog\/wp-content\/uploads\/2023\/02\/IMG_3378-225x300.jpg 225w\" sizes=\"(max-width: 480px) 100vw, 480px\" \/><figcaption class=\"wp-element-caption\">N\u0153ud parisien, \u00e9tape 1<\/figcaption><\/figure>\n\n\n\n<figure class=\"wp-block-image size-large\"><img decoding=\"async\" width=\"480\" height=\"640\" data-id=\"673\" src=\"https:\/\/www.lafabriquedecharpe.fr\/blog\/wp-content\/uploads\/2023\/02\/IMG_3379-rotated.jpg\" alt=\"\" class=\"wp-image-673\" srcset=\"https:\/\/www.lafabriquedecharpe.fr\/blog\/wp-content\/uploads\/2023\/02\/IMG_3379-rotated.jpg 480w, https:\/\/www.lafabriquedecharpe.fr\/blog\/wp-content\/uploads\/2023\/02\/IMG_3379-225x300.jpg 225w\" sizes=\"(max-width: 480px) 100vw, 480px\" \/><figcaption class=\"wp-element-caption\">N\u0153ud parisien, \u00e9tape 2<\/figcaption><\/figure>\n\n\n\n<figure class=\"wp-block-image size-large\"><img decoding=\"async\" width=\"480\" height=\"640\" data-id=\"674\" src=\"https:\/\/www.lafabriquedecharpe.fr\/blog\/wp-content\/uploads\/2023\/02\/IMG_3380-rotated.jpg\" alt=\"\" class=\"wp-image-674\" srcset=\"https:\/\/www.lafabriquedecharpe.fr\/blog\/wp-content\/uploads\/2023\/02\/IMG_3380-rotated.jpg 480w, https:\/\/www.lafabriquedecharpe.fr\/blog\/wp-content\/uploads\/2023\/02\/IMG_3380-225x300.jpg 225w\" sizes=\"(max-width: 480px) 100vw, 480px\" \/><figcaption class=\"wp-element-caption\">N\u0153ud parisien, \u00e9tape 3<\/figcaption><\/figure>\n<\/figure>\n\n\n\n<div style=\"height:30px\" aria-hidden=\"true\" class=\"wp-block-spacer\"><\/div>\n\n\n\n<h3 class=\"wp-block-heading\">Le n\u0153ud cravate en 6 \u00e9tapes<\/h3>\n\n\n\n<p>Un autre n\u0153ud est le n\u0153ud cravate qui se travaille sur une \u00e9charpe style ch\u00e8che, ou bien sur une petit carr\u00e9 de twill de soie <strong>style h\u00f4tesse<\/strong><\/p>\n\n\n\n<div style=\"height:30px\" aria-hidden=\"true\" class=\"wp-block-spacer\"><\/div>\n\n\n\n<figure class=\"wp-block-gallery has-nested-images columns-default is-cropped wp-block-gallery-16 is-layout-flex wp-block-gallery-is-layout-flex\">\n<figure class=\"wp-block-image size-large\"><img decoding=\"async\" width=\"480\" height=\"640\" data-id=\"660\" src=\"https:\/\/www.lafabriquedecharpe.fr\/blog\/wp-content\/uploads\/2023\/02\/IMG_3373-rotated.jpg\" alt=\"\" class=\"wp-image-660\" srcset=\"https:\/\/www.lafabriquedecharpe.fr\/blog\/wp-content\/uploads\/2023\/02\/IMG_3373-rotated.jpg 480w, https:\/\/www.lafabriquedecharpe.fr\/blog\/wp-content\/uploads\/2023\/02\/IMG_3373-225x300.jpg 225w\" sizes=\"(max-width: 480px) 100vw, 480px\" \/><\/figure>\n\n\n\n<figure class=\"wp-block-image size-large\"><img decoding=\"async\" width=\"480\" height=\"640\" data-id=\"661\" src=\"https:\/\/www.lafabriquedecharpe.fr\/blog\/wp-content\/uploads\/2023\/02\/IMG_3369-rotated.jpg\" alt=\"\" class=\"wp-image-661\" srcset=\"https:\/\/www.lafabriquedecharpe.fr\/blog\/wp-content\/uploads\/2023\/02\/IMG_3369-rotated.jpg 480w, https:\/\/www.lafabriquedecharpe.fr\/blog\/wp-content\/uploads\/2023\/02\/IMG_3369-225x300.jpg 225w\" sizes=\"(max-width: 480px) 100vw, 480px\" \/><\/figure>\n\n\n\n<figure class=\"wp-block-image size-large\"><img decoding=\"async\" width=\"480\" height=\"640\" data-id=\"662\" src=\"https:\/\/www.lafabriquedecharpe.fr\/blog\/wp-content\/uploads\/2023\/02\/IMG_3370-rotated.jpg\" alt=\"\" class=\"wp-image-662\" srcset=\"https:\/\/www.lafabriquedecharpe.fr\/blog\/wp-content\/uploads\/2023\/02\/IMG_3370-rotated.jpg 480w, https:\/\/www.lafabriquedecharpe.fr\/blog\/wp-content\/uploads\/2023\/02\/IMG_3370-225x300.jpg 225w\" sizes=\"(max-width: 480px) 100vw, 480px\" \/><\/figure>\n\n\n\n<figure class=\"wp-block-image size-large\"><img decoding=\"async\" width=\"480\" height=\"640\" data-id=\"663\" src=\"https:\/\/www.lafabriquedecharpe.fr\/blog\/wp-content\/uploads\/2023\/02\/IMG_3371-rotated.jpg\" alt=\"\" class=\"wp-image-663\" srcset=\"https:\/\/www.lafabriquedecharpe.fr\/blog\/wp-content\/uploads\/2023\/02\/IMG_3371-rotated.jpg 480w, https:\/\/www.lafabriquedecharpe.fr\/blog\/wp-content\/uploads\/2023\/02\/IMG_3371-225x300.jpg 225w\" sizes=\"(max-width: 480px) 100vw, 480px\" \/><\/figure>\n\n\n\n<figure class=\"wp-block-image size-large\"><img decoding=\"async\" width=\"480\" height=\"640\" data-id=\"664\" src=\"https:\/\/www.lafabriquedecharpe.fr\/blog\/wp-content\/uploads\/2023\/02\/IMG_3372-rotated.jpg\" alt=\"\" class=\"wp-image-664\" srcset=\"https:\/\/www.lafabriquedecharpe.fr\/blog\/wp-content\/uploads\/2023\/02\/IMG_3372-rotated.jpg 480w, https:\/\/www.lafabriquedecharpe.fr\/blog\/wp-content\/uploads\/2023\/02\/IMG_3372-225x300.jpg 225w\" sizes=\"(max-width: 480px) 100vw, 480px\" \/><\/figure>\n\n\n\n<figure class=\"wp-block-image size-large\"><img decoding=\"async\" width=\"480\" height=\"640\" data-id=\"666\" src=\"https:\/\/www.lafabriquedecharpe.fr\/blog\/wp-content\/uploads\/2023\/02\/IMG_3374-rotated.jpg\" alt=\"\" class=\"wp-image-666\" srcset=\"https:\/\/www.lafabriquedecharpe.fr\/blog\/wp-content\/uploads\/2023\/02\/IMG_3374-rotated.jpg 480w, https:\/\/www.lafabriquedecharpe.fr\/blog\/wp-content\/uploads\/2023\/02\/IMG_3374-225x300.jpg 225w\" sizes=\"(max-width: 480px) 100vw, 480px\" \/><\/figure>\n<figcaption class=\"blocks-gallery-caption wp-element-caption\">Le n\u0153ud cravate en  6 \u00e9tapes<\/figcaption><\/figure>\n\n\n\n<div style=\"height:30px\" aria-hidden=\"true\" class=\"wp-block-spacer\"><\/div>\n\n\n\n<h3 class=\"wp-block-heading\">Le n\u0153ud Bretzel en 3 \u00e9tapes:<\/h3>\n\n\n\n<p>C&#8217;est une variante du&nbsp;<strong>n\u0153ud<\/strong>&nbsp;parisien. La base est la m\u00eame, on plie l&#8217;<strong>\u00e9charpe<\/strong>&nbsp;en deux, on la met autour du cou, la boucle d&#8217;un c\u00f4t\u00e9 et les deux pans de l&#8217;autre, Au lieu de passer les deux pans dans la boucle, on glissera un seul pan et on tournera la boucle d&#8217;un demi-tour&nbsp;<strong>pour<\/strong>&nbsp;glisser le deuxi\u00e8me pan.<\/p>\n\n\n\n<div style=\"height:30px\" aria-hidden=\"true\" class=\"wp-block-spacer\"><\/div>\n\n\n\n<figure class=\"wp-block-gallery has-nested-images columns-default is-cropped wp-block-gallery-18 is-layout-flex wp-block-gallery-is-layout-flex\">\n<figure class=\"wp-block-image size-large\"><img decoding=\"async\" width=\"480\" height=\"640\" data-id=\"686\" src=\"https:\/\/www.lafabriquedecharpe.fr\/blog\/wp-content\/uploads\/2023\/03\/IMG_3385-rotated.jpg\" alt=\"\" class=\"wp-image-686\" srcset=\"https:\/\/www.lafabriquedecharpe.fr\/blog\/wp-content\/uploads\/2023\/03\/IMG_3385-rotated.jpg 480w, https:\/\/www.lafabriquedecharpe.fr\/blog\/wp-content\/uploads\/2023\/03\/IMG_3385-225x300.jpg 225w\" sizes=\"(max-width: 480px) 100vw, 480px\" \/><\/figure>\n\n\n\n<figure class=\"wp-block-image size-large\"><img decoding=\"async\" width=\"480\" height=\"640\" data-id=\"687\" src=\"https:\/\/www.lafabriquedecharpe.fr\/blog\/wp-content\/uploads\/2023\/03\/IMG_3386-rotated.jpg\" alt=\"\" class=\"wp-image-687\" srcset=\"https:\/\/www.lafabriquedecharpe.fr\/blog\/wp-content\/uploads\/2023\/03\/IMG_3386-rotated.jpg 480w, https:\/\/www.lafabriquedecharpe.fr\/blog\/wp-content\/uploads\/2023\/03\/IMG_3386-225x300.jpg 225w\" sizes=\"(max-width: 480px) 100vw, 480px\" \/><\/figure>\n\n\n\n<figure class=\"wp-block-image size-large\"><img decoding=\"async\" width=\"480\" height=\"640\" data-id=\"689\" src=\"https:\/\/www.lafabriquedecharpe.fr\/blog\/wp-content\/uploads\/2023\/03\/IMG_3388-rotated.jpg\" alt=\"\" class=\"wp-image-689\" srcset=\"https:\/\/www.lafabriquedecharpe.fr\/blog\/wp-content\/uploads\/2023\/03\/IMG_3388-rotated.jpg 480w, https:\/\/www.lafabriquedecharpe.fr\/blog\/wp-content\/uploads\/2023\/03\/IMG_3388-225x300.jpg 225w\" sizes=\"(max-width: 480px) 100vw, 480px\" \/><\/figure>\n<figcaption class=\"blocks-gallery-caption wp-element-caption\">Le n\u0153ud Bretzel en 3 \u00e9tapes<\/figcaption><\/figure>\n\n\n\n<div style=\"height:30px\" aria-hidden=\"true\" class=\"wp-block-spacer\"><\/div>\n\n\n\n<h2 class=\"wp-block-heading\">Il existe tellement de diff\u00e9rents n\u0153uds d\u2019\u00e9charpes&nbsp;: d\u00e9couvrez encore plus de nouages.&nbsp;<\/h2>\n\n\n\n<div style=\"height:30px\" aria-hidden=\"true\" class=\"wp-block-spacer\"><\/div>\n\n\n\n<p>On n\u00e9glige souvent <strong>le pouvoir d&#8217;un n\u0153ud d&#8217;\u00e9charpe<\/strong> bien r\u00e9alis\u00e9. Pourtant, la mani\u00e8re dont on porte une \u00e9charpe d\u00e9finie aussi notre allure, notre look. Que vous soyez adepte du look d\u00e9contract\u00e9, boh\u00e8me, chic citadin ou d&#8217;une \u00e9l\u00e9gance intemporelle, il existe tellement de fa\u00e7on de nouer son \u00e9charpe pour vous mettre en valeur et d&#8217;en faire un v\u00e9ritable accessoire de mode pour sublimer vos tenues.<\/p>\n\n\n\n<div style=\"height:30px\" aria-hidden=\"true\" class=\"wp-block-spacer\"><\/div>\n\n\n\n<figure class=\"wp-block-gallery has-nested-images columns-default is-cropped wp-block-gallery-20 is-layout-flex wp-block-gallery-is-layout-flex\">\n<figure class=\"wp-block-image size-large\"><img decoding=\"async\" width=\"640\" height=\"480\" data-id=\"1701\" src=\"https:\/\/www.lafabriquedecharpe.fr\/blog\/wp-content\/uploads\/2024\/09\/IMG_3023.jpg\" alt=\"\" class=\"wp-image-1701\"\/><\/figure>\n\n\n\n<figure class=\"wp-block-image size-large\"><img decoding=\"async\" width=\"355\" height=\"566\" data-id=\"401\" src=\"https:\/\/www.lafabriquedecharpe.fr\/blog\/wp-content\/uploads\/2022\/02\/image-8.jpg\" alt=\"\" class=\"wp-image-401\" srcset=\"https:\/\/www.lafabriquedecharpe.fr\/blog\/wp-content\/uploads\/2022\/02\/image-8.jpg 355w, https:\/\/www.lafabriquedecharpe.fr\/blog\/wp-content\/uploads\/2022\/02\/image-8-188x300.jpg 188w\" sizes=\"(max-width: 355px) 100vw, 355px\" \/><\/figure>\n\n\n\n<figure class=\"wp-block-image size-large\"><img decoding=\"async\" width=\"439\" height=\"568\" data-id=\"402\" src=\"https:\/\/www.lafabriquedecharpe.fr\/blog\/wp-content\/uploads\/2022\/02\/nouage-6.jpg\" alt=\"\" class=\"wp-image-402\" srcset=\"https:\/\/www.lafabriquedecharpe.fr\/blog\/wp-content\/uploads\/2022\/02\/nouage-6.jpg 439w, https:\/\/www.lafabriquedecharpe.fr\/blog\/wp-content\/uploads\/2022\/02\/nouage-6-232x300.jpg 232w\" sizes=\"(max-width: 439px) 100vw, 439px\" \/><\/figure>\n\n\n\n<figure class=\"wp-block-image size-large\"><img decoding=\"async\" width=\"480\" height=\"640\" data-id=\"315\" src=\"https:\/\/www.lafabriquedecharpe.fr\/blog\/wp-content\/uploads\/2021\/09\/Noeud-fa\u00e7on-chale.jpg\" alt=\"\" class=\"wp-image-315\" srcset=\"https:\/\/www.lafabriquedecharpe.fr\/blog\/wp-content\/uploads\/2021\/09\/Noeud-fa\u00e7on-chale.jpg 480w, https:\/\/www.lafabriquedecharpe.fr\/blog\/wp-content\/uploads\/2021\/09\/Noeud-fa\u00e7on-chale-225x300.jpg 225w\" sizes=\"(max-width: 480px) 100vw, 480px\" \/><\/figure>\n\n\n\n<figure class=\"wp-block-image size-large\"><img decoding=\"async\" width=\"480\" height=\"640\" data-id=\"405\" src=\"https:\/\/www.lafabriquedecharpe.fr\/blog\/wp-content\/uploads\/2022\/02\/noeud-bretzel.jpg\" alt=\"\" class=\"wp-image-405\" srcset=\"https:\/\/www.lafabriquedecharpe.fr\/blog\/wp-content\/uploads\/2022\/02\/noeud-bretzel.jpg 480w, https:\/\/www.lafabriquedecharpe.fr\/blog\/wp-content\/uploads\/2022\/02\/noeud-bretzel-225x300.jpg 225w\" sizes=\"(max-width: 480px) 100vw, 480px\" \/><\/figure>\n\n\n\n<figure class=\"wp-block-image size-large\"><img decoding=\"async\" width=\"640\" height=\"480\" data-id=\"1696\" src=\"https:\/\/www.lafabriquedecharpe.fr\/blog\/wp-content\/uploads\/2024\/09\/IMG_3020.jpg\" alt=\"\" class=\"wp-image-1696\"\/><\/figure>\n<figcaption class=\"blocks-gallery-caption wp-element-caption\">Plusieurs nouages sp\u00e9cifiques<\/figcaption><\/figure>\n\n\n\n<div style=\"height:30px\" aria-hidden=\"true\" class=\"wp-block-spacer\"><\/div>\n\n\n\n<p>Et venez d\u00e9couvrir tous<a href=\"https:\/\/www.lafabriquedecharpe.fr\/cat-les-echarpes-83.htm?matiere=soie&amp;f=1\"> nos foulards en soie<\/a>, <a href=\"https:\/\/www.lafabriquedecharpe.fr\/cat-les-echarpes-83.htm?matiere=coton&amp;f=1\">nos \u00e9toles en coton\/soie<\/a>, <a href=\"https:\/\/www.lafabriquedecharpe.fr\/cat-les-echarpes-83.htm?matiere=laine&amp;f=1\">nos \u00e9charpes en laine\/soie<\/a> sur notre site <a href=\"https:\/\/www.lafabriquedecharpe.fr\/art-etole-coton-bleu-et-blanc-arum-1346.htm\">La Fabrique d&#8217;\u00e9charpe.fr<\/a>, fabrication fran\u00e7aise artisanale en mati\u00e8re naturelle exclusivement, respectueuse de l&#8217;environnement.<\/p>\n\n\n\n<div style=\"height:100px\" aria-hidden=\"true\" class=\"wp-block-spacer\"><\/div>\n","protected":false},"excerpt":{"rendered":"<p>Vous voulez savoir comment porter un foulard en soie avec style? D\u00e9couvrez toutes les techniques pour nouer votre foulard en soie autour du cou, dans les cheveux ou en accessoire de mode, et adoptez l&#8217;\u00e9l\u00e9gance intemporelle de la soie.<\/p>\n","protected":false},"author":3,"featured_media":2788,"comment_status":"open","ping_status":"open","sticky":false,"template":"","format":"standard","meta":{"footnotes":""},"categories":[1],"tags":[139,504,503,500,60,502,22,505,8],"yoast_head":"<!-- This site is optimized with the Yoast SEO plugin v19.9 - https:\/\/yoast.com\/wordpress\/plugins\/seo\/ -->\n<title>Comment porter un foulard en soie avec \u00e9l\u00e9gance et style - La fabrique d&#039;\u00e9charpe<\/title>\n<meta name=\"description\" content=\"Vous voulez savoir comment porter un foulard en soie avec style? D\u00e9couvrez toutes les techniques pour nouer votre foulard en soie autour du cou, dans les cheveux ou en accessoire de mode, et adoptez l&#039;\u00e9l\u00e9gance intemporelle de la soie.\" \/>\n<meta name=\"robots\" content=\"index, follow, max-snippet:-1, max-image-preview:large, max-video-preview:-1\" \/>\n<link rel=\"canonical\" href=\"https:\/\/www.lafabriquedecharpe.fr\/blog\/comment-porter-un-foulard-en-soie-avec-elegance-et-style\/\" \/>\n<meta property=\"og:locale\" content=\"fr_FR\" \/>\n<meta property=\"og:type\" content=\"article\" \/>\n<meta property=\"og:title\" content=\"Comment porter un foulard en soie avec \u00e9l\u00e9gance et style - La fabrique d&#039;\u00e9charpe\" \/>\n<meta property=\"og:description\" content=\"Vous voulez savoir comment porter un foulard en soie avec style? D\u00e9couvrez toutes les techniques pour nouer votre foulard en soie autour du cou, dans les cheveux ou en accessoire de mode, et adoptez l&#039;\u00e9l\u00e9gance intemporelle de la soie.\" \/>\n<meta property=\"og:url\" content=\"https:\/\/www.lafabriquedecharpe.fr\/blog\/comment-porter-un-foulard-en-soie-avec-elegance-et-style\/\" \/>\n<meta property=\"og:site_name\" content=\"La fabrique d&#039;\u00e9charpe\" \/>\n<meta property=\"article:published_time\" content=\"2026-04-13T14:05:45+00:00\" \/>\n<meta property=\"article:modified_time\" content=\"2026-04-13T14:05:46+00:00\" \/>\n<meta property=\"og:image\" content=\"https:\/\/www.lafabriquedecharpe.fr\/blog\/wp-content\/uploads\/2026\/04\/Bandeau-porter-un-foulard-en-soie-avec-elegance-et-style.jpg\" \/>\n\t<meta property=\"og:image:width\" content=\"2111\" \/>\n\t<meta property=\"og:image:height\" content=\"756\" \/>\n\t<meta property=\"og:image:type\" content=\"image\/jpeg\" \/>\n<meta name=\"author\" content=\"Christine DEGURSE\" \/>\n<meta name=\"twitter:card\" content=\"summary_large_image\" \/>\n<meta name=\"twitter:label1\" content=\"\u00c9crit par\" \/>\n\t<meta name=\"twitter:data1\" content=\"Christine DEGURSE\" \/>\n\t<meta name=\"twitter:label2\" content=\"Dur\u00e9e de lecture estim\u00e9e\" \/>\n\t<meta name=\"twitter:data2\" content=\"8 minutes\" \/>\n<!-- \/ Yoast SEO plugin. -->","yoast_head_json":{"title":"Comment porter un foulard en soie avec \u00e9l\u00e9gance et style - La fabrique d&#039;\u00e9charpe","description":"Vous voulez savoir comment porter un foulard en soie avec style? D\u00e9couvrez toutes les techniques pour nouer votre foulard en soie autour du cou, dans les cheveux ou en accessoire de mode, et adoptez l'\u00e9l\u00e9gance intemporelle de la soie.","robots":{"index":"index","follow":"follow","max-snippet":"max-snippet:-1","max-image-preview":"max-image-preview:large","max-video-preview":"max-video-preview:-1"},"canonical":"https:\/\/www.lafabriquedecharpe.fr\/blog\/comment-porter-un-foulard-en-soie-avec-elegance-et-style\/","og_locale":"fr_FR","og_type":"article","og_title":"Comment porter un foulard en soie avec \u00e9l\u00e9gance et style - La fabrique d&#039;\u00e9charpe","og_description":"Vous voulez savoir comment porter un foulard en soie avec style? D\u00e9couvrez toutes les techniques pour nouer votre foulard en soie autour du cou, dans les cheveux ou en accessoire de mode, et adoptez l'\u00e9l\u00e9gance intemporelle de la soie.","og_url":"https:\/\/www.lafabriquedecharpe.fr\/blog\/comment-porter-un-foulard-en-soie-avec-elegance-et-style\/","og_site_name":"La fabrique d&#039;\u00e9charpe","article_published_time":"2026-04-13T14:05:45+00:00","article_modified_time":"2026-04-13T14:05:46+00:00","og_image":[{"width":2111,"height":756,"url":"https:\/\/www.lafabriquedecharpe.fr\/blog\/wp-content\/uploads\/2026\/04\/Bandeau-porter-un-foulard-en-soie-avec-elegance-et-style.jpg","type":"image\/jpeg"}],"author":"Christine DEGURSE","twitter_card":"summary_large_image","twitter_misc":{"\u00c9crit par":"Christine DEGURSE","Dur\u00e9e de lecture estim\u00e9e":"8 minutes"},"schema":{"@context":"https:\/\/schema.org","@graph":[{"@type":"WebPage","@id":"https:\/\/www.lafabriquedecharpe.fr\/blog\/comment-porter-un-foulard-en-soie-avec-elegance-et-style\/","url":"https:\/\/www.lafabriquedecharpe.fr\/blog\/comment-porter-un-foulard-en-soie-avec-elegance-et-style\/","name":"Comment porter un foulard en soie avec \u00e9l\u00e9gance et style - La fabrique d&#039;\u00e9charpe","isPartOf":{"@id":"https:\/\/www.lafabriquedecharpe.fr\/blog\/#website"},"datePublished":"2026-04-13T14:05:45+00:00","dateModified":"2026-04-13T14:05:46+00:00","author":{"@id":"https:\/\/www.lafabriquedecharpe.fr\/blog\/#\/schema\/person\/1c703babc8565e57bc1ca3ba0698dabf"},"description":"Vous voulez savoir comment porter un foulard en soie avec style? D\u00e9couvrez toutes les techniques pour nouer votre foulard en soie autour du cou, dans les cheveux ou en accessoire de mode, et adoptez l'\u00e9l\u00e9gance intemporelle de la soie.","breadcrumb":{"@id":"https:\/\/www.lafabriquedecharpe.fr\/blog\/comment-porter-un-foulard-en-soie-avec-elegance-et-style\/#breadcrumb"},"inLanguage":"fr-FR","potentialAction":[{"@type":"ReadAction","target":["https:\/\/www.lafabriquedecharpe.fr\/blog\/comment-porter-un-foulard-en-soie-avec-elegance-et-style\/"]}]},{"@type":"BreadcrumbList","@id":"https:\/\/www.lafabriquedecharpe.fr\/blog\/comment-porter-un-foulard-en-soie-avec-elegance-et-style\/#breadcrumb","itemListElement":[{"@type":"ListItem","position":1,"name":"Accueil","item":"https:\/\/www.lafabriquedecharpe.fr\/blog\/"},{"@type":"ListItem","position":2,"name":"Comment porter un foulard en soie avec \u00e9l\u00e9gance et style"}]},{"@type":"WebSite","@id":"https:\/\/www.lafabriquedecharpe.fr\/blog\/#website","url":"https:\/\/www.lafabriquedecharpe.fr\/blog\/","name":"La fabrique d&#039;\u00e9charpe","description":"Le blog","potentialAction":[{"@type":"SearchAction","target":{"@type":"EntryPoint","urlTemplate":"https:\/\/www.lafabriquedecharpe.fr\/blog\/?s={search_term_string}"},"query-input":"required name=search_term_string"}],"inLanguage":"fr-FR"},{"@type":"Person","@id":"https:\/\/www.lafabriquedecharpe.fr\/blog\/#\/schema\/person\/1c703babc8565e57bc1ca3ba0698dabf","name":"Christine DEGURSE","image":{"@type":"ImageObject","inLanguage":"fr-FR","@id":"https:\/\/www.lafabriquedecharpe.fr\/blog\/#\/schema\/person\/image\/","url":"https:\/\/secure.gravatar.com\/avatar\/e41c40d8cae9026978cb106fc14af946?s=96&d=mm&r=g","contentUrl":"https:\/\/secure.gravatar.com\/avatar\/e41c40d8cae9026978cb106fc14af946?s=96&d=mm&r=g","caption":"Christine DEGURSE"},"url":"https:\/\/www.lafabriquedecharpe.fr\/blog\/author\/christine-degursewanadoo-fr\/"}]}},"_links":{"self":[{"href":"https:\/\/www.lafabriquedecharpe.fr\/blog\/wp-json\/wp\/v2\/posts\/2750"}],"collection":[{"href":"https:\/\/www.lafabriquedecharpe.fr\/blog\/wp-json\/wp\/v2\/posts"}],"about":[{"href":"https:\/\/www.lafabriquedecharpe.fr\/blog\/wp-json\/wp\/v2\/types\/post"}],"author":[{"embeddable":true,"href":"https:\/\/www.lafabriquedecharpe.fr\/blog\/wp-json\/wp\/v2\/users\/3"}],"replies":[{"embeddable":true,"href":"https:\/\/www.lafabriquedecharpe.fr\/blog\/wp-json\/wp\/v2\/comments?post=2750"}],"version-history":[{"count":17,"href":"https:\/\/www.lafabriquedecharpe.fr\/blog\/wp-json\/wp\/v2\/posts\/2750\/revisions"}],"predecessor-version":[{"id":2789,"href":"https:\/\/www.lafabriquedecharpe.fr\/blog\/wp-json\/wp\/v2\/posts\/2750\/revisions\/2789"}],"wp:featuredmedia":[{"embeddable":true,"href":"https:\/\/www.lafabriquedecharpe.fr\/blog\/wp-json\/wp\/v2\/media\/2788"}],"wp:attachment":[{"href":"https:\/\/www.lafabriquedecharpe.fr\/blog\/wp-json\/wp\/v2\/media?parent=2750"}],"wp:term":[{"taxonomy":"category","embeddable":true,"href":"https:\/\/www.lafabriquedecharpe.fr\/blog\/wp-json\/wp\/v2\/categories?post=2750"},{"taxonomy":"post_tag","embeddable":true,"href":"https:\/\/www.lafabriquedecharpe.fr\/blog\/wp-json\/wp\/v2\/tags?post=2750"}],"curies":[{"name":"wp","href":"https:\/\/api.w.org\/{rel}","templated":true}]}}