{"id":2791,"date":"2026-04-30T15:52:01","date_gmt":"2026-04-30T13:52:01","guid":{"rendered":"https:\/\/www.lafabriquedecharpe.fr\/blog\/?p=2791"},"modified":"2026-04-30T15:52:01","modified_gmt":"2026-04-30T13:52:01","slug":"comment-porter-un-carre-de-soie-avec-elegance-et-style","status":"publish","type":"post","link":"https:\/\/www.lafabriquedecharpe.fr\/blog\/comment-porter-un-carre-de-soie-avec-elegance-et-style\/","title":{"rendered":"Comment porter un carr\u00e9 de soie avec \u00e9l\u00e9gance et style"},"content":{"rendered":"\n<div style=\"height:100px\" aria-hidden=\"true\" class=\"wp-block-spacer\"><\/div>\n\n\n\n<p><strong>Le carr\u00e9 de soie<\/strong> est un accessoire de mode indispensable dans votre dressing. Cet accessoire \u00e9l\u00e9gant, c\u00e9l\u00e9br\u00e9 par toutes les maisons de Haute-Couture, a travers\u00e9 les d\u00e9cennies avec toujours plus de succ\u00e8s. Un foulard de soie apporte <strong>une touche \u00e9l\u00e9gante<\/strong> \u00e0 votre look, et peut transformer en un tour de main une tenue trop sobre ou sans personnalit\u00e9. Vous pouvez le choisir color\u00e9 pour<strong> une note pep&#8217;s<\/strong>, ou bien plus classique pour<strong> un style intemporel<\/strong>.  La mani\u00e8re de porter votre carr\u00e9 de soie vous offre encore diff\u00e9rentes fa\u00e7ons de sublimer votre look.<\/p>\n\n\n\n<div style=\"height:30px\" aria-hidden=\"true\" class=\"wp-block-spacer\"><\/div>\n\n\n\n<figure class=\"wp-block-image size-full is-resized\"><a href=\"https:\/\/www.lafabriquedecharpe.fr\/cat-les-echarpes-83.htm?matiere=soie&amp;sensation=leger&amp;f=1&amp;pagenumber=1\"><img decoding=\"async\" width=\"600\" height=\"600\" src=\"https:\/\/www.lafabriquedecharpe.fr\/blog\/wp-content\/uploads\/2026\/04\/ar-carrE-imprime-soie-bio-rouge-cloudy-1836.png\" alt=\"\" class=\"wp-image-2814\" style=\"aspect-ratio:1;width:841px;height:auto\" srcset=\"https:\/\/www.lafabriquedecharpe.fr\/blog\/wp-content\/uploads\/2026\/04\/ar-carrE-imprime-soie-bio-rouge-cloudy-1836.png 600w, https:\/\/www.lafabriquedecharpe.fr\/blog\/wp-content\/uploads\/2026\/04\/ar-carrE-imprime-soie-bio-rouge-cloudy-1836-300x300.png 300w, https:\/\/www.lafabriquedecharpe.fr\/blog\/wp-content\/uploads\/2026\/04\/ar-carrE-imprime-soie-bio-rouge-cloudy-1836-150x150.png 150w\" sizes=\"(max-width: 600px) 100vw, 600px\" \/><\/a><figcaption class=\"wp-element-caption\">Carr\u00e9 de soie &#8220;Cloudy&#8221; de la Fabrique d&#8217;\u00e9charpe.fr<\/figcaption><\/figure>\n\n\n\n<div style=\"height:30px\" aria-hidden=\"true\" class=\"wp-block-spacer\"><\/div>\n\n\n\n<h2 class=\"wp-block-heading\">Ma\u00eetriser les pliages de base pour bien porter votre carr\u00e9 de soie<\/h2>\n\n\n\n<div style=\"height:30px\" aria-hidden=\"true\" class=\"wp-block-spacer\"><\/div>\n\n\n\n<h3 class=\"wp-block-heading\">Le pliage en triangle pour un volume imm\u00e9diat: <\/h3>\n\n\n\n<ul>\n<li><strong>La technique plus simple<\/strong> pour porter votre carr\u00e9 de soie avec \u00e9l\u00e9gance est le pliage en triangle ou en pointe. Il suffit de plier le carr\u00e9 de soie en deux dans la diagonale, les deux pointes oppos\u00e9es l&#8217;une sur l&#8217;autre, pour former un triangle. Ensuite, il se porte sur les \u00e9paules avec les deux pans sur le devant libres ou nou\u00e9s selon votre choix. <\/li>\n<\/ul>\n\n\n\n<ul>\n<li>Une deuxi\u00e8me version consiste \u00e0 placer la pointe sur le devant avec un joli drap\u00e9 sur la poitrine et faire un tour derri\u00e8re le cou en croisant les deux petites pointes et revenir sur le devant avec ou sans n\u0153ud. Cette mani\u00e8re de porter votre carr\u00e9 de soie apporte <strong>un style plus d\u00e9contract\u00e9<\/strong>.<\/li>\n<\/ul>\n\n\n\n<div style=\"height:30px\" aria-hidden=\"true\" class=\"wp-block-spacer\"><\/div>\n\n\n\n<figure class=\"wp-block-gallery has-nested-images columns-default is-cropped wp-block-gallery-1 is-layout-flex wp-block-gallery-is-layout-flex\">\n<figure class=\"wp-block-image size-large\"><a href=\"https:\/\/www.lafabriquedecharpe.fr\/art-carrE-imprime-soie-bio-orange-aquarelle-1806.htm\"><img decoding=\"async\" width=\"640\" height=\"480\" data-id=\"2793\" src=\"https:\/\/www.lafabriquedecharpe.fr\/blog\/wp-content\/uploads\/2026\/04\/IMG_5064.jpeg\" alt=\"\" class=\"wp-image-2793\"\/><\/a><figcaption class=\"wp-element-caption\">nouage en triangle version 1<\/figcaption><\/figure>\n\n\n\n<figure class=\"wp-block-image size-large\"><a href=\"https:\/\/www.lafabriquedecharpe.fr\/art-carrE-imprime-soie-bio-orange-aquarelle-1806.htm\"><img decoding=\"async\" width=\"640\" height=\"480\" data-id=\"2792\" src=\"https:\/\/www.lafabriquedecharpe.fr\/blog\/wp-content\/uploads\/2026\/04\/IMG_5062.jpeg\" alt=\"\" class=\"wp-image-2792\"\/><\/a><figcaption class=\"wp-element-caption\">nouage en triangle version 2<\/figcaption><\/figure>\n\n\n\n<figure class=\"wp-block-image size-large\"><a href=\"https:\/\/www.lafabriquedecharpe.fr\/art-carrE-imprime-soie-bio-orange-aquarelle-1806.htm\"><img decoding=\"async\" width=\"640\" height=\"480\" data-id=\"2794\" src=\"https:\/\/www.lafabriquedecharpe.fr\/blog\/wp-content\/uploads\/2026\/04\/IMG_5063.jpeg\" alt=\"\" class=\"wp-image-2794\"\/><\/a><figcaption class=\"wp-element-caption\">nouage en triangle version 2<\/figcaption><\/figure>\n<\/figure>\n\n\n\n<div style=\"height:30px\" aria-hidden=\"true\" class=\"wp-block-spacer\"><\/div>\n\n\n\n<h3 class=\"wp-block-heading\">La technique de la bande pour un rendu \u00e9pur\u00e9<\/h3>\n\n\n\n<p>Une autre technique de pliage d&#8217;un carr\u00e9 de soie est d&#8217;arriver \u00e0 confectionner <strong>une bande de soie<\/strong> de largeur uniforme pour un port\u00e9 &#8220;style bandeaux&#8221;, soit autour du cou, soit dans les cheveux, soit sur un chapeau&#8230;.. Il suffit de rabattre successivement les pointes vers le centre du carr\u00e9 pour obtenir une bande d&#8217;une largeur convenable. La dimension du carr\u00e9 vous donnera la longueur des pans.<\/p>\n\n\n\n<div style=\"height:30px\" aria-hidden=\"true\" class=\"wp-block-spacer\"><\/div>\n\n\n\n<figure class=\"wp-block-gallery has-nested-images columns-default is-cropped wp-block-gallery-3 is-layout-flex wp-block-gallery-is-layout-flex\">\n<figure class=\"wp-block-image size-large\"><a href=\"https:\/\/www.lafabriquedecharpe.fr\/art-carrE-imprime-soie-bio-orange-aquarelle-1806.htm\"><img decoding=\"async\" width=\"640\" height=\"480\" data-id=\"2796\" src=\"https:\/\/www.lafabriquedecharpe.fr\/blog\/wp-content\/uploads\/2026\/04\/IMG_5065.jpeg\" alt=\"\" class=\"wp-image-2796\"\/><\/a><figcaption class=\"wp-element-caption\">Pliage en rabattant les pointe au centre du carr\u00e9<\/figcaption><\/figure>\n\n\n\n<figure class=\"wp-block-image size-large\"><a href=\"https:\/\/www.lafabriquedecharpe.fr\/art-carrE-imprime-soie-bio-orange-aquarelle-1806.htm\"><img decoding=\"async\" width=\"640\" height=\"480\" data-id=\"2795\" src=\"https:\/\/www.lafabriquedecharpe.fr\/blog\/wp-content\/uploads\/2026\/04\/IMG_5066.jpeg\" alt=\"\" class=\"wp-image-2795\"\/><\/a><figcaption class=\"wp-element-caption\">Bandeau nou\u00e9 autour du cou<\/figcaption><\/figure>\n\n\n\n<figure class=\"wp-block-image size-large\"><a href=\"https:\/\/www.lafabriquedecharpe.fr\/art-carrE-imprime-soie-bio-orange-aquarelle-1806.htm\"><img decoding=\"async\" width=\"640\" height=\"480\" data-id=\"2797\" src=\"https:\/\/www.lafabriquedecharpe.fr\/blog\/wp-content\/uploads\/2026\/04\/IMG_5067.jpeg\" alt=\"\" class=\"wp-image-2797\"\/><\/a><figcaption class=\"wp-element-caption\">bandeau nou\u00e9 sur votre chapeau<\/figcaption><\/figure>\n<\/figure>\n\n\n\n<div style=\"height:30px\" aria-hidden=\"true\" class=\"wp-block-spacer\"><\/div>\n\n\n\n<h2 class=\"wp-block-heading\">Comment nouer un carr\u00e9 de soie autour du cou: 3 techniques indispensables:<\/h2>\n\n\n\n<div style=\"height:30px\" aria-hidden=\"true\" class=\"wp-block-spacer\"><\/div>\n\n\n\n<h3 class=\"wp-block-heading\">Le n\u0153ud d&#8217;h\u00f4tesse pour un style chic et professionnel<\/h3>\n\n\n\n<p>Pour faire ce n\u0153ud style h\u00f4tesse, il vous faut <strong>un carr\u00e9 de soie de petite dimension<\/strong>, un carr\u00e9 45x45cm ou 50x50cm sera parfait. Confectionnez un bandeau de 10-15cm de large et nouez ce bandeau avec un joli n\u0153ud sur le cot\u00e9, (vous devrez faire un double n\u0153ud parce que la soie est une mati\u00e8re glissante), veuillez \u00e0 bien \u00e9quilibrer les pans pour un fini sym\u00e9trique.<\/p>\n\n\n\n<figure class=\"wp-block-gallery has-nested-images columns-default is-cropped wp-block-gallery-5 is-layout-flex wp-block-gallery-is-layout-flex\">\n<figure class=\"wp-block-image size-large\"><a href=\"https:\/\/www.lafabriquedecharpe.fr\/cat-les-echarpes-83.htm?matiere=soie&amp;sensation=leger,tres-chaud&amp;f=1&amp;pagenumber=1\"><img decoding=\"async\" width=\"600\" height=\"600\" data-id=\"2676\" src=\"https:\/\/www.lafabriquedecharpe.fr\/blog\/wp-content\/uploads\/2026\/03\/ar-carre-satin-soie-imprimee-coquillage-rouge-613.png\" alt=\"\" class=\"wp-image-2676\" srcset=\"https:\/\/www.lafabriquedecharpe.fr\/blog\/wp-content\/uploads\/2026\/03\/ar-carre-satin-soie-imprimee-coquillage-rouge-613.png 600w, https:\/\/www.lafabriquedecharpe.fr\/blog\/wp-content\/uploads\/2026\/03\/ar-carre-satin-soie-imprimee-coquillage-rouge-613-300x300.png 300w, https:\/\/www.lafabriquedecharpe.fr\/blog\/wp-content\/uploads\/2026\/03\/ar-carre-satin-soie-imprimee-coquillage-rouge-613-150x150.png 150w\" sizes=\"(max-width: 600px) 100vw, 600px\" \/><\/a><\/figure>\n\n\n\n<figure class=\"wp-block-image size-large\"><a href=\"https:\/\/www.lafabriquedecharpe.fr\/cat-les-echarpes-83.htm?matiere=soie&amp;sensation=leger,tres-chaud&amp;f=1&amp;pagenumber=1\"><img decoding=\"async\" width=\"600\" height=\"600\" data-id=\"2675\" src=\"https:\/\/www.lafabriquedecharpe.fr\/blog\/wp-content\/uploads\/2026\/03\/ar-carre-satin-soie-imprimee-givre-bleu-615.png\" alt=\"\" class=\"wp-image-2675\" srcset=\"https:\/\/www.lafabriquedecharpe.fr\/blog\/wp-content\/uploads\/2026\/03\/ar-carre-satin-soie-imprimee-givre-bleu-615.png 600w, https:\/\/www.lafabriquedecharpe.fr\/blog\/wp-content\/uploads\/2026\/03\/ar-carre-satin-soie-imprimee-givre-bleu-615-300x300.png 300w, https:\/\/www.lafabriquedecharpe.fr\/blog\/wp-content\/uploads\/2026\/03\/ar-carre-satin-soie-imprimee-givre-bleu-615-150x150.png 150w\" sizes=\"(max-width: 600px) 100vw, 600px\" \/><\/a><\/figure>\n<figcaption class=\"blocks-gallery-caption wp-element-caption\">Petit gavroche 45x45cm en soie<\/figcaption><\/figure>\n\n\n\n<div style=\"height:30px\" aria-hidden=\"true\" class=\"wp-block-spacer\"><\/div>\n\n\n\n<h3 class=\"wp-block-heading\">Le style ch\u00e8che et \u00e9charpe:<\/h3>\n\n\n\n<p>Vous pouvez nouer <strong>votre foulard de soie comme un ch\u00e8che<\/strong> ou comme une \u00e9charpe autour du cou, avec le n\u0153ud parisien, une simple boucle, ou une simple boucle renou\u00e9&#8230;tout d\u00e9pend de la dimension du carr\u00e9 que vous choisissez et de l&#8217;effet que vous aimez. Un carr\u00e9 90x90cm vous permet tous ces diff\u00e9rents nouages. Pour cr\u00e9er ces nouages, prenez votre carr\u00e9 en diagonale pour b\u00e9n\u00e9ficier de la plus grande longueur, et r\u00e9alisez vos n\u0153uds comme avec un ch\u00e8che, une \u00e9charpe ou un foulard rectangulaire. D\u00e9couvrez notre article:<a href=\"https:\/\/www.lafabriquedecharpe.fr\/blog\/comment-nouer-son-echarpe-en-8-facons-pour-rester-style-et-au-chaud\/\"> comment nouage son \u00e9charpe<\/a> en 8 fa\u00e7ons pour rester styl\u00e9<\/p>\n\n\n\n<div style=\"height:30px\" aria-hidden=\"true\" class=\"wp-block-spacer\"><\/div>\n\n\n\n<figure class=\"wp-block-gallery has-nested-images columns-default is-cropped wp-block-gallery-7 is-layout-flex wp-block-gallery-is-layout-flex\">\n<figure class=\"wp-block-image size-large\"><a href=\"https:\/\/www.lafabriquedecharpe.fr\/art-carrE-imprime-soie-bio-rouge-soierie-1820.htm\"><img decoding=\"async\" width=\"640\" height=\"480\" data-id=\"2799\" src=\"https:\/\/www.lafabriquedecharpe.fr\/blog\/wp-content\/uploads\/2026\/04\/IMG_5069.jpeg\" alt=\"\" class=\"wp-image-2799\"\/><\/a><figcaption class=\"wp-element-caption\">Le noeud parisien<\/figcaption><\/figure>\n\n\n\n<figure class=\"wp-block-image size-large\"><a href=\"https:\/\/www.lafabriquedecharpe.fr\/art-carrE-imprime-soie-bio-rouge-soierie-1820.htm\"><img decoding=\"async\" width=\"640\" height=\"480\" data-id=\"2800\" src=\"https:\/\/www.lafabriquedecharpe.fr\/blog\/wp-content\/uploads\/2026\/04\/IMG_5070.jpeg\" alt=\"\" class=\"wp-image-2800\"\/><\/a><figcaption class=\"wp-element-caption\">Le n\u0153ud simple<\/figcaption><\/figure>\n\n\n\n<figure class=\"wp-block-image size-large\"><a href=\"https:\/\/www.lafabriquedecharpe.fr\/art-carrE-imprime-soie-bio-rouge-soierie-1820.htm\"><img decoding=\"async\" width=\"640\" height=\"480\" data-id=\"2798\" src=\"https:\/\/www.lafabriquedecharpe.fr\/blog\/wp-content\/uploads\/2026\/04\/IMG_5068.jpeg\" alt=\"\" class=\"wp-image-2798\"\/><\/a><figcaption class=\"wp-element-caption\">La boucle renou\u00e9e<\/figcaption><\/figure>\n<\/figure>\n\n\n\n<div style=\"height:30px\" aria-hidden=\"true\" class=\"wp-block-spacer\"><\/div>\n\n\n\n<h3 class=\"wp-block-heading\">Les variantes masculines sobres<\/h3>\n\n\n\n<p><strong>Le carr\u00e9 de soie homme est un accessoire de luxe<\/strong> qui incarne raffinement et sophistication. En g\u00e9n\u00e9ral, pour le vestiaire masculin, on privil\u00e9gie des carr\u00e9s de soie plus petit, au coloris plus sobre, comme les bleus, les marine, les kakis, les gris&#8230;. <\/p>\n\n\n\n<p>Un carr\u00e9 de soie bien dispos\u00e9 \u00e0 l&#8217;int\u00e9rieur de la chemise, avec un n\u0153ud plat et structur\u00e9 transforme un look ordinaire en un style r\u00e9solument chic, \u00e9l\u00e9gant et raffin\u00e9, voir <a href=\"https:\/\/www.lafabriquedecharpe.fr\/art-carrE-imprime-soie-bio-bleu-soierie-1818.htm\">notre mod\u00e8le &#8220;Soierie&#8221;<\/a> un carr\u00e9 100%soie Bio, pour <strong>un achat \u00e9co-responsable fabriqu\u00e9 en France<\/strong>. <\/p>\n\n\n\n<p>Un foulard de soie utilis\u00e9 en \u00e9charpe cet hiver, vous apportera<strong> \u00e9l\u00e9gance et confort<\/strong>, la soie est une mati\u00e8re naturelle respirante, l\u00e9g\u00e8re, thermor\u00e9gulatrice; id\u00e9ale en toute saison. D\u00e9couvrez <a href=\"https:\/\/www.lafabriquedecharpe.fr\/art-foulard-homme-soie-bleu-vincent-339.htm\">notre mod\u00e8le &#8220;Vincent&#8221;<\/a> en 100%soie, un foulard en tissage Jacquard chic et \u00e9l\u00e9gant.<\/p>\n\n\n\n<div style=\"height:30px\" aria-hidden=\"true\" class=\"wp-block-spacer\"><\/div>\n\n\n\n<figure class=\"wp-block-gallery has-nested-images columns-default is-cropped wp-block-gallery-9 is-layout-flex wp-block-gallery-is-layout-flex\">\n<figure class=\"wp-block-image size-large\"><a href=\"https:\/\/www.lafabriquedecharpe.fr\/art-carrE-imprime-soie-bio-bleu-soierie-1818.htm\"><img decoding=\"async\" width=\"640\" height=\"480\" data-id=\"2801\" src=\"https:\/\/www.lafabriquedecharpe.fr\/blog\/wp-content\/uploads\/2026\/04\/IMG_5071.jpeg\" alt=\"\" class=\"wp-image-2801\"\/><\/a><figcaption class=\"wp-element-caption\">Mod\u00e8le Soierie, noeud plat<\/figcaption><\/figure>\n\n\n\n<figure class=\"wp-block-image size-large\"><a href=\"https:\/\/www.lafabriquedecharpe.fr\/art-foulard-homme-soie-bleu-vincent-339.htm\"><img decoding=\"async\" width=\"600\" height=\"600\" data-id=\"2802\" src=\"https:\/\/www.lafabriquedecharpe.fr\/blog\/wp-content\/uploads\/2026\/04\/ar-foulard-homme-soie-bleu-vincent-339.png\" alt=\"\" class=\"wp-image-2802\" srcset=\"https:\/\/www.lafabriquedecharpe.fr\/blog\/wp-content\/uploads\/2026\/04\/ar-foulard-homme-soie-bleu-vincent-339.png 600w, https:\/\/www.lafabriquedecharpe.fr\/blog\/wp-content\/uploads\/2026\/04\/ar-foulard-homme-soie-bleu-vincent-339-300x300.png 300w, https:\/\/www.lafabriquedecharpe.fr\/blog\/wp-content\/uploads\/2026\/04\/ar-foulard-homme-soie-bleu-vincent-339-150x150.png 150w\" sizes=\"(max-width: 600px) 100vw, 600px\" \/><\/a><figcaption class=\"wp-element-caption\">Mod\u00e9le Vincent, tissage Jacquard, 100%soie <\/figcaption><\/figure>\n<\/figure>\n\n\n\n<div style=\"height:30px\" aria-hidden=\"true\" class=\"wp-block-spacer\"><\/div>\n\n\n\n<h2 class=\"wp-block-heading\">Portez un carr\u00e9 de soie dans les cheveux avec style<\/h2>\n\n\n\n<div style=\"height:30px\" aria-hidden=\"true\" class=\"wp-block-spacer\"><\/div>\n\n\n\n<h3 class=\"wp-block-heading\">Le carr\u00e9 ou le bandeau boh\u00e8me avec astuces antid\u00e9rapantes<\/h3>\n\n\n\n<p>Pour un style boh\u00e8me, <a href=\"https:\/\/www.lafabriquedecharpe.fr\/art-carrE-imprime-soie-bio-beige-marin-1815.htm\">votre carr\u00e9 de soie<\/a> sera du bel effet dans votre chevelure: simplement en fichu renou\u00e9 derri\u00e8re la t\u00eate, ou en bandeau pour retenir votre chevelure. Nous vous conseillons d&#8217;\u00e9viter le glissement du bandeau soie par 2 pinces \u00e0 cheveux invisibles pour stabiliser la soie. Voil\u00e0, vous venez de cr\u00e9er <strong>une coiffure estivale et styl\u00e9e<\/strong>.<\/p>\n\n\n\n<div style=\"height:30px\" aria-hidden=\"true\" class=\"wp-block-spacer\"><\/div>\n\n\n\n<div style=\"height:0px\" aria-hidden=\"true\" class=\"wp-block-spacer\"><\/div>\n\n\n\n<figure class=\"wp-block-gallery has-nested-images columns-default is-cropped wp-block-gallery-11 is-layout-flex wp-block-gallery-is-layout-flex\">\n<figure class=\"wp-block-image size-large\"><a href=\"https:\/\/www.lafabriquedecharpe.fr\/art-carrE-imprime-soie-bio-beige-marin-1815.htm\"><img decoding=\"async\" width=\"600\" height=\"600\" data-id=\"2803\" src=\"https:\/\/www.lafabriquedecharpe.fr\/blog\/wp-content\/uploads\/2026\/04\/ar-carrE-imprime-soie-bio-beige-marin-1815_7573.png\" alt=\"\" class=\"wp-image-2803\" srcset=\"https:\/\/www.lafabriquedecharpe.fr\/blog\/wp-content\/uploads\/2026\/04\/ar-carrE-imprime-soie-bio-beige-marin-1815_7573.png 600w, https:\/\/www.lafabriquedecharpe.fr\/blog\/wp-content\/uploads\/2026\/04\/ar-carrE-imprime-soie-bio-beige-marin-1815_7573-300x300.png 300w, https:\/\/www.lafabriquedecharpe.fr\/blog\/wp-content\/uploads\/2026\/04\/ar-carrE-imprime-soie-bio-beige-marin-1815_7573-150x150.png 150w\" sizes=\"(max-width: 600px) 100vw, 600px\" \/><\/a><\/figure>\n\n\n\n<figure class=\"wp-block-image size-large\"><a href=\"https:\/\/www.lafabriquedecharpe.fr\/art-carrE-imprime-soie-bio-beige-marin-1815.htm\"><img decoding=\"async\" width=\"600\" height=\"600\" data-id=\"2804\" src=\"https:\/\/www.lafabriquedecharpe.fr\/blog\/wp-content\/uploads\/2026\/04\/ar-carrE-imprime-soie-bio-beige-marin-1815.png\" alt=\"\" class=\"wp-image-2804\" srcset=\"https:\/\/www.lafabriquedecharpe.fr\/blog\/wp-content\/uploads\/2026\/04\/ar-carrE-imprime-soie-bio-beige-marin-1815.png 600w, https:\/\/www.lafabriquedecharpe.fr\/blog\/wp-content\/uploads\/2026\/04\/ar-carrE-imprime-soie-bio-beige-marin-1815-300x300.png 300w, https:\/\/www.lafabriquedecharpe.fr\/blog\/wp-content\/uploads\/2026\/04\/ar-carrE-imprime-soie-bio-beige-marin-1815-150x150.png 150w\" sizes=\"(max-width: 600px) 100vw, 600px\" \/><\/a><\/figure>\n<\/figure>\n\n\n\n<div style=\"height:30px\" aria-hidden=\"true\" class=\"wp-block-spacer\"><\/div>\n\n\n\n<h3 class=\"wp-block-heading\">Habillez un chignon pour une allure sophistiqu\u00e9<\/h3>\n\n\n\n<p>Embellissez <strong>votre chignon<\/strong> avec un foulard de soie. Pliez votre carr\u00e9 de mani\u00e8re \u00e0 r\u00e9aliser une bande peu \u00e9paisse, enroulez d\u00e9licatement cette bande autour de la base du chignon en deux ou trois tours, puis nouez au niveau de la nuque, en cachant bien les pointes sous le bandeau. Un foulard de soie int\u00e9gr\u00e9 compl\u00e8tement dans votre coiffure sera ravissant cet \u00e9t\u00e9<\/p>\n\n\n\n<div style=\"height:30px\" aria-hidden=\"true\" class=\"wp-block-spacer\"><\/div>\n\n\n\n<h3 class=\"wp-block-heading\">Transformer votre carr\u00e9 en v\u00eatement ou accessoire de mode<\/h3>\n\n\n\n<p>Un carr\u00e9 de soie grand format se transforme ais\u00e9ment en <strong>top dos nu estival<\/strong>, mais comment s&#8217;y prendre? Nous vous conseillons trois fa\u00e7ons de faire:<\/p>\n\n\n\n<div style=\"height:30px\" aria-hidden=\"true\" class=\"wp-block-spacer\"><\/div>\n\n\n\n<ul>\n<li><strong>1\u00e8re fa\u00e7on<\/strong>:<\/li>\n<\/ul>\n\n\n\n<p>Afin de vous faire un joli top en soie, il vous faut un grand carr\u00e9 de soie d&#8217;un format minimum de 90x90cm.&nbsp;<strong>Nouez deux extr\u00e9mit\u00e9s du carr\u00e9 ensemble, et passez votre t\u00eate \u00e0 l&#8217;int\u00e9rieur du rond form\u00e9.<\/strong>&nbsp;Nouez ensuite les deux autres extr\u00e9mit\u00e9s dans le bas du dos, en serrant l\u00e9g\u00e8rement pour bien ajuster le tissu sous les bras. Ce premier top un peu blousant se porte facilement sur un jean pour une note chic et d\u00e9contract\u00e9e<\/p>\n\n\n\n<div style=\"height:30px\" aria-hidden=\"true\" class=\"wp-block-spacer\"><\/div>\n\n\n\n<figure class=\"wp-block-gallery has-nested-images columns-default is-cropped wp-block-gallery-13 is-layout-flex wp-block-gallery-is-layout-flex\">\n<figure class=\"wp-block-image size-large\"><a href=\"https:\/\/www.lafabriquedecharpe.fr\/art-carrE-imprime-soie-bio-vert-tableau-1817.htm\"><img decoding=\"async\" width=\"640\" height=\"480\" data-id=\"2809\" src=\"https:\/\/www.lafabriquedecharpe.fr\/blog\/wp-content\/uploads\/2026\/04\/IMG_5075.jpeg\" alt=\"\" class=\"wp-image-2809\"\/><\/a><\/figure>\n\n\n\n<figure class=\"wp-block-image size-large\"><a href=\"https:\/\/www.lafabriquedecharpe.fr\/art-carrE-imprime-soie-bio-vert-tableau-1817.htm\"><img decoding=\"async\" width=\"640\" height=\"480\" data-id=\"2808\" src=\"https:\/\/www.lafabriquedecharpe.fr\/blog\/wp-content\/uploads\/2026\/04\/IMG_5076.jpeg\" alt=\"\" class=\"wp-image-2808\"\/><\/a><\/figure>\n<\/figure>\n\n\n\n<div style=\"height:30px\" aria-hidden=\"true\" class=\"wp-block-spacer\"><\/div>\n\n\n\n<ul>\n<li><strong>2\u00e8me fa\u00e7on de plier votre foulard pour un top dos nu<\/strong>:<\/li>\n<\/ul>\n\n\n\n<p>Pliez le grand carr\u00e9 de 90x90cm en 2 afin de former un triangle, positionner les 2 pointes au niveau du cou. Faites un double n\u0153ud au niveau de la nuque. Ensuite r\u00e9aliser un deuxi\u00e8me n\u0153ud solide au niveau de la taille. Voil\u00e0 un second montage pour<strong> un top tendance<\/strong> plus ajust\u00e9, original et parfait pour l&#8217;\u00e9t\u00e9 <\/p>\n\n\n\n<div style=\"height:30px\" aria-hidden=\"true\" class=\"wp-block-spacer\"><\/div>\n\n\n\n<figure class=\"wp-block-gallery has-nested-images columns-default is-cropped wp-block-gallery-15 is-layout-flex wp-block-gallery-is-layout-flex\">\n<figure class=\"wp-block-image size-large\"><a href=\"https:\/\/www.lafabriquedecharpe.fr\/art-carrE-imprime-soie-bio-vert-tableau-1817.htm\"><img decoding=\"async\" width=\"640\" height=\"480\" data-id=\"2807\" src=\"https:\/\/www.lafabriquedecharpe.fr\/blog\/wp-content\/uploads\/2026\/04\/IMG_5072.jpeg\" alt=\"\" class=\"wp-image-2807\"\/><\/a><\/figure>\n\n\n\n<figure class=\"wp-block-image size-large\"><a href=\"https:\/\/www.lafabriquedecharpe.fr\/art-carrE-imprime-soie-bio-vert-tableau-1817.htm\"><img decoding=\"async\" width=\"640\" height=\"480\" data-id=\"2806\" src=\"https:\/\/www.lafabriquedecharpe.fr\/blog\/wp-content\/uploads\/2026\/04\/IMG_5074.jpeg\" alt=\"\" class=\"wp-image-2806\"\/><\/a><\/figure>\n<\/figure>\n\n\n\n<div style=\"height:30px\" aria-hidden=\"true\" class=\"wp-block-spacer\"><\/div>\n\n\n\n<ul>\n<li><strong>3\u00e8me fa\u00e7on<\/strong><\/li>\n<\/ul>\n\n\n\n<p>Pliez de nouveau votre foulard dans la diagonale et nouez les deux coins jusqu&#8217;\u00e0 obtenir deux pans de 20cm. Placez-le devant votre cou puis fa\u00eetes un double n\u0153ud aux extr\u00e9mit\u00e9s autour de votre cou. Vous obtenez deux n\u0153uds : un simple devant et un double derri\u00e8re la nuque. Enfin, accrochez les deux autres angles derri\u00e8re le dos. Et voil\u00e0, vous avez cr\u00e9\u00e9 avec <strong>votre foulard soie un top ultra chic<\/strong> pour vos soir\u00e9es cet \u00e9t\u00e9.<\/p>\n\n\n\n<div style=\"height:30px\" aria-hidden=\"true\" class=\"wp-block-spacer\"><\/div>\n\n\n\n<figure class=\"wp-block-gallery has-nested-images columns-default is-cropped wp-block-gallery-17 is-layout-flex wp-block-gallery-is-layout-flex\">\n<figure class=\"wp-block-image size-large\"><a href=\"https:\/\/www.lafabriquedecharpe.fr\/art-carrE-imprime-soie-bio-vert-tableau-1817.htm\"><img decoding=\"async\" width=\"640\" height=\"480\" data-id=\"2810\" src=\"https:\/\/www.lafabriquedecharpe.fr\/blog\/wp-content\/uploads\/2026\/04\/IMG_5077.jpeg\" alt=\"\" class=\"wp-image-2810\"\/><\/a><\/figure>\n\n\n\n<figure class=\"wp-block-image size-large\"><a href=\"https:\/\/www.lafabriquedecharpe.fr\/art-carrE-imprime-soie-bio-vert-tableau-1817.htm\"><img decoding=\"async\" width=\"640\" height=\"480\" data-id=\"2811\" src=\"https:\/\/www.lafabriquedecharpe.fr\/blog\/wp-content\/uploads\/2026\/04\/IMG_5078.jpeg\" alt=\"\" class=\"wp-image-2811\"\/><\/a><\/figure>\n<\/figure>\n\n\n\n<div style=\"height:30px\" aria-hidden=\"true\" class=\"wp-block-spacer\"><\/div>\n\n\n\n<h3 class=\"wp-block-heading\">Personnaliser son sac \u00e0 main ou sa ceinture<\/h3>\n\n\n\n<p>Personnalisez <strong>votre sac \u00e0 main<\/strong> avec un carr\u00e9 de soie pour lui apporter une note po\u00e9tique et \u00e9l\u00e9gante. Choisissez un motif qui se marie \u00e0 la couleur de votre sac pour un style&nbsp;intemporel ou un motif plus contrast\u00e9 pour une touche originale. Pliez le carr\u00e9 en diagonale avec les pans \u00e0 l&#8217;int\u00e9rieur pour former une bande,&nbsp;puis nouez le autour de la anse de votre sac avec un double n\u0153ud, ou un noeud papillon. Cet accessoire peut \u00eatre aussi enroul\u00e9 autour de la anse de votre sac \u00e0 main et ajoute une touche de couleur \u00e0 votre tenue, contrast\u00e9 ou monochrome.<\/p>\n\n\n\n<p>De m\u00eame, utilisez vos carr\u00e9s et foulards de soie en ceinture pour sublimer robes et pantalons. Exp\u00e9rimentez un petit n\u0153ud sur le passant de votre jean pour une touche originale et sophistiqu\u00e9e.<\/p>\n\n\n\n<div style=\"height:30px\" aria-hidden=\"true\" class=\"wp-block-spacer\"><\/div>\n\n\n\n<figure class=\"wp-block-image size-full\"><a href=\"https:\/\/www.lafabriquedecharpe.fr\/art-ruban-rouge-twill-soie-bio-soierie-1855.htm\"><img decoding=\"async\" width=\"600\" height=\"600\" src=\"https:\/\/www.lafabriquedecharpe.fr\/blog\/wp-content\/uploads\/2026\/04\/ar-ruban-rouge-twill-soie-bio-soierie-1855.png\" alt=\"\" class=\"wp-image-2812\" srcset=\"https:\/\/www.lafabriquedecharpe.fr\/blog\/wp-content\/uploads\/2026\/04\/ar-ruban-rouge-twill-soie-bio-soierie-1855.png 600w, https:\/\/www.lafabriquedecharpe.fr\/blog\/wp-content\/uploads\/2026\/04\/ar-ruban-rouge-twill-soie-bio-soierie-1855-300x300.png 300w, https:\/\/www.lafabriquedecharpe.fr\/blog\/wp-content\/uploads\/2026\/04\/ar-ruban-rouge-twill-soie-bio-soierie-1855-150x150.png 150w\" sizes=\"(max-width: 600px) 100vw, 600px\" \/><\/a><figcaption class=\"wp-element-caption\">Petit accessoire en soie en fantaisie \u00e0 la taille<\/figcaption><\/figure>\n\n\n\n<div style=\"height:30px\" aria-hidden=\"true\" class=\"wp-block-spacer\"><\/div>\n\n\n\n<p>Retrouvez tous ces accessoires en soie avec ses multitudes de coloris et de motifs, sur notre site <\/p>\n\n\n\n<p><a href=\"https:\/\/www.lafabriquedecharpe.fr\/\">La Fabrique d&#8217;\u00e9charpe .fr<\/a><\/p>\n\n\n\n<div style=\"height:100px\" aria-hidden=\"true\" class=\"wp-block-spacer\"><\/div>\n","protected":false},"excerpt":{"rendered":"<p>Vous voulez savoir comment porter un carr\u00e9 de soie avec style? D\u00e9couvrez toutes les techniques pour nouer votre foulard en soie autour du cou, dans les cheveux ou en accessoire de mode, et adoptez l&#8217;\u00e9l\u00e9gance intemporelle de la soie<\/p>\n","protected":false},"author":3,"featured_media":2817,"comment_status":"open","ping_status":"open","sticky":false,"template":"","format":"standard","meta":{"footnotes":""},"categories":[1],"tags":[41,507,462,508,509,60,506,22],"yoast_head":"<!-- This site is optimized with the Yoast SEO plugin v19.9 - https:\/\/yoast.com\/wordpress\/plugins\/seo\/ -->\n<title>Comment porter un carr\u00e9 de soie avec \u00e9l\u00e9gance et style - La fabrique d&#039;\u00e9charpe<\/title>\n<meta name=\"description\" content=\"Vous voulez savoir comment porter un carr\u00e9 de soie avec style? D\u00e9couvrez toutes les techniques pour nouer votre foulard en soie autour du cou, dans les cheveux ou en accessoire de mode, et adoptez l&#039;\u00e9l\u00e9gance intemporelle de la soie\" \/>\n<meta name=\"robots\" content=\"index, follow, max-snippet:-1, max-image-preview:large, max-video-preview:-1\" \/>\n<link rel=\"canonical\" href=\"https:\/\/www.lafabriquedecharpe.fr\/blog\/comment-porter-un-carre-de-soie-avec-elegance-et-style\/\" \/>\n<meta property=\"og:locale\" content=\"fr_FR\" \/>\n<meta property=\"og:type\" content=\"article\" \/>\n<meta property=\"og:title\" content=\"Comment porter un carr\u00e9 de soie avec \u00e9l\u00e9gance et style - La fabrique d&#039;\u00e9charpe\" \/>\n<meta property=\"og:description\" content=\"Vous voulez savoir comment porter un carr\u00e9 de soie avec style? D\u00e9couvrez toutes les techniques pour nouer votre foulard en soie autour du cou, dans les cheveux ou en accessoire de mode, et adoptez l&#039;\u00e9l\u00e9gance intemporelle de la soie\" \/>\n<meta property=\"og:url\" content=\"https:\/\/www.lafabriquedecharpe.fr\/blog\/comment-porter-un-carre-de-soie-avec-elegance-et-style\/\" \/>\n<meta property=\"og:site_name\" content=\"La fabrique d&#039;\u00e9charpe\" \/>\n<meta property=\"article:published_time\" content=\"2026-04-30T13:52:01+00:00\" \/>\n<meta property=\"og:image\" content=\"https:\/\/www.lafabriquedecharpe.fr\/blog\/wp-content\/uploads\/2026\/04\/Bandeau-porter-un-carre-en-soie-avec-elegance-et-style-copie.jpg\" \/>\n\t<meta property=\"og:image:width\" content=\"2111\" \/>\n\t<meta property=\"og:image:height\" content=\"756\" \/>\n\t<meta property=\"og:image:type\" content=\"image\/jpeg\" \/>\n<meta name=\"author\" content=\"Christine DEGURSE\" \/>\n<meta name=\"twitter:card\" content=\"summary_large_image\" \/>\n<meta name=\"twitter:label1\" content=\"\u00c9crit par\" \/>\n\t<meta name=\"twitter:data1\" content=\"Christine DEGURSE\" \/>\n\t<meta name=\"twitter:label2\" content=\"Dur\u00e9e de lecture estim\u00e9e\" \/>\n\t<meta name=\"twitter:data2\" content=\"7 minutes\" \/>\n<!-- \/ Yoast SEO plugin. -->","yoast_head_json":{"title":"Comment porter un carr\u00e9 de soie avec \u00e9l\u00e9gance et style - La fabrique d&#039;\u00e9charpe","description":"Vous voulez savoir comment porter un carr\u00e9 de soie avec style? D\u00e9couvrez toutes les techniques pour nouer votre foulard en soie autour du cou, dans les cheveux ou en accessoire de mode, et adoptez l'\u00e9l\u00e9gance intemporelle de la soie","robots":{"index":"index","follow":"follow","max-snippet":"max-snippet:-1","max-image-preview":"max-image-preview:large","max-video-preview":"max-video-preview:-1"},"canonical":"https:\/\/www.lafabriquedecharpe.fr\/blog\/comment-porter-un-carre-de-soie-avec-elegance-et-style\/","og_locale":"fr_FR","og_type":"article","og_title":"Comment porter un carr\u00e9 de soie avec \u00e9l\u00e9gance et style - La fabrique d&#039;\u00e9charpe","og_description":"Vous voulez savoir comment porter un carr\u00e9 de soie avec style? D\u00e9couvrez toutes les techniques pour nouer votre foulard en soie autour du cou, dans les cheveux ou en accessoire de mode, et adoptez l'\u00e9l\u00e9gance intemporelle de la soie","og_url":"https:\/\/www.lafabriquedecharpe.fr\/blog\/comment-porter-un-carre-de-soie-avec-elegance-et-style\/","og_site_name":"La fabrique d&#039;\u00e9charpe","article_published_time":"2026-04-30T13:52:01+00:00","og_image":[{"width":2111,"height":756,"url":"https:\/\/www.lafabriquedecharpe.fr\/blog\/wp-content\/uploads\/2026\/04\/Bandeau-porter-un-carre-en-soie-avec-elegance-et-style-copie.jpg","type":"image\/jpeg"}],"author":"Christine DEGURSE","twitter_card":"summary_large_image","twitter_misc":{"\u00c9crit par":"Christine DEGURSE","Dur\u00e9e de lecture estim\u00e9e":"7 minutes"},"schema":{"@context":"https:\/\/schema.org","@graph":[{"@type":"WebPage","@id":"https:\/\/www.lafabriquedecharpe.fr\/blog\/comment-porter-un-carre-de-soie-avec-elegance-et-style\/","url":"https:\/\/www.lafabriquedecharpe.fr\/blog\/comment-porter-un-carre-de-soie-avec-elegance-et-style\/","name":"Comment porter un carr\u00e9 de soie avec \u00e9l\u00e9gance et style - La fabrique d&#039;\u00e9charpe","isPartOf":{"@id":"https:\/\/www.lafabriquedecharpe.fr\/blog\/#website"},"datePublished":"2026-04-30T13:52:01+00:00","dateModified":"2026-04-30T13:52:01+00:00","author":{"@id":"https:\/\/www.lafabriquedecharpe.fr\/blog\/#\/schema\/person\/1c703babc8565e57bc1ca3ba0698dabf"},"description":"Vous voulez savoir comment porter un carr\u00e9 de soie avec style? D\u00e9couvrez toutes les techniques pour nouer votre foulard en soie autour du cou, dans les cheveux ou en accessoire de mode, et adoptez l'\u00e9l\u00e9gance intemporelle de la soie","breadcrumb":{"@id":"https:\/\/www.lafabriquedecharpe.fr\/blog\/comment-porter-un-carre-de-soie-avec-elegance-et-style\/#breadcrumb"},"inLanguage":"fr-FR","potentialAction":[{"@type":"ReadAction","target":["https:\/\/www.lafabriquedecharpe.fr\/blog\/comment-porter-un-carre-de-soie-avec-elegance-et-style\/"]}]},{"@type":"BreadcrumbList","@id":"https:\/\/www.lafabriquedecharpe.fr\/blog\/comment-porter-un-carre-de-soie-avec-elegance-et-style\/#breadcrumb","itemListElement":[{"@type":"ListItem","position":1,"name":"Accueil","item":"https:\/\/www.lafabriquedecharpe.fr\/blog\/"},{"@type":"ListItem","position":2,"name":"Comment porter un carr\u00e9 de soie avec \u00e9l\u00e9gance et style"}]},{"@type":"WebSite","@id":"https:\/\/www.lafabriquedecharpe.fr\/blog\/#website","url":"https:\/\/www.lafabriquedecharpe.fr\/blog\/","name":"La fabrique d&#039;\u00e9charpe","description":"Le blog","potentialAction":[{"@type":"SearchAction","target":{"@type":"EntryPoint","urlTemplate":"https:\/\/www.lafabriquedecharpe.fr\/blog\/?s={search_term_string}"},"query-input":"required name=search_term_string"}],"inLanguage":"fr-FR"},{"@type":"Person","@id":"https:\/\/www.lafabriquedecharpe.fr\/blog\/#\/schema\/person\/1c703babc8565e57bc1ca3ba0698dabf","name":"Christine DEGURSE","image":{"@type":"ImageObject","inLanguage":"fr-FR","@id":"https:\/\/www.lafabriquedecharpe.fr\/blog\/#\/schema\/person\/image\/","url":"https:\/\/secure.gravatar.com\/avatar\/e41c40d8cae9026978cb106fc14af946?s=96&d=mm&r=g","contentUrl":"https:\/\/secure.gravatar.com\/avatar\/e41c40d8cae9026978cb106fc14af946?s=96&d=mm&r=g","caption":"Christine DEGURSE"},"url":"https:\/\/www.lafabriquedecharpe.fr\/blog\/author\/christine-degursewanadoo-fr\/"}]}},"_links":{"self":[{"href":"https:\/\/www.lafabriquedecharpe.fr\/blog\/wp-json\/wp\/v2\/posts\/2791"}],"collection":[{"href":"https:\/\/www.lafabriquedecharpe.fr\/blog\/wp-json\/wp\/v2\/posts"}],"about":[{"href":"https:\/\/www.lafabriquedecharpe.fr\/blog\/wp-json\/wp\/v2\/types\/post"}],"author":[{"embeddable":true,"href":"https:\/\/www.lafabriquedecharpe.fr\/blog\/wp-json\/wp\/v2\/users\/3"}],"replies":[{"embeddable":true,"href":"https:\/\/www.lafabriquedecharpe.fr\/blog\/wp-json\/wp\/v2\/comments?post=2791"}],"version-history":[{"count":5,"href":"https:\/\/www.lafabriquedecharpe.fr\/blog\/wp-json\/wp\/v2\/posts\/2791\/revisions"}],"predecessor-version":[{"id":2818,"href":"https:\/\/www.lafabriquedecharpe.fr\/blog\/wp-json\/wp\/v2\/posts\/2791\/revisions\/2818"}],"wp:featuredmedia":[{"embeddable":true,"href":"https:\/\/www.lafabriquedecharpe.fr\/blog\/wp-json\/wp\/v2\/media\/2817"}],"wp:attachment":[{"href":"https:\/\/www.lafabriquedecharpe.fr\/blog\/wp-json\/wp\/v2\/media?parent=2791"}],"wp:term":[{"taxonomy":"category","embeddable":true,"href":"https:\/\/www.lafabriquedecharpe.fr\/blog\/wp-json\/wp\/v2\/categories?post=2791"},{"taxonomy":"post_tag","embeddable":true,"href":"https:\/\/www.lafabriquedecharpe.fr\/blog\/wp-json\/wp\/v2\/tags?post=2791"}],"curies":[{"name":"wp","href":"https:\/\/api.w.org\/{rel}","templated":true}]}}