{"id":43,"date":"2019-10-07T16:54:46","date_gmt":"2019-10-07T14:54:46","guid":{"rendered":"https:\/\/www.lafabriquedecharpe.fr\/blog\/?p=43"},"modified":"2020-06-16T15:17:45","modified_gmt":"2020-06-16T13:17:45","slug":"la-fabrique-decharpe","status":"publish","type":"post","link":"https:\/\/www.lafabriquedecharpe.fr\/blog\/la-fabrique-decharpe\/","title":{"rendered":"La Fabrique d&#8217;\u00e9charpe!"},"content":{"rendered":"\n<h2 class=\"wp-block-heading\">Hello! Un nouveau blog pour parler d&#8217;\u00e9charpes et de fabrication fran\u00e7aises!<\/h2>\n\n\n\n<div style=\"height:40px\" aria-hidden=\"true\" class=\"wp-block-spacer\"><\/div>\n\n\n\n<p>La Fabrique d&#8217;\u00e9charpe a plus de 3 ans, mais notre atelier de tissage a quant \u00e0 lui plus de 200 ans&#8230; <\/p>\n\n\n\n<div style=\"height:20px\" aria-hidden=\"true\" class=\"wp-block-spacer\"><\/div>\n\n\n\n<p style=\"text-align:left\">Notre concept? <strong>Fabriquer des \u00e9charpes de hautes qualit\u00e9s<\/strong> \u00e0 partir de mati\u00e8res naturelles certifi\u00e9es OekoTex dans notre atelier pr\u00e8s de Lyon et vous les proposer directement! <\/p>\n\n\n\n<p><\/p>\n\n\n\n<p>Fort de notre h\u00e9ritage familial qui nous vient des canuts lyonnais (ancien tisserand lyonnais) nous souhaitons sur ce blog partager avec vous cet aventure magnifique d&#8217;un petit atelier confidentiel qui acc\u00e8de au monde entier par sa <a href=\"https:\/\/www.lafabriquedecharpe.fr\/\">jolie boutique en ligne!<\/a><\/p>\n\n\n\n<div style=\"height:20px\" aria-hidden=\"true\" class=\"wp-block-spacer\"><\/div>\n\n\n\n<p>Bonne lecture! Et n&#8217;h\u00e9sitez pas nous <a href=\"https:\/\/www.lafabriquedecharpe.fr\/ins-nous-ecrire-1.htm\">contacter<\/a> si vous avez des questions \u00e0 nous poser!<\/p>\n\n\n\n<div style=\"height:20px\" aria-hidden=\"true\" class=\"wp-block-spacer\"><\/div>\n\n\n\n<ul class=\"wp-block-gallery aligncenter columns-1 is-cropped wp-block-gallery-1 is-layout-flex wp-block-gallery-is-layout-flex\"><li class=\"blocks-gallery-item\"><figure><img decoding=\"async\" width=\"1024\" height=\"347\" src=\"https:\/\/www.lafabriquedecharpe.fr\/blog\/wp-content\/uploads\/2019\/10\/La-Fabrique-d-echarpe-amour-laine-coton-soie-rouge-1024x347.jpg\" alt=\"\" data-id=\"51\" data-link=\"https:\/\/www.lafabriquedecharpe.fr\/blog\/?attachment_id=51\" class=\"wp-image-51\" srcset=\"https:\/\/www.lafabriquedecharpe.fr\/blog\/wp-content\/uploads\/2019\/10\/La-Fabrique-d-echarpe-amour-laine-coton-soie-rouge-1024x347.jpg 1024w, https:\/\/www.lafabriquedecharpe.fr\/blog\/wp-content\/uploads\/2019\/10\/La-Fabrique-d-echarpe-amour-laine-coton-soie-rouge-300x102.jpg 300w, https:\/\/www.lafabriquedecharpe.fr\/blog\/wp-content\/uploads\/2019\/10\/La-Fabrique-d-echarpe-amour-laine-coton-soie-rouge-768x260.jpg 768w, https:\/\/www.lafabriquedecharpe.fr\/blog\/wp-content\/uploads\/2019\/10\/La-Fabrique-d-echarpe-amour-laine-coton-soie-rouge.jpg 1338w\" sizes=\"(max-width: 1024px) 100vw, 1024px\" \/><\/figure><\/li><\/ul>\n","protected":false},"excerpt":{"rendered":"<p>Hello! Un nouveau blog pour parler d&#8217;\u00e9charpes et de fabrication fran\u00e7aises! La Fabrique d&#8217;\u00e9charpe a plus de 3 ans, mais notre atelier de tissage a quant \u00e0 lui plus de 200 ans&#8230; Notre concept? Fabriquer des \u00e9charpes de hautes qualit\u00e9s \u00e0 partir de mati\u00e8res naturelles certifi\u00e9es OekoTex dans notre atelier pr\u00e8s de Lyon et vous [&hellip;]<\/p>\n","protected":false},"author":2,"featured_media":46,"comment_status":"open","ping_status":"open","sticky":false,"template":"","format":"standard","meta":{"footnotes":""},"categories":[1],"tags":[],"yoast_head":"<!-- This site is optimized with the Yoast SEO plugin v19.9 - https:\/\/yoast.com\/wordpress\/plugins\/seo\/ -->\n<title>La Fabrique d&#039;\u00e9charpe! - La fabrique d&#039;\u00e9charpe<\/title>\n<meta name=\"robots\" content=\"index, follow, max-snippet:-1, max-image-preview:large, max-video-preview:-1\" \/>\n<link rel=\"canonical\" href=\"https:\/\/www.lafabriquedecharpe.fr\/blog\/la-fabrique-decharpe\/\" \/>\n<meta property=\"og:locale\" content=\"fr_FR\" \/>\n<meta property=\"og:type\" content=\"article\" \/>\n<meta property=\"og:title\" content=\"La Fabrique d&#039;\u00e9charpe! - La fabrique d&#039;\u00e9charpe\" \/>\n<meta property=\"og:description\" content=\"Hello! Un nouveau blog pour parler d&#8217;\u00e9charpes et de fabrication fran\u00e7aises! La Fabrique d&#8217;\u00e9charpe a plus de 3 ans, mais notre atelier de tissage a quant \u00e0 lui plus de 200 ans&#8230; Notre concept? Fabriquer des \u00e9charpes de hautes qualit\u00e9s \u00e0 partir de mati\u00e8res naturelles certifi\u00e9es OekoTex dans notre atelier pr\u00e8s de Lyon et vous [&hellip;]\" \/>\n<meta property=\"og:url\" content=\"https:\/\/www.lafabriquedecharpe.fr\/blog\/la-fabrique-decharpe\/\" \/>\n<meta property=\"og:site_name\" content=\"La fabrique d&#039;\u00e9charpe\" \/>\n<meta property=\"article:published_time\" content=\"2019-10-07T14:54:46+00:00\" \/>\n<meta property=\"article:modified_time\" content=\"2020-06-16T13:17:45+00:00\" \/>\n<meta property=\"og:image\" content=\"https:\/\/www.lafabriquedecharpe.fr\/blog\/wp-content\/uploads\/2019\/10\/Panoramique-La-Fabrique-sans-logo-1024x347.jpg\" \/>\n\t<meta property=\"og:image:width\" content=\"1024\" \/>\n\t<meta property=\"og:image:height\" content=\"347\" \/>\n\t<meta property=\"og:image:type\" content=\"image\/jpeg\" \/>\n<meta name=\"author\" content=\"lafabriquedecharpe\" \/>\n<meta name=\"twitter:card\" content=\"summary_large_image\" \/>\n<meta name=\"twitter:label1\" content=\"\u00c9crit par\" \/>\n\t<meta name=\"twitter:data1\" content=\"lafabriquedecharpe\" \/>\n\t<meta name=\"twitter:label2\" content=\"Dur\u00e9e de lecture estim\u00e9e\" \/>\n\t<meta name=\"twitter:data2\" content=\"1 minute\" \/>\n<!-- \/ Yoast SEO plugin. -->","yoast_head_json":{"title":"La Fabrique d'\u00e9charpe! - La fabrique d&#039;\u00e9charpe","robots":{"index":"index","follow":"follow","max-snippet":"max-snippet:-1","max-image-preview":"max-image-preview:large","max-video-preview":"max-video-preview:-1"},"canonical":"https:\/\/www.lafabriquedecharpe.fr\/blog\/la-fabrique-decharpe\/","og_locale":"fr_FR","og_type":"article","og_title":"La Fabrique d'\u00e9charpe! - La fabrique d&#039;\u00e9charpe","og_description":"Hello! Un nouveau blog pour parler d&#8217;\u00e9charpes et de fabrication fran\u00e7aises! La Fabrique d&#8217;\u00e9charpe a plus de 3 ans, mais notre atelier de tissage a quant \u00e0 lui plus de 200 ans&#8230; Notre concept? Fabriquer des \u00e9charpes de hautes qualit\u00e9s \u00e0 partir de mati\u00e8res naturelles certifi\u00e9es OekoTex dans notre atelier pr\u00e8s de Lyon et vous [&hellip;]","og_url":"https:\/\/www.lafabriquedecharpe.fr\/blog\/la-fabrique-decharpe\/","og_site_name":"La fabrique d&#039;\u00e9charpe","article_published_time":"2019-10-07T14:54:46+00:00","article_modified_time":"2020-06-16T13:17:45+00:00","og_image":[{"width":1024,"height":347,"url":"https:\/\/www.lafabriquedecharpe.fr\/blog\/wp-content\/uploads\/2019\/10\/Panoramique-La-Fabrique-sans-logo-1024x347.jpg","type":"image\/jpeg"}],"author":"lafabriquedecharpe","twitter_card":"summary_large_image","twitter_misc":{"\u00c9crit par":"lafabriquedecharpe","Dur\u00e9e de lecture estim\u00e9e":"1 minute"},"schema":{"@context":"https:\/\/schema.org","@graph":[{"@type":"WebPage","@id":"https:\/\/www.lafabriquedecharpe.fr\/blog\/la-fabrique-decharpe\/","url":"https:\/\/www.lafabriquedecharpe.fr\/blog\/la-fabrique-decharpe\/","name":"La Fabrique d'\u00e9charpe! - La fabrique d&#039;\u00e9charpe","isPartOf":{"@id":"https:\/\/www.lafabriquedecharpe.fr\/blog\/#website"},"datePublished":"2019-10-07T14:54:46+00:00","dateModified":"2020-06-16T13:17:45+00:00","author":{"@id":"https:\/\/www.lafabriquedecharpe.fr\/blog\/#\/schema\/person\/63a64114e78e4c58eddc8f7ba6439a6c"},"breadcrumb":{"@id":"https:\/\/www.lafabriquedecharpe.fr\/blog\/la-fabrique-decharpe\/#breadcrumb"},"inLanguage":"fr-FR","potentialAction":[{"@type":"ReadAction","target":["https:\/\/www.lafabriquedecharpe.fr\/blog\/la-fabrique-decharpe\/"]}]},{"@type":"BreadcrumbList","@id":"https:\/\/www.lafabriquedecharpe.fr\/blog\/la-fabrique-decharpe\/#breadcrumb","itemListElement":[{"@type":"ListItem","position":1,"name":"Accueil","item":"https:\/\/www.lafabriquedecharpe.fr\/blog\/"},{"@type":"ListItem","position":2,"name":"La Fabrique d&rsquo;\u00e9charpe!"}]},{"@type":"WebSite","@id":"https:\/\/www.lafabriquedecharpe.fr\/blog\/#website","url":"https:\/\/www.lafabriquedecharpe.fr\/blog\/","name":"La fabrique d&#039;\u00e9charpe","description":"Le blog","potentialAction":[{"@type":"SearchAction","target":{"@type":"EntryPoint","urlTemplate":"https:\/\/www.lafabriquedecharpe.fr\/blog\/?s={search_term_string}"},"query-input":"required name=search_term_string"}],"inLanguage":"fr-FR"},{"@type":"Person","@id":"https:\/\/www.lafabriquedecharpe.fr\/blog\/#\/schema\/person\/63a64114e78e4c58eddc8f7ba6439a6c","name":"lafabriquedecharpe","image":{"@type":"ImageObject","inLanguage":"fr-FR","@id":"https:\/\/www.lafabriquedecharpe.fr\/blog\/#\/schema\/person\/image\/","url":"https:\/\/secure.gravatar.com\/avatar\/a860dcf685280097f2a1d868cc4228fd?s=96&d=mm&r=g","contentUrl":"https:\/\/secure.gravatar.com\/avatar\/a860dcf685280097f2a1d868cc4228fd?s=96&d=mm&r=g","caption":"lafabriquedecharpe"},"url":"https:\/\/www.lafabriquedecharpe.fr\/blog\/author\/lafabriquedecharpe\/"}]}},"_links":{"self":[{"href":"https:\/\/www.lafabriquedecharpe.fr\/blog\/wp-json\/wp\/v2\/posts\/43"}],"collection":[{"href":"https:\/\/www.lafabriquedecharpe.fr\/blog\/wp-json\/wp\/v2\/posts"}],"about":[{"href":"https:\/\/www.lafabriquedecharpe.fr\/blog\/wp-json\/wp\/v2\/types\/post"}],"author":[{"embeddable":true,"href":"https:\/\/www.lafabriquedecharpe.fr\/blog\/wp-json\/wp\/v2\/users\/2"}],"replies":[{"embeddable":true,"href":"https:\/\/www.lafabriquedecharpe.fr\/blog\/wp-json\/wp\/v2\/comments?post=43"}],"version-history":[{"count":8,"href":"https:\/\/www.lafabriquedecharpe.fr\/blog\/wp-json\/wp\/v2\/posts\/43\/revisions"}],"predecessor-version":[{"id":108,"href":"https:\/\/www.lafabriquedecharpe.fr\/blog\/wp-json\/wp\/v2\/posts\/43\/revisions\/108"}],"wp:featuredmedia":[{"embeddable":true,"href":"https:\/\/www.lafabriquedecharpe.fr\/blog\/wp-json\/wp\/v2\/media\/46"}],"wp:attachment":[{"href":"https:\/\/www.lafabriquedecharpe.fr\/blog\/wp-json\/wp\/v2\/media?parent=43"}],"wp:term":[{"taxonomy":"category","embeddable":true,"href":"https:\/\/www.lafabriquedecharpe.fr\/blog\/wp-json\/wp\/v2\/categories?post=43"},{"taxonomy":"post_tag","embeddable":true,"href":"https:\/\/www.lafabriquedecharpe.fr\/blog\/wp-json\/wp\/v2\/tags?post=43"}],"curies":[{"name":"wp","href":"https:\/\/api.w.org\/{rel}","templated":true}]}}