{"id":623,"date":"2023-02-24T13:59:23","date_gmt":"2023-02-24T12:59:23","guid":{"rendered":"https:\/\/www.lafabriquedecharpe.fr\/blog\/?p=623"},"modified":"2026-03-12T15:30:06","modified_gmt":"2026-03-12T14:30:06","slug":"les-avantages-de-porter-une-echarpe-en-soie","status":"publish","type":"post","link":"https:\/\/www.lafabriquedecharpe.fr\/blog\/les-avantages-de-porter-une-echarpe-en-soie\/","title":{"rendered":"Les avantages de porter une \u00e9charpe en soie"},"content":{"rendered":"\n<div style=\"height:50px\" aria-hidden=\"true\" class=\"wp-block-spacer\"><\/div>\n\n\n\n<p>Les avantages de porter une \u00e9charpe en soie sont nombreux. D\u00e9j\u00e0, la soie est une mati\u00e8re naturelle noble et pr\u00e9cieuse ayant plusieurs propri\u00e9t\u00e9s adapt\u00e9es pour les \u00e9charpes ou les foulards. Ensuite les fils de soie se tissent tr\u00e8s facilement, se teignent \u00e9galement tr\u00e8s bien. De plus, plusieurs techniques d&#8217;impression se d\u00e9clinent sur la soie. En conclusion on peut constater une grande diversit\u00e9 d&#8217;\u00e9charpes et foulards en soie.<\/p>\n\n\n\n<div style=\"height:20px\" aria-hidden=\"true\" class=\"wp-block-spacer\"><\/div>\n\n\n\n<figure class=\"wp-block-image size-large\"><a href=\"lafabriquedecharpe.fr\/art-etole-soie-unie-rose-poudre-228.htm(ouvre un nouvel onglet)\"><img decoding=\"async\" width=\"1024\" height=\"845\" src=\"https:\/\/www.lafabriquedecharpe.fr\/blog\/wp-content\/uploads\/2022\/06\/Photo-echarpe-longue-1-1024x845.jpg\" alt=\"\" class=\"wp-image-498\" srcset=\"https:\/\/www.lafabriquedecharpe.fr\/blog\/wp-content\/uploads\/2022\/06\/Photo-echarpe-longue-1-1024x845.jpg 1024w, https:\/\/www.lafabriquedecharpe.fr\/blog\/wp-content\/uploads\/2022\/06\/Photo-echarpe-longue-1-300x248.jpg 300w, https:\/\/www.lafabriquedecharpe.fr\/blog\/wp-content\/uploads\/2022\/06\/Photo-echarpe-longue-1-768x634.jpg 768w, https:\/\/www.lafabriquedecharpe.fr\/blog\/wp-content\/uploads\/2022\/06\/Photo-echarpe-longue-1.jpg 1431w\" sizes=\"(max-width: 1024px) 100vw, 1024px\" \/><\/a><figcaption class=\"wp-element-caption\">Mousseline de soie rose poudr\u00e9<\/figcaption><\/figure>\n\n\n\n<h2 class=\"wp-block-heading\">L&#8217;histoire de la soie<\/h2>\n\n\n\n<p>Saviez-vous qu&#8217;\u00e0 la p\u00e9riode de la Renaissance, la soie \u00e9tait tiss\u00e9e en Italie et plus particuli\u00e8rement \u00e0 Florence, et \u00e0 Venise? Tr\u00e8s rapidement, Fran\u00e7ois Premier installe l&#8217;industrie et le commerce de la soie en France et accorde le monopole \u00e0 notre bonne ville de Lyon. C&#8217;est pour cela qu&#8217;il est dit que Lyon est la capitale de la soie.<\/p>\n\n\n\n<div style=\"height:19px\" aria-hidden=\"true\" class=\"wp-block-spacer\"><\/div>\n\n\n\n<p>Vous le saviez sans doute, la soie chinoise demeura un secret infiniment pr\u00e9cieux et jalousement gard\u00e9 pendant pr\u00e8s de trois mill\u00e9naires. Gr\u00e2ce \u00e0 cette situation de monopole, la Chine commer\u00e7ait avec le reste du monde. C&#8217;est par la fameuse  \u00ab&nbsp;route de la soie&nbsp;\u00bb qui, traversant d\u00e9serts et montagnes, relia l\u2019Asie \u00e0 l\u2019Europe. Elle fut emprunt\u00e9e \u00e0 partir du II\u00e8me si\u00e8cle par les caravanes ramenant diverses richesses dont la principale marchandise et la plus pris\u00e9e \u00e9tait la soie. C&#8217;est au VI\u00e8me si\u00e8cle, quand deux moines envoy\u00e9s par l\u2019empereur Justinien cach\u00e8rent des \u0153ufs de vers \u00e0 soie dans leurs b\u00e2tons de p\u00e8lerin. Ils les ramen\u00e8rent jusqu\u2019\u00e0 l\u2019Empire byzantin. Le secret de fabrication de la soie fut d\u00e9voil\u00e9, alors commen\u00e7a la fabrication de tissus de soie en Gr\u00e8ce puis en Italie et par la suite en France&#8230;.<\/p>\n\n\n\n<div style=\"height:20px\" aria-hidden=\"true\" class=\"wp-block-spacer\"><\/div>\n\n\n\n<p>La l\u00e9gende raconte qu&#8217;une princesse chinoise, en l&#8217;an 2700 avant J.C., alors qu&#8217;elle buvait son th\u00e9 \u00e0 l&#8217;ombre d&#8217;un m\u00fbrier blanc, un cocon de ver \u00e0 soie tomba dans son breuvage. En l&#8217;\u00f4tant de sa tasse, le fil se mit \u00e0 se d\u00e9rouler sous ses doigts.<\/p>\n\n\n\n<div style=\"height:24px\" aria-hidden=\"true\" class=\"wp-block-spacer\"><\/div>\n\n\n\n<figure class=\"wp-block-gallery has-nested-images columns-default is-cropped wp-block-gallery-1 is-layout-flex wp-block-gallery-is-layout-flex\">\n<figure class=\"wp-block-image size-full is-resized\"><img decoding=\"async\" width=\"302\" height=\"484\" data-id=\"624\" src=\"https:\/\/www.lafabriquedecharpe.fr\/blog\/wp-content\/uploads\/2023\/02\/Arts_Mythexpo_AnneLan_Asia.xlsx_image028.png\" alt=\"\" class=\"wp-image-624\" style=\"width:293px;height:470px\" srcset=\"https:\/\/www.lafabriquedecharpe.fr\/blog\/wp-content\/uploads\/2023\/02\/Arts_Mythexpo_AnneLan_Asia.xlsx_image028.png 302w, https:\/\/www.lafabriquedecharpe.fr\/blog\/wp-content\/uploads\/2023\/02\/Arts_Mythexpo_AnneLan_Asia.xlsx_image028-187x300.png 187w\" sizes=\"(max-width: 302px) 100vw, 302px\" \/><\/figure>\n\n\n\n<figure class=\"wp-block-image size-full\"><img decoding=\"async\" width=\"159\" height=\"270\" data-id=\"655\" src=\"https:\/\/www.lafabriquedecharpe.fr\/blog\/wp-content\/uploads\/2023\/02\/Cocon-de-soie-4-rotated.jpg\" alt=\"\" class=\"wp-image-655\"\/><\/figure>\n<\/figure>\n\n\n\n<div style=\"height:24px\" aria-hidden=\"true\" class=\"wp-block-spacer\"><\/div>\n\n\n\n<h2 class=\"wp-block-heading\">Les propri\u00e9t\u00e9s de la soie<\/h2>\n\n\n\n<div style=\"height:20px\" aria-hidden=\"true\" class=\"wp-block-spacer\"><\/div>\n\n\n\n<p>La soie est une fibre naturelle d&#8217;origine animale, elle provient du cocon fabriqu\u00e9 par la chenille du bombyx du m\u00fbrier. La soie est en effet une mati\u00e8re \u00e9tonnante ! savez-vous combien il y a de m\u00e8tres de fil sur un cocon ? et bien entre 700 et 1200m et sans interruption ! Ce fil est form\u00e9 de deux filaments tr\u00e8s fins, d&#8217;une substance prot\u00e9\u00efque qu&#8217;on appelle fibro\u00efne. La s\u00e9ricine, cette sorte de gr\u00e8s, colle les deux brins ensemble. Ce fil brut s&#8217;appelle la soie gr\u00e8ge. On \u00e9limine la s\u00e9ricine lors de l&#8217;\u00e9tape de d\u00e9creusage pour donner un fil souple et doux. De part son origine naturelle, porter de la soie et particuli\u00e8rement une \u00e9charpe en soie a beaucoup d&#8217;avantages.<\/p>\n\n\n\n<div style=\"height:24px\" aria-hidden=\"true\" class=\"wp-block-spacer\"><\/div>\n\n\n\n<figure class=\"wp-block-gallery has-nested-images columns-default is-cropped wp-block-gallery-3 is-layout-flex wp-block-gallery-is-layout-flex\">\n<figure class=\"wp-block-image size-large\"><img decoding=\"async\" width=\"1024\" height=\"686\" data-id=\"648\" src=\"https:\/\/www.lafabriquedecharpe.fr\/blog\/wp-content\/uploads\/2023\/02\/le-filage-du-cocon-copie-1-1024x686.jpg\" alt=\"\" class=\"wp-image-648\" srcset=\"https:\/\/www.lafabriquedecharpe.fr\/blog\/wp-content\/uploads\/2023\/02\/le-filage-du-cocon-copie-1-1024x686.jpg 1024w, https:\/\/www.lafabriquedecharpe.fr\/blog\/wp-content\/uploads\/2023\/02\/le-filage-du-cocon-copie-1-300x201.jpg 300w, https:\/\/www.lafabriquedecharpe.fr\/blog\/wp-content\/uploads\/2023\/02\/le-filage-du-cocon-copie-1-768x515.jpg 768w, https:\/\/www.lafabriquedecharpe.fr\/blog\/wp-content\/uploads\/2023\/02\/le-filage-du-cocon-copie-1.jpg 1092w\" sizes=\"(max-width: 1024px) 100vw, 1024px\" \/><\/figure>\n\n\n\n<figure class=\"wp-block-image size-large\"><img decoding=\"async\" width=\"1024\" height=\"640\" data-id=\"645\" src=\"https:\/\/www.lafabriquedecharpe.fr\/blog\/wp-content\/uploads\/2023\/02\/le-cocon-copie-1024x640.jpg\" alt=\"\" class=\"wp-image-645\" srcset=\"https:\/\/www.lafabriquedecharpe.fr\/blog\/wp-content\/uploads\/2023\/02\/le-cocon-copie-1024x640.jpg 1024w, https:\/\/www.lafabriquedecharpe.fr\/blog\/wp-content\/uploads\/2023\/02\/le-cocon-copie-300x187.jpg 300w, https:\/\/www.lafabriquedecharpe.fr\/blog\/wp-content\/uploads\/2023\/02\/le-cocon-copie-768x480.jpg 768w, https:\/\/www.lafabriquedecharpe.fr\/blog\/wp-content\/uploads\/2023\/02\/le-cocon-copie.jpg 1167w\" sizes=\"(max-width: 1024px) 100vw, 1024px\" \/><\/figure>\n\n\n\n<figure class=\"wp-block-image size-large\"><img decoding=\"async\" width=\"1024\" height=\"637\" data-id=\"647\" src=\"https:\/\/www.lafabriquedecharpe.fr\/blog\/wp-content\/uploads\/2023\/02\/le-papillon-copie-1024x637.jpg\" alt=\"\" class=\"wp-image-647\" srcset=\"https:\/\/www.lafabriquedecharpe.fr\/blog\/wp-content\/uploads\/2023\/02\/le-papillon-copie-1024x637.jpg 1024w, https:\/\/www.lafabriquedecharpe.fr\/blog\/wp-content\/uploads\/2023\/02\/le-papillon-copie-300x187.jpg 300w, https:\/\/www.lafabriquedecharpe.fr\/blog\/wp-content\/uploads\/2023\/02\/le-papillon-copie-768x478.jpg 768w, https:\/\/www.lafabriquedecharpe.fr\/blog\/wp-content\/uploads\/2023\/02\/le-papillon-copie.jpg 1238w\" sizes=\"(max-width: 1024px) 100vw, 1024px\" \/><\/figure>\n<\/figure>\n\n\n\n<div style=\"height:24px\" aria-hidden=\"true\" class=\"wp-block-spacer\"><\/div>\n\n\n\n<h2 class=\"wp-block-heading has-medium-font-size\">1\u00e8re propri\u00e9t\u00e9: DOUCEUR<\/h2>\n\n\n\n<p>La soie est douce, l\u00e9g\u00e8re, fluide. Elle est agr\u00e9able \u00e0 porter parce qu&#8217;elle laisse respirer la peau et certains lui reconnaitront des propri\u00e9t\u00e9s adoucissantes et hydratantes<\/p>\n\n\n\n<div style=\"height:21px\" aria-hidden=\"true\" class=\"wp-block-spacer\"><\/div>\n\n\n\n<h2 class=\"wp-block-heading has-medium-font-size\">2\u00e8me propri\u00e9t\u00e9: ASPECT DELICAT<\/h2>\n\n\n\n<p>La soie donne au tissu une brillance d\u00e9licate, elle fait vibrer l&#8217;\u00e9toffe et souvent, c&#8217;est sur ce point que beaucoup la reconna\u00eetront.<\/p>\n\n\n\n<div style=\"height:22px\" aria-hidden=\"true\" class=\"wp-block-spacer\"><\/div>\n\n\n\n<h2 class=\"wp-block-heading has-medium-font-size\">3\u00e8me propri\u00e9t\u00e9: RESISTANCE<\/h2>\n\n\n\n<p>Elle est r\u00e9sistante et d&#8217;une solidit\u00e9 excellente comparable \u00e0 un fil d&#8217;acier de m\u00eame section !<\/p>\n\n\n\n<div style=\"height:24px\" aria-hidden=\"true\" class=\"wp-block-spacer\"><\/div>\n\n\n\n<h2 class=\"wp-block-heading has-medium-font-size\">4\u00e8me propri\u00e9t\u00e9: ISOTHERMIQUE<\/h2>\n\n\n\n<p>Elle vous prot\u00e8ge aussi bien du chaud que du froid : elle est isothermique et thermor\u00e9gulatrice. L&#8217;\u00e9charpe en soie est confortable et chaude en hiver et elle est douce et fra\u00eeche en \u00e9t\u00e9.<\/p>\n\n\n\n<div style=\"height:22px\" aria-hidden=\"true\" class=\"wp-block-spacer\"><\/div>\n\n\n\n<h2 class=\"wp-block-heading has-medium-font-size\">5\u00e8me propri\u00e9t\u00e9: HYPOALLERGIQUE<\/h2>\n\n\n\n<p>Naturellement antibact\u00e9rienne, la soie est hypoallergique, id\u00e9al pour les personnes allergiques ou asthmatiques. Elle est hydratante, cette fibre absorbe moins l&#8217;humidit\u00e9 de votre peau compar\u00e9 au coton. La soie contient des albumens cellulaire naturels qui permettent d&#8217;acc\u00e9l\u00e9rer le m\u00e9tabolisme de la peau et ainsi contribue \u00e0 r\u00e9duire les signes de vieillissement de la peau<\/p>\n\n\n\n<div style=\"height:20px\" aria-hidden=\"true\" class=\"wp-block-spacer\"><\/div>\n\n\n\n<h2 class=\"wp-block-heading has-medium-font-size\">6\u00e9me propri\u00e9t\u00e9: BELLES COMPOSITIONS<\/h2>\n\n\n\n<p>La soie se m\u00e9lange \u00e0 merveille avec les autres fibres et surtout les autres mati\u00e8res naturelles. La composition <a href=\"https:\/\/www.lafabriquedecharpe.fr\/art-echarpe-laine-merinos-soie-grise-victoria-197.htm\">laine\/soie<\/a> ou encore mieux <a href=\"https:\/\/www.lafabriquedecharpe.fr\/art-etole-cachemire-soie-pierre-beige-929.htm\">cachemire\/soie<\/a> sont des m\u00e9langes fabuleux, d&#8217;ailleurs tr\u00e8s utilis\u00e9s par la Haute-Couture.<\/p>\n\n\n\n<div style=\"height:20px\" aria-hidden=\"true\" class=\"wp-block-spacer\"><\/div>\n\n\n\n<h2 class=\"wp-block-heading has-medium-font-size\">Les diff\u00e9rents processus de fabrication d&#8217;une \u00e9toffe de soie<\/h2>\n\n\n\n<div style=\"height:24px\" aria-hidden=\"true\" class=\"wp-block-spacer\"><\/div>\n\n\n\n<p>On peut citer trois processus tr\u00e8s utilis\u00e9s, la teinture sur soie, l&#8217;impression sur soie et le tissage fa\u00e7onn\u00e9 ou jacquard de fil de soie. <\/p>\n\n\n\n<p><strong>La teinture <\/strong>est l&#8217;action de d\u00e9poser un colorant sur un tissu de soie \u00e9cru. Les mousselines de soie, les satins de soie sont souvent utilis\u00e9 pour la teinture, de merveilleuses et subtiles couleurs sont ainsi r\u00e9alis\u00e9es.<\/p>\n\n\n\n<p><strong>L&#8217;impression sur soie<\/strong> est l&#8217;action de poser multiple couleurs (colorant) sous forme d&#8217;un motif, il existe plusieurs techniques d&#8217;impression sur soie comme l&#8217;impression au cadre, l&#8217;impression rotative,  l&#8217;impression num\u00e9rique&#8230;<\/p>\n\n\n\n<p><strong>Le tissage fa\u00e7onn\u00e9<\/strong> qu&#8217;on appelle aujourd&#8217;hui le tissage Jacquard permet de cr\u00e9er les motifs par l&#8217;entrecroisement perpendiculaire des fils de trame et des fils de chaine. Le dessin est cr\u00e9\u00e9 dans le tissage. Cette technique est utilis\u00e9e le plus souvent avec des fils de couleurs, pour obtenir des effets et des motifs color\u00e9s et relief\u00e9s . Sachez que Joseph Marie Jacquard, h\u00e9ritier de la tradition lyonnaise du tissage a donn\u00e9 son nom \u00e0 cette technique par l&#8217;invention d&#8217;une m\u00e9canique innovante de programmation simplifiant la fabrication. <\/p>\n\n\n\n<div style=\"height:50px\" aria-hidden=\"true\" class=\"wp-block-spacer\"><\/div>\n\n\n\n<figure class=\"wp-block-gallery has-nested-images columns-default is-cropped wp-block-gallery-5 is-layout-flex wp-block-gallery-is-layout-flex\">\n<figure class=\"wp-block-image size-full\"><a href=\"https:\/\/www.lafabriquedecharpe.fr\/art-foulard-soie-homme-rouge-charles-336.htm\"><img decoding=\"async\" width=\"600\" height=\"600\" data-id=\"2657\" src=\"https:\/\/www.lafabriquedecharpe.fr\/blog\/wp-content\/uploads\/2026\/03\/ar-foulard-soie-homme-charles-vert-kaki-340_607.png\" alt=\"\" class=\"wp-image-2657\" srcset=\"https:\/\/www.lafabriquedecharpe.fr\/blog\/wp-content\/uploads\/2026\/03\/ar-foulard-soie-homme-charles-vert-kaki-340_607.png 600w, https:\/\/www.lafabriquedecharpe.fr\/blog\/wp-content\/uploads\/2026\/03\/ar-foulard-soie-homme-charles-vert-kaki-340_607-300x300.png 300w, https:\/\/www.lafabriquedecharpe.fr\/blog\/wp-content\/uploads\/2026\/03\/ar-foulard-soie-homme-charles-vert-kaki-340_607-150x150.png 150w\" sizes=\"(max-width: 600px) 100vw, 600px\" \/><\/a><figcaption class=\"wp-element-caption\">Echarpe soie Jacquard<\/figcaption><\/figure>\n\n\n\n<figure class=\"wp-block-image size-large\"><a href=\"https:\/\/www.lafabriquedecharpe.fr\/art-echarpe-soie-imprimee-pois-grise-950.htm\"><img decoding=\"async\" width=\"500\" height=\"500\" data-id=\"639\" src=\"https:\/\/www.lafabriquedecharpe.fr\/blog\/wp-content\/uploads\/2023\/02\/ar-echarpe-soie-imprimee-pois-grise-950-2.png\" alt=\"\" class=\"wp-image-639\" srcset=\"https:\/\/www.lafabriquedecharpe.fr\/blog\/wp-content\/uploads\/2023\/02\/ar-echarpe-soie-imprimee-pois-grise-950-2.png 500w, https:\/\/www.lafabriquedecharpe.fr\/blog\/wp-content\/uploads\/2023\/02\/ar-echarpe-soie-imprimee-pois-grise-950-2-300x300.png 300w, https:\/\/www.lafabriquedecharpe.fr\/blog\/wp-content\/uploads\/2023\/02\/ar-echarpe-soie-imprimee-pois-grise-950-2-150x150.png 150w\" sizes=\"(max-width: 500px) 100vw, 500px\" \/><\/a><figcaption class=\"wp-element-caption\">Echarpe soie imprim\u00e9e<\/figcaption><\/figure>\n\n\n\n<figure class=\"wp-block-image size-large\"><a href=\"https:\/\/www.lafabriquedecharpe.fr\/art-echarpe-mousseline-soie-unie-rose-orchidee-917.htm\"><img decoding=\"async\" width=\"500\" height=\"500\" data-id=\"635\" src=\"https:\/\/www.lafabriquedecharpe.fr\/blog\/wp-content\/uploads\/2023\/02\/ar-echarpe-mousseline-soie-unie-rose-orchidee-917_1920.png\" alt=\"\" class=\"wp-image-635\" srcset=\"https:\/\/www.lafabriquedecharpe.fr\/blog\/wp-content\/uploads\/2023\/02\/ar-echarpe-mousseline-soie-unie-rose-orchidee-917_1920.png 500w, https:\/\/www.lafabriquedecharpe.fr\/blog\/wp-content\/uploads\/2023\/02\/ar-echarpe-mousseline-soie-unie-rose-orchidee-917_1920-300x300.png 300w, https:\/\/www.lafabriquedecharpe.fr\/blog\/wp-content\/uploads\/2023\/02\/ar-echarpe-mousseline-soie-unie-rose-orchidee-917_1920-150x150.png 150w\" sizes=\"(max-width: 500px) 100vw, 500px\" \/><\/a><figcaption class=\"wp-element-caption\">Echarpe soie teinte<\/figcaption><\/figure>\n<\/figure>\n\n\n\n<div style=\"height:24px\" aria-hidden=\"true\" class=\"wp-block-spacer\"><\/div>\n\n\n\n<h2 class=\"wp-block-heading\">Les petits inconv\u00e9nients de la soie<\/h2>\n\n\n\n<div style=\"height:26px\" aria-hidden=\"true\" class=\"wp-block-spacer\"><\/div>\n\n\n\n<p>Cette fibre ne supporte pas tr\u00e8s bien les agressions chimiques comme la transpiration, les parfums et d\u00e9odorants et certaines lessives. Il faut donc prendre quelques pr\u00e9cautions lors de son entretien. Elle est aussi sensible aux brassages r\u00e9p\u00e9t\u00e9s, ne la mettez pas dans votre tambour de machine \u00e0 laver; les frottements, les froissages peuvent provoquer des cassures irr\u00e9m\u00e9diables sur les tissus de soie. Mais vous pouvez la laver d\u00e9licatement \u00e0 la main au savon de Marseille et \u00e0 basse temp\u00e9rature.<\/p>\n\n\n\n<p>Un autre inconv\u00e9nient est son prix, vous n&#8217;\u00eates pas sans savoir que le processus de fabrication de ce tissu est long et laborieux. Un nombre important d&#8217;\u00e9tapes doit \u00eatre r\u00e9alis\u00e9 ce qui justifie son prix\u2026. On peut citer quelques \u00e9tapes importantes : l&#8217;\u00e9levage des vers \u00e0 soie avec la plantation de m\u00fbriers: la s\u00e9riculture. Ensuite le tirage du fil \u00e0 partir des cocons, le filage, le d\u00e9creusage, le tissage, la teinture ou l&#8217;impression. <\/p>\n\n\n\n<div style=\"height:30px\" aria-hidden=\"true\" class=\"wp-block-spacer\"><\/div>\n\n\n\n<figure class=\"wp-block-image size-large\"><img decoding=\"async\" width=\"1024\" height=\"626\" src=\"https:\/\/www.lafabriquedecharpe.fr\/blog\/wp-content\/uploads\/2023\/02\/Photo-foulard-en-soie-2-1024x626.jpg\" alt=\"\" class=\"wp-image-642\" srcset=\"https:\/\/www.lafabriquedecharpe.fr\/blog\/wp-content\/uploads\/2023\/02\/Photo-foulard-en-soie-2-1024x626.jpg 1024w, https:\/\/www.lafabriquedecharpe.fr\/blog\/wp-content\/uploads\/2023\/02\/Photo-foulard-en-soie-2-300x183.jpg 300w, https:\/\/www.lafabriquedecharpe.fr\/blog\/wp-content\/uploads\/2023\/02\/Photo-foulard-en-soie-2-768x470.jpg 768w, https:\/\/www.lafabriquedecharpe.fr\/blog\/wp-content\/uploads\/2023\/02\/Photo-foulard-en-soie-2-1536x939.jpg 1536w, https:\/\/www.lafabriquedecharpe.fr\/blog\/wp-content\/uploads\/2023\/02\/Photo-foulard-en-soie-2-2048x1253.jpg 2048w\" sizes=\"(max-width: 1024px) 100vw, 1024px\" \/><figcaption class=\"wp-element-caption\">Foulard en soie imprim\u00e9<\/figcaption><\/figure>\n\n\n\n<h2 class=\"wp-block-heading\">L&#8217;\u00e9charpe en soie, un accessoire de mode luxueux<\/h2>\n\n\n\n<div style=\"height:20px\" aria-hidden=\"true\" class=\"wp-block-spacer\"><\/div>\n\n\n\n<p>La r\u00e9putation de la soie en tant que mati\u00e8re luxueuse est n\u00e9e de son toucher incomparablement doux et de son aspect satin\u00e9 et ce depuis la Chine ancienne. Outre toutes ses qualit\u00e9s et propri\u00e9t\u00e9s \u00e9num\u00e9r\u00e9es ci-dessus, porter une \u00e9charpe en soie est aujourd&#8217;hui synonyme de luxe. La soie est une mati\u00e8re noble et chic. Une \u00e9charpe ou un foulard en soie apporte toujours \u00e0 votre look une touche de charme, de glamour. Avec des motifs, des rayures ou m\u00eame unie, une \u00e9charpe en soie illuminera votre tenue. Vous pourrez la porter quelque soit votre activit\u00e9, quelque soit la saison\u2026.<\/p>\n\n\n\n<div style=\"height:36px\" aria-hidden=\"true\" class=\"wp-block-spacer\"><\/div>\n\n\n\n<h2 class=\"wp-block-heading\">L&#8217;\u00e9charpe en soie, un accessoire de mode tendance et mixte<\/h2>\n\n\n\n<div style=\"height:28px\" aria-hidden=\"true\" class=\"wp-block-spacer\"><\/div>\n\n\n\n<p>De tout temps, porter une \u00e9charpe en soie a plusieurs avantages. L&#8217;\u00e9charpe ou le foulard en soie est un accessoire de mode tr\u00e8s tendance. A chaque collection , Automne\/Hiver ou Printemps\/Et\u00e9, les stylistes cr\u00e9ent des nouveaux dessins qu&#8217;ils d\u00e9clinent dans des colorations originales et adapt\u00e9es \u00e0 la mode. C&#8217;est \u00e9galement un accessoire mixte qui peut \u00eatre porter aussi bien par les hommes que par les femmes. Pour les hommes, vous choisirez une \u00e9toffe plus lourde alors que les femmes se permettront des mousselines douces et a\u00e9riennes<\/p>\n\n\n\n<div style=\"height:29px\" aria-hidden=\"true\" class=\"wp-block-spacer\"><\/div>\n\n\n\n<figure class=\"wp-block-gallery has-nested-images columns-default is-cropped wp-block-gallery-7 is-layout-flex wp-block-gallery-is-layout-flex\">\n<figure class=\"wp-block-image size-large\"><img decoding=\"async\" width=\"500\" height=\"500\" data-id=\"630\" src=\"https:\/\/www.lafabriquedecharpe.fr\/blog\/wp-content\/uploads\/2023\/02\/ar-foulard-soie-homme-rouge-charles-336.png\" alt=\"\" class=\"wp-image-630\" srcset=\"https:\/\/www.lafabriquedecharpe.fr\/blog\/wp-content\/uploads\/2023\/02\/ar-foulard-soie-homme-rouge-charles-336.png 500w, https:\/\/www.lafabriquedecharpe.fr\/blog\/wp-content\/uploads\/2023\/02\/ar-foulard-soie-homme-rouge-charles-336-300x300.png 300w, https:\/\/www.lafabriquedecharpe.fr\/blog\/wp-content\/uploads\/2023\/02\/ar-foulard-soie-homme-rouge-charles-336-150x150.png 150w\" sizes=\"(max-width: 500px) 100vw, 500px\" \/><figcaption class=\"wp-element-caption\">foulard soie homme<\/figcaption><\/figure>\n\n\n\n<figure class=\"wp-block-image size-large\"><a href=\"https:\/\/www.lafabriquedecharpe.fr\/art-etole-soie-unie-blanche-515.htm\"><img decoding=\"async\" width=\"500\" height=\"500\" data-id=\"631\" src=\"https:\/\/www.lafabriquedecharpe.fr\/blog\/wp-content\/uploads\/2023\/02\/ar-white-monochrome-women-s-silk-stole-515.png\" alt=\"\" class=\"wp-image-631\" srcset=\"https:\/\/www.lafabriquedecharpe.fr\/blog\/wp-content\/uploads\/2023\/02\/ar-white-monochrome-women-s-silk-stole-515.png 500w, https:\/\/www.lafabriquedecharpe.fr\/blog\/wp-content\/uploads\/2023\/02\/ar-white-monochrome-women-s-silk-stole-515-300x300.png 300w, https:\/\/www.lafabriquedecharpe.fr\/blog\/wp-content\/uploads\/2023\/02\/ar-white-monochrome-women-s-silk-stole-515-150x150.png 150w\" sizes=\"(max-width: 500px) 100vw, 500px\" \/><\/a><figcaption class=\"wp-element-caption\">Foulard soie femme<\/figcaption><\/figure>\n<\/figure>\n\n\n\n<div style=\"height:31px\" aria-hidden=\"true\" class=\"wp-block-spacer\"><\/div>\n\n\n\n<h2 class=\"wp-block-heading\">L&#8217;\u00e9charpe en soie, un cadeau id\u00e9al<\/h2>\n\n\n\n<div style=\"height:20px\" aria-hidden=\"true\" class=\"wp-block-spacer\"><\/div>\n\n\n\n<p>Cet article de luxe constitue un cadeau parfait. Vous aurez un choix important de couleurs et de motifs pour coller au go\u00fbt de tout le monde. Et si vous ne connaissez pas les go\u00fbts de la personne, optez pour des coloris neutres comme le beige, \u00e9cru, marine&#8230;.<\/p>\n\n\n\n<p>Les \u00e9charpes en soie sont tr\u00e8s appr\u00e9ci\u00e9es pour un anniversaire, la f\u00eate des m\u00e8res ou simplement pour faire plaisir !<\/p>\n\n\n\n<div style=\"height:31px\" aria-hidden=\"true\" class=\"wp-block-spacer\"><\/div>\n\n\n\n<h2 class=\"wp-block-heading\">En conclusion<\/h2>\n\n\n\n<p>Porter une \u00e9charpe en soie a beaucoup d&#8217;avantages. Elle permet d&#8217;\u00eatre au contact d&#8217;un tissu merveilleux, rempli de propri\u00e9t\u00e9s plus int\u00e9ressantes les unes que les autres. C&#8217;est une mati\u00e8re luxueuse, \u00e9l\u00e9gante, r\u00e9sistante, confortable en toutes saisons et r\u00e9paratrice pour la peau.<\/p>\n\n\n\n<p>La soie a donc tout vous plaire\u2026 Aussi bien <a href=\"https:\/\/www.lafabriquedecharpe.fr\/cat-les-echarpes-83.htm?matiere=soie&amp;f=1\">les \u00e9charpes ou foulards 100% soie<\/a> que de belles compositions comme <a href=\"https:\/\/www.lafabriquedecharpe.fr\/cat-les-echarpes-83.htm?matiere=laine,soie&amp;f=1&amp;pagenumber=1\">laine\/soie<\/a> ou <a href=\"https:\/\/www.lafabriquedecharpe.fr\/cat-les-echarpes-83.htm?matiere=cachemire,soie&amp;f=1&amp;pagenumber=1\">cachemire\/soie<\/a> !<\/p>\n\n\n\n<div style=\"height:24px\" aria-hidden=\"true\" class=\"wp-block-spacer\"><\/div>\n\n\n\n<figure class=\"wp-block-image size-large\"><a href=\"https:\/\/www.lafabriquedecharpe.fr\/art-duo-de-soie-motif-fleuri-rose-poudre-kaki-1092.htm\"><img decoding=\"async\" width=\"1024\" height=\"626\" src=\"https:\/\/www.lafabriquedecharpe.fr\/blog\/wp-content\/uploads\/2023\/02\/Photo-foulard-en-soie-1024x626.jpg\" alt=\"\" class=\"wp-image-644\" srcset=\"https:\/\/www.lafabriquedecharpe.fr\/blog\/wp-content\/uploads\/2023\/02\/Photo-foulard-en-soie-1024x626.jpg 1024w, https:\/\/www.lafabriquedecharpe.fr\/blog\/wp-content\/uploads\/2023\/02\/Photo-foulard-en-soie-300x183.jpg 300w, https:\/\/www.lafabriquedecharpe.fr\/blog\/wp-content\/uploads\/2023\/02\/Photo-foulard-en-soie-768x470.jpg 768w, https:\/\/www.lafabriquedecharpe.fr\/blog\/wp-content\/uploads\/2023\/02\/Photo-foulard-en-soie-1536x939.jpg 1536w, https:\/\/www.lafabriquedecharpe.fr\/blog\/wp-content\/uploads\/2023\/02\/Photo-foulard-en-soie-2048x1253.jpg 2048w\" sizes=\"(max-width: 1024px) 100vw, 1024px\" \/><\/a><figcaption class=\"wp-element-caption\">Duo de soie <\/figcaption><\/figure>\n","protected":false},"excerpt":{"rendered":"<p>La soie: son histoire, les avantages de la soie, fabrication des tissus de soie, les \u00e9charpes en soie luxe et tendance<\/p>\n","protected":false},"author":3,"featured_media":653,"comment_status":"open","ping_status":"open","sticky":false,"template":"","format":"standard","meta":{"footnotes":""},"categories":[1],"tags":[95,82,31,94,96,93,22],"yoast_head":"<!-- This site is optimized with the Yoast SEO plugin v19.9 - https:\/\/yoast.com\/wordpress\/plugins\/seo\/ -->\n<title>Les avantages de porter une \u00e9charpe en soie -<\/title>\n<meta name=\"description\" content=\"La soie : son histoire, les avantages de porter une \u00e9charpe en soie, fabrication des tissus de soie, les \u00e9charpes en soie luxe et tendance\" \/>\n<meta name=\"robots\" content=\"index, follow, max-snippet:-1, max-image-preview:large, max-video-preview:-1\" \/>\n<link rel=\"canonical\" href=\"https:\/\/www.lafabriquedecharpe.fr\/blog\/les-avantages-de-porter-une-echarpe-en-soie\/\" \/>\n<meta property=\"og:locale\" content=\"fr_FR\" \/>\n<meta property=\"og:type\" content=\"article\" \/>\n<meta property=\"og:title\" content=\"Les avantages de porter une \u00e9charpe en soie -\" \/>\n<meta property=\"og:description\" content=\"La soie : son histoire, les avantages de porter une \u00e9charpe en soie, fabrication des tissus de soie, les \u00e9charpes en soie luxe et tendance\" \/>\n<meta property=\"og:url\" content=\"https:\/\/www.lafabriquedecharpe.fr\/blog\/les-avantages-de-porter-une-echarpe-en-soie\/\" \/>\n<meta property=\"og:site_name\" content=\"La fabrique d&#039;\u00e9charpe\" \/>\n<meta property=\"article:published_time\" content=\"2023-02-24T12:59:23+00:00\" \/>\n<meta property=\"article:modified_time\" content=\"2026-03-12T14:30:06+00:00\" \/>\n<meta property=\"og:image\" content=\"https:\/\/www.lafabriquedecharpe.fr\/blog\/wp-content\/uploads\/2023\/02\/Bandeau-La-soie.jpg\" \/>\n\t<meta property=\"og:image:width\" content=\"2111\" \/>\n\t<meta property=\"og:image:height\" content=\"756\" \/>\n\t<meta property=\"og:image:type\" content=\"image\/jpeg\" \/>\n<meta name=\"author\" content=\"Christine DEGURSE\" \/>\n<meta name=\"twitter:card\" content=\"summary_large_image\" \/>\n<meta name=\"twitter:label1\" content=\"\u00c9crit par\" \/>\n\t<meta name=\"twitter:data1\" content=\"Christine DEGURSE\" \/>\n\t<meta name=\"twitter:label2\" content=\"Dur\u00e9e de lecture estim\u00e9e\" \/>\n\t<meta name=\"twitter:data2\" content=\"10 minutes\" \/>\n<!-- \/ Yoast SEO plugin. -->","yoast_head_json":{"title":"Les avantages de porter une \u00e9charpe en soie -","description":"La soie : son histoire, les avantages de porter une \u00e9charpe en soie, fabrication des tissus de soie, les \u00e9charpes en soie luxe et tendance","robots":{"index":"index","follow":"follow","max-snippet":"max-snippet:-1","max-image-preview":"max-image-preview:large","max-video-preview":"max-video-preview:-1"},"canonical":"https:\/\/www.lafabriquedecharpe.fr\/blog\/les-avantages-de-porter-une-echarpe-en-soie\/","og_locale":"fr_FR","og_type":"article","og_title":"Les avantages de porter une \u00e9charpe en soie -","og_description":"La soie : son histoire, les avantages de porter une \u00e9charpe en soie, fabrication des tissus de soie, les \u00e9charpes en soie luxe et tendance","og_url":"https:\/\/www.lafabriquedecharpe.fr\/blog\/les-avantages-de-porter-une-echarpe-en-soie\/","og_site_name":"La fabrique d&#039;\u00e9charpe","article_published_time":"2023-02-24T12:59:23+00:00","article_modified_time":"2026-03-12T14:30:06+00:00","og_image":[{"width":2111,"height":756,"url":"https:\/\/www.lafabriquedecharpe.fr\/blog\/wp-content\/uploads\/2023\/02\/Bandeau-La-soie.jpg","type":"image\/jpeg"}],"author":"Christine DEGURSE","twitter_card":"summary_large_image","twitter_misc":{"\u00c9crit par":"Christine DEGURSE","Dur\u00e9e de lecture estim\u00e9e":"10 minutes"},"schema":{"@context":"https:\/\/schema.org","@graph":[{"@type":"WebPage","@id":"https:\/\/www.lafabriquedecharpe.fr\/blog\/les-avantages-de-porter-une-echarpe-en-soie\/","url":"https:\/\/www.lafabriquedecharpe.fr\/blog\/les-avantages-de-porter-une-echarpe-en-soie\/","name":"Les avantages de porter une \u00e9charpe en soie -","isPartOf":{"@id":"https:\/\/www.lafabriquedecharpe.fr\/blog\/#website"},"datePublished":"2023-02-24T12:59:23+00:00","dateModified":"2026-03-12T14:30:06+00:00","author":{"@id":"https:\/\/www.lafabriquedecharpe.fr\/blog\/#\/schema\/person\/1c703babc8565e57bc1ca3ba0698dabf"},"description":"La soie : son histoire, les avantages de porter une \u00e9charpe en soie, fabrication des tissus de soie, les \u00e9charpes en soie luxe et tendance","breadcrumb":{"@id":"https:\/\/www.lafabriquedecharpe.fr\/blog\/les-avantages-de-porter-une-echarpe-en-soie\/#breadcrumb"},"inLanguage":"fr-FR","potentialAction":[{"@type":"ReadAction","target":["https:\/\/www.lafabriquedecharpe.fr\/blog\/les-avantages-de-porter-une-echarpe-en-soie\/"]}]},{"@type":"BreadcrumbList","@id":"https:\/\/www.lafabriquedecharpe.fr\/blog\/les-avantages-de-porter-une-echarpe-en-soie\/#breadcrumb","itemListElement":[{"@type":"ListItem","position":1,"name":"Accueil","item":"https:\/\/www.lafabriquedecharpe.fr\/blog\/"},{"@type":"ListItem","position":2,"name":"Les avantages de porter une \u00e9charpe en soie"}]},{"@type":"WebSite","@id":"https:\/\/www.lafabriquedecharpe.fr\/blog\/#website","url":"https:\/\/www.lafabriquedecharpe.fr\/blog\/","name":"La fabrique d&#039;\u00e9charpe","description":"Le blog","potentialAction":[{"@type":"SearchAction","target":{"@type":"EntryPoint","urlTemplate":"https:\/\/www.lafabriquedecharpe.fr\/blog\/?s={search_term_string}"},"query-input":"required name=search_term_string"}],"inLanguage":"fr-FR"},{"@type":"Person","@id":"https:\/\/www.lafabriquedecharpe.fr\/blog\/#\/schema\/person\/1c703babc8565e57bc1ca3ba0698dabf","name":"Christine DEGURSE","image":{"@type":"ImageObject","inLanguage":"fr-FR","@id":"https:\/\/www.lafabriquedecharpe.fr\/blog\/#\/schema\/person\/image\/","url":"https:\/\/secure.gravatar.com\/avatar\/e41c40d8cae9026978cb106fc14af946?s=96&d=mm&r=g","contentUrl":"https:\/\/secure.gravatar.com\/avatar\/e41c40d8cae9026978cb106fc14af946?s=96&d=mm&r=g","caption":"Christine DEGURSE"},"url":"https:\/\/www.lafabriquedecharpe.fr\/blog\/author\/christine-degursewanadoo-fr\/"}]}},"_links":{"self":[{"href":"https:\/\/www.lafabriquedecharpe.fr\/blog\/wp-json\/wp\/v2\/posts\/623"}],"collection":[{"href":"https:\/\/www.lafabriquedecharpe.fr\/blog\/wp-json\/wp\/v2\/posts"}],"about":[{"href":"https:\/\/www.lafabriquedecharpe.fr\/blog\/wp-json\/wp\/v2\/types\/post"}],"author":[{"embeddable":true,"href":"https:\/\/www.lafabriquedecharpe.fr\/blog\/wp-json\/wp\/v2\/users\/3"}],"replies":[{"embeddable":true,"href":"https:\/\/www.lafabriquedecharpe.fr\/blog\/wp-json\/wp\/v2\/comments?post=623"}],"version-history":[{"count":12,"href":"https:\/\/www.lafabriquedecharpe.fr\/blog\/wp-json\/wp\/v2\/posts\/623\/revisions"}],"predecessor-version":[{"id":2659,"href":"https:\/\/www.lafabriquedecharpe.fr\/blog\/wp-json\/wp\/v2\/posts\/623\/revisions\/2659"}],"wp:featuredmedia":[{"embeddable":true,"href":"https:\/\/www.lafabriquedecharpe.fr\/blog\/wp-json\/wp\/v2\/media\/653"}],"wp:attachment":[{"href":"https:\/\/www.lafabriquedecharpe.fr\/blog\/wp-json\/wp\/v2\/media?parent=623"}],"wp:term":[{"taxonomy":"category","embeddable":true,"href":"https:\/\/www.lafabriquedecharpe.fr\/blog\/wp-json\/wp\/v2\/categories?post=623"},{"taxonomy":"post_tag","embeddable":true,"href":"https:\/\/www.lafabriquedecharpe.fr\/blog\/wp-json\/wp\/v2\/tags?post=623"}],"curies":[{"name":"wp","href":"https:\/\/api.w.org\/{rel}","templated":true}]}}